{"id":24420,"date":"2025-08-26T11:52:15","date_gmt":"2025-08-26T14:52:15","guid":{"rendered":"https:\/\/www.sportchaco.com.ar\/?p=24420"},"modified":"2025-08-26T11:52:15","modified_gmt":"2025-08-26T14:52:15","slug":"eben-de-vedia-atraviesa-un-proceso-de-transformaciones-edilicias-y-deportivas","status":"publish","type":"post","link":"https:\/\/www.sportchaco.com.ar\/?p=24420","title":{"rendered":"EBEN de Vedia atraviesa un proceso de transformaciones edilicias y deportivas"},"content":{"rendered":"<p><strong>26-08-2025<\/strong><\/p>\n<p><img loading=\"lazy\" decoding=\"async\" class=\"aligncenter size-large wp-image-19109\" src=\"https:\/\/www.sportchaco.com.ar\/wp-content\/uploads\/2025\/05\/720x90-1024x128.gif\" alt=\"\" width=\"1024\" height=\"128\" srcset=\"https:\/\/www.sportchaco.com.ar\/wp-content\/uploads\/2025\/05\/720x90-1024x128.gif 1024w, https:\/\/www.sportchaco.com.ar\/wp-content\/uploads\/2025\/05\/720x90-300x38.gif 300w, https:\/\/www.sportchaco.com.ar\/wp-content\/uploads\/2025\/05\/720x90-768x96.gif 768w, https:\/\/www.sportchaco.com.ar\/wp-content\/uploads\/2025\/05\/720x90-1536x192.gif 1536w, https:\/\/www.sportchaco.com.ar\/wp-content\/uploads\/2025\/05\/720x90-2048x257.gif 2048w\" sizes=\"auto, (max-width: 1024px) 100vw, 1024px\" \/><\/p>\n<p>El club EBEN de Vedia viene trabajando y compitiendo en los torneos locales organizados por la Asociaci\u00f3n de B\u00e1squet del Nordeste Chaque\u00f1o (ABNCH) en las categor\u00edas U13 (femenino y masculino), U15 (femenino y masculino), U17 (masculino) y Primera masculino y femenino, donde para remarcar que este a\u00f1o empez\u00f3 a trabajar el equipo de Maxi35 masculino con tambi\u00e9n proyecto de Maxi 42 masculino.<\/p>\n<p>\u201cEste arranque del a\u00f1o pudimos ir a competir al torneo la Asociaci\u00f3n de B\u00e1squet de Resistencia (ABR) con el U15 y U17 femenino, donde las chicas u17 se pudieron consagrar campeonas, logrando as\u00ed mucho prestigio para nuestro pueblo ya que nunca se hab\u00eda logrado un campeonato en ninguna categor\u00eda en competencias oficiales\u201d, expres\u00f3 el profesor de EBEN de Vedia Alejandro Acu\u00f1a, quien junto a Javier Esp\u00edndola y Magal\u00ed Robledo conforman el equipo de profesores de la instituci\u00f3n deportiva.<\/p>\n<figure class=\"wp-block-image size-full\"><a href=\"https:\/\/baskettotal.com.ar\/wp-content\/uploads\/2025\/08\/1000736787.jpg\"><img loading=\"lazy\" decoding=\"async\" class=\"lazy wp-image-28331 lazy-loaded\" src=\"https:\/\/baskettotal.com.ar\/wp-content\/uploads\/2025\/08\/1000736787.jpg\" sizes=\"auto, (max-width: 585px) 100vw, 585px\" srcset=\"https:\/\/baskettotal.com.ar\/wp-content\/uploads\/2025\/08\/1000736787.jpg 585w, https:\/\/baskettotal.com.ar\/wp-content\/uploads\/2025\/08\/1000736787-225x300.jpg 225w\" alt=\"\" width=\"585\" height=\"780\" data-lazy-type=\"image\" data-lazy-src=\"https:\/\/baskettotal.com.ar\/wp-content\/uploads\/2025\/08\/1000736787.jpg\" data-lazy-srcset=\"https:\/\/baskettotal.com.ar\/wp-content\/uploads\/2025\/08\/1000736787.jpg 585w, https:\/\/baskettotal.com.ar\/wp-content\/uploads\/2025\/08\/1000736787-225x300.jpg 225w\" data-lazy-sizes=\"(max-width: 585px) 100vw, 585px\" \/><\/a><\/figure>\n<p>Por otra parte, desde EBEN de Vedia se destac\u00f3 y agradeci\u00f3 el acompa\u00f1amiento del Municipio de General Vedia y su intendente Jos\u00e9 Liras, con el transporte y otros gastos que conlleva hacer 100 kil\u00f3metros todos los fines de semana para ir a competir a la Capital de la provincia.<\/p>\n<p><strong>SEGUNDO SEMESTRE<\/strong><br \/>\nPara esta segunda parte del a\u00f1o EBEN pudo incorporar una profesoras \u2013 estudiante de la carrera Educaci\u00f3n F\u00edsica, como un buen avance para el club, que a esta altura del a\u00f1o cuenta con m\u00e1s de 100 deportistas desde Mosquitos a Maxi35, acompa\u00f1ados por 3 profesores.<\/p>\n<p>\u201cComo objetivos para el segundo semestre el club buscar incorporarse a la torneo ABR tambi\u00e9n en la rama masculina, precisamente U15 masculino, donde cuenta con una buena camada de chicos en un buen nivel mostrado ya hace m\u00e1s de un a\u00f1o en el torneo local\u201d, destac\u00f3 el profesor Acu\u00f1a.<\/p>\n<p>En tanto que en la Primera masculino se ingres\u00f3 a competir al Torneo de Integraci\u00f3n Chaque\u00f1a (TICHB) donde se busca experiencia, un equipo con promedio de edad de 22\/23 a\u00f1os y tambi\u00e9n cuenta con el apoyo del Municipio de General Vedia para el transporte y otros aportes a la hora de los partidos.<\/p>\n<figure class=\"wp-block-image size-full\"><a href=\"https:\/\/baskettotal.com.ar\/wp-content\/uploads\/2025\/08\/1000736785.jpg\"><img loading=\"lazy\" decoding=\"async\" class=\"lazy wp-image-28332 lazy-loaded\" src=\"https:\/\/baskettotal.com.ar\/wp-content\/uploads\/2025\/08\/1000736785.jpg\" sizes=\"auto, (max-width: 798px) 100vw, 798px\" srcset=\"https:\/\/baskettotal.com.ar\/wp-content\/uploads\/2025\/08\/1000736785.jpg 798w, https:\/\/baskettotal.com.ar\/wp-content\/uploads\/2025\/08\/1000736785-300x293.jpg 300w, https:\/\/baskettotal.com.ar\/wp-content\/uploads\/2025\/08\/1000736785-768x751.jpg 768w\" alt=\"\" width=\"798\" height=\"780\" data-lazy-type=\"image\" data-lazy-src=\"https:\/\/baskettotal.com.ar\/wp-content\/uploads\/2025\/08\/1000736785.jpg\" data-lazy-srcset=\"https:\/\/baskettotal.com.ar\/wp-content\/uploads\/2025\/08\/1000736785.jpg 798w, https:\/\/baskettotal.com.ar\/wp-content\/uploads\/2025\/08\/1000736785-300x293.jpg 300w, https:\/\/baskettotal.com.ar\/wp-content\/uploads\/2025\/08\/1000736785-768x751.jpg 768w\" data-lazy-sizes=\"(max-width: 798px) 100vw, 798px\" \/><\/a><\/figure>\n<p>Otro objetivo claro para el club es un viaje ya encaminado hacia la provincia de Misiones (Capiov\u00ed) en categor\u00edas Minib\u00e1squet y U13. \u201cTambi\u00e9n contamos con una cancha propia (Predio Anselmo Gauto) donde tambi\u00e9n este a\u00f1o se pudo concretar con construcciones como Buffet, arreglos de sanitarios y un sue\u00f1o claro para lo que viene que es el cerrado con muro alrededor de la cancha y arreglo de tribunas\u201d, finaliz\u00f3 Acu\u00f1a.<\/p>\n<p><img loading=\"lazy\" decoding=\"async\" class=\"aligncenter size-full wp-image-19354\" src=\"https:\/\/www.sportchaco.com.ar\/wp-content\/uploads\/2025\/05\/BANNER-WEB-Qdenga-250x250-1.gif\" alt=\"\" width=\"521\" height=\"521\" \/><\/p>\n","protected":false},"excerpt":{"rendered":"<p>26-08-2025 El club EBEN de Vedia viene trabajando y compitiendo en los torneos locales organizados por la Asociaci\u00f3n de B\u00e1squet del Nordeste Chaque\u00f1o (ABNCH) en las categor\u00edas U13 (femenino y masculino), U15 (femenino y masculino), U17 (masculino) y Primera masculino y femenino, donde para remarcar que este a\u00f1o empez\u00f3 a trabajar el equipo de Maxi35 &hellip;<\/p>\n","protected":false},"author":3,"featured_media":24421,"comment_status":"open","ping_status":"open","sticky":false,"template":"","format":"standard","meta":{"footnotes":""},"categories":[44],"tags":[],"class_list":["post-24420","post","type-post","status-publish","format-standard","has-post-thumbnail","hentry","category-varios"],"_links":{"self":[{"href":"https:\/\/www.sportchaco.com.ar\/index.php?rest_route=\/wp\/v2\/posts\/24420","targetHints":{"allow":["GET"]}}],"collection":[{"href":"https:\/\/www.sportchaco.com.ar\/index.php?rest_route=\/wp\/v2\/posts"}],"about":[{"href":"https:\/\/www.sportchaco.com.ar\/index.php?rest_route=\/wp\/v2\/types\/post"}],"author":[{"embeddable":true,"href":"https:\/\/www.sportchaco.com.ar\/index.php?rest_route=\/wp\/v2\/users\/3"}],"replies":[{"embeddable":true,"href":"https:\/\/www.sportchaco.com.ar\/index.php?rest_route=%2Fwp%2Fv2%2Fcomments&post=24420"}],"version-history":[{"count":1,"href":"https:\/\/www.sportchaco.com.ar\/index.php?rest_route=\/wp\/v2\/posts\/24420\/revisions"}],"predecessor-version":[{"id":24422,"href":"https:\/\/www.sportchaco.com.ar\/index.php?rest_route=\/wp\/v2\/posts\/24420\/revisions\/24422"}],"wp:featuredmedia":[{"embeddable":true,"href":"https:\/\/www.sportchaco.com.ar\/index.php?rest_route=\/wp\/v2\/media\/24421"}],"wp:attachment":[{"href":"https:\/\/www.sportchaco.com.ar\/index.php?rest_route=%2Fwp%2Fv2%2Fmedia&parent=24420"}],"wp:term":[{"taxonomy":"category","embeddable":true,"href":"https:\/\/www.sportchaco.com.ar\/index.php?rest_route=%2Fwp%2Fv2%2Fcategories&post=24420"},{"taxonomy":"post_tag","embeddable":true,"href":"https:\/\/www.sportchaco.com.ar\/index.php?rest_route=%2Fwp%2Fv2%2Ftags&post=24420"}],"curies":[{"name":"wp","href":"https:\/\/api.w.org\/{rel}","templated":true}]}}