{"id":24458,"date":"2025-08-27T22:57:10","date_gmt":"2025-08-28T01:57:10","guid":{"rendered":"https:\/\/www.sportchaco.com.ar\/?p=24458"},"modified":"2025-08-28T11:07:04","modified_gmt":"2025-08-28T14:07:04","slug":"efemerides-del-28-de-agosto","status":"publish","type":"post","link":"https:\/\/www.sportchaco.com.ar\/?p=24458","title":{"rendered":"Efem\u00e9rides del 28 de agosto"},"content":{"rendered":"<div class=\"container fullwidth-entry-title-wrapper\">\n<div class=\"container-wrapper fullwidth-entry-title\">\n<header class=\"entry-header-outer\">\n<div class=\"entry-header\">\n<div class=\"single-post-meta post-meta clearfix\"><\/div>\n<\/div>\n<\/header>\n<\/div>\n<\/div>\n<div id=\"content\" class=\"site-content container\">\n<div id=\"main-content-row\" class=\"tie-row main-content-row\">\n<div class=\"main-content tie-col-md-8 tie-col-xs-12\" role=\"main\">\n<article id=\"the-post\" class=\"container-wrapper post-content tie-standard\">\n<div class=\"featured-area\">\n<div class=\"featured-area-inner\"><\/div>\n<\/div>\n<div class=\"entry-content entry clearfix\">\n<p>&nbsp;<\/p>\n<h4><strong>Esta es la Efem\u00e9rides del Deporte en el Chaco de un 28 de agosto periodista Luis Dar\u00edo Molodezky.<\/strong><\/h4>\n<h4><strong>\u00a0<\/strong><\/h4>\n<p style=\"text-align: center;\"><img loading=\"lazy\" decoding=\"async\" class=\"alignnone size-medium wp-image-24136\" src=\"https:\/\/www.sportchaco.com.ar\/wp-content\/uploads\/2024\/08\/Luis-Dario-11-08-2025-7-300x208.jpeg\" alt=\"\" width=\"300\" height=\"208\" srcset=\"https:\/\/www.sportchaco.com.ar\/wp-content\/uploads\/2024\/08\/Luis-Dario-11-08-2025-7-300x208.jpeg 300w, https:\/\/www.sportchaco.com.ar\/wp-content\/uploads\/2024\/08\/Luis-Dario-11-08-2025-7-1024x710.jpeg 1024w, https:\/\/www.sportchaco.com.ar\/wp-content\/uploads\/2024\/08\/Luis-Dario-11-08-2025-7-768x532.jpeg 768w, https:\/\/www.sportchaco.com.ar\/wp-content\/uploads\/2024\/08\/Luis-Dario-11-08-2025-7-1536x1065.jpeg 1536w, https:\/\/www.sportchaco.com.ar\/wp-content\/uploads\/2024\/08\/Luis-Dario-11-08-2025-7.jpeg 1600w\" sizes=\"auto, (max-width: 300px) 100vw, 300px\" \/><\/p>\n<p>&nbsp;<\/p>\n<p><strong>1921\u00a0<\/strong>\/ Un grupo entusiasta de calificados vecinos de la ciudad de Resistencia, funda el Aero Club Chaco, que con el correr de los a\u00f1os ser\u00eda parte misma de la historia de esta joven provincia. Se design\u00f3 presidente de la primera comisi\u00f3n directiva al teniente coronel Tom\u00e1s S\u00e1nchez de Bustamante. Funciona durante muchos a\u00f1os en el predio de Las Heras y Castelli, hasta su traslado a la Ruta 11, a 30 km.<\/p>\n<p><strong>1939\u00a0<\/strong>\/ Nace en Barranqueras el extraordinario noqueador Ram\u00f3n La Cruz, quien realiz\u00f3 137 combates en el campo rentado, con 104 victorias, 62 KO; 14 derrotas, 1 por KO y 19 empates. Fue campe\u00f3n argentino y sudamericano de los welters, y combati\u00f3 por el t\u00edtulo mundial perdiendo por puntos ante Curtis Cookes en Nueva Orle\u00e1ns, luego de sacarse el hombro en el primer asalto. Falleci\u00f3 el 21 de diciembre del 2023.<\/p>\n<p><strong>1946 \/<\/strong>\u00a0Nace en Resistencia Jos\u00e9 Germ\u00e1n L\u00f3pez, destacado dirigente del ciclismo chaque\u00f1o, a trav\u00e9s del Club Ferm\u00edn Hidalgo, entidad que organiz\u00f3 importantes competencias en nuestra provincia, provocando un crecimiento de la actividad.<\/p>\n<p><strong>1983\u00a0<\/strong>\/ En su 64\u00ba Aniversario, el Aero Club Chaco inaugura su sede social, hangar y pista en sus nuevas instalaciones de ruta 11 kil\u00f3metro 975, a 30 kil\u00f3metros de la ciudad de Resistencia. Tiene una pista de 1.000 metros de tierra compactada, con un ancho de 50 metros.<\/p>\n<p><strong>2022 \/<\/strong>\u00a0Central Ben\u00edtez logra el ascenso a la primera divisi\u00f3n de la Liga Chaque\u00f1a, tres fechas antes de finalizar el torneo, tras imponerse por 2 a 0 a Los L\u00edricos, El plantel fue dirigido por Ariel Canizini, quien ya llevara a la m\u00e1xima categor\u00eda a San Mart\u00edn MB (2007) y salv\u00f3 a Cune en las promociones 2010, 15 y 16.\u00a0 Adem\u00e1s con el equipo de Margarita Bel\u00e9n obtuvo el Apertura y Oficial 2008 y el Clausura 2012<\/p>\n<p><strong><em>\u00a0<\/em><\/strong><\/p>\n<p><strong>Foto portada de Ram\u00f3n La Cruz en 1970 tras la victoria ante Esteban Osuna.\u00a0<\/strong><\/p>\n<p>&nbsp;<\/p>\n<h4>Efem\u00e9rides m\u00e1s destacadas de la provincia del Chaco para el <b>28 de agosto<\/b>:<\/h4>\n<hr \/>\n<ul>\n<li><b>1932:<\/b> Se crea el <b>Club de Regatas Resistencia<\/b>, una de las instituciones deportivas m\u00e1s importantes de la provincia, famosa por su desarrollo de deportes acu\u00e1ticos y ser un centro social y recreativo clave.<\/li>\n<li><b>1949:<\/b> Se funda el <b>Club Social y Deportivo Fontana<\/b>, conocido popularmente como \u00abEl Taninero\u00bb, una de las instituciones de f\u00fatbol m\u00e1s emblem\u00e1ticas del Gran Resistencia.<\/li>\n<li><b>1982:<\/b> Se inaugura oficialmente la <b>Casa del Chaco en Buenos Aires<\/b>, una delegaci\u00f3n que representa a la provincia y promueve sus actividades culturales, econ\u00f3micas y sociales en la capital del pa\u00eds.<\/li>\n<li><b>2006:<\/b> Se pone en marcha la construcci\u00f3n del <b>Acueducto del Bicentenario<\/b>, una de las obras de infraestructura m\u00e1s importantes para el suministro de agua potable en el interior de la provincia.<\/li>\n<li><b>2015:<\/b> Fallece el artista pl\u00e1stico <b>Efra\u00edn Colombo<\/b>, una figura fundamental del arte chaque\u00f1o, conocido por sus esculturas y su papel en el movimiento cultural de la regi\u00f3n.<br \/>\n<h4>Efem\u00e9rides m\u00e1s destacadas de la historia argentina para el <b>28 de agosto<\/b>:<\/h4>\n<hr \/>\n<ul>\n<li><b>1845:<\/b> Nace en Buenos Aires el escritor y periodista <b>Florencio Varela<\/b>, una figura clave del periodismo opositor al r\u00e9gimen de Juan Manuel de Rosas. Fue asesinado en Montevideo.<\/li>\n<li><b>1918:<\/b> Nace en la Ciudad de Buenos Aires <b>Juan Alberto Bad\u00eda<\/b>, uno de los locutores y presentadores de radio y televisi\u00f3n m\u00e1s influyentes y queridos de la Argentina.<\/li>\n<li><b>1929:<\/b> Nace en Villa Mar\u00eda, C\u00f3rdoba, el reconocido m\u00fasico y director de orquesta <b>Enrique \u00abMono\u00bb Villegas<\/b>, una de las figuras m\u00e1s importantes del jazz en el pa\u00eds.<\/li>\n<li><b>1930:<\/b> Muere en la Ciudad de Buenos Aires el expresidente <b>Hip\u00f3lito Yrigoyen<\/b>, l\u00edder de la Uni\u00f3n C\u00edvica Radical y una de las figuras pol\u00edticas m\u00e1s influyentes de la historia argentina.<\/li>\n<li><b>1938:<\/b> Se sanciona en Argentina la <b>Ley de Propiedad Intelectual (Ley 11.723)<\/b>, que protege los derechos de autor de obras literarias, cient\u00edficas y art\u00edsticas.<\/li>\n<li><b>1959:<\/b> Se crea el <b>Instituto Nacional de Tecnolog\u00eda Agropecuaria (INTA)<\/b>, una instituci\u00f3n fundamental para el desarrollo de la ciencia y la tecnolog\u00eda en el sector agropecuario del pa\u00eds.<\/li>\n<li><b>1963:<\/b> Nace en La Plata el m\u00fasico y compositor <b>Ricardo Mollo<\/b>, l\u00edder de las bandas Divididos y Sumo, y una de las figuras m\u00e1s destacadas del rock nacional.<\/li>\n<li><b>1969:<\/b> La banda de rock <b>Almendra<\/b>, liderada por Luis Alberto Spinetta, da su primer concierto en el Teatro Coliseo de Buenos Aires, un evento clave para el inicio del rock argentino.<\/li>\n<li><b>1982:<\/b> Se inaugura en la ciudad de Buenos Aires el <b>Centro Cultural Recoleta<\/b>, un espacio art\u00edstico y cultural de gran relevancia en la ciudad.<br \/>\n<h4>Efem\u00e9rides internacionales m\u00e1s destacadas de la historia para el <b>28 de agosto<\/b>:<\/h4>\n<hr \/>\n<ul>\n<li><b>1845:<\/b> La revista cient\u00edfica estadounidense <b>Scientific American<\/b> publica su primera edici\u00f3n.<\/li>\n<li><b>1859:<\/b> Nace en Canad\u00e1 <b>Laura Muntz Lyall<\/b>, una de las pintoras impresionistas m\u00e1s destacadas del pa\u00eds.<\/li>\n<li><b>1922:<\/b> La <b>BBC<\/b> (British Broadcasting Company) realiza su primera transmisi\u00f3n de radio en el Reino Unido.<\/li>\n<li><b>1963:<\/b> El l\u00edder afroamericano <b>Martin Luther King Jr.<\/b> pronuncia su famoso discurso <b>\u00abI Have a Dream\u00bb<\/b> (\u00abYo tengo un sue\u00f1o\u00bb) en Washington D.C., durante la marcha por los derechos civiles.<\/li>\n<li><b>1964:<\/b> <b>The Beatles<\/b> se presentan por primera vez en vivo en el Forest Hills Stadium de Nueva York.<\/li>\n<li><b>1990:<\/b> El m\u00fasico de rock <b>Stevie Ray Vaughan<\/b> fallece en un accidente de helic\u00f3ptero a los 35 a\u00f1os, dejando un legado imborrable en la historia de la guitarra el\u00e9ctrica.<\/li>\n<li><b>2007:<\/b> Un equipo de cient\u00edficos de la NASA descubre que el planeta enano <b>Plut\u00f3n<\/b> tiene un sat\u00e9lite natural, una luna a la que llamaron <b>Nix<\/b>.<\/li>\n<li><b>2019:<\/b> El gobierno de M\u00e9xico anuncia la <b>legalizaci\u00f3n del uso de la marihuana<\/b> con fines recreativos y cient\u00edficos.<\/li>\n<\/ul>\n<\/li>\n<\/ul>\n<\/li>\n<\/ul>\n<\/div>\n<\/article>\n<\/div>\n<\/div>\n<\/div>\n","protected":false},"excerpt":{"rendered":"<p>&nbsp; Esta es la Efem\u00e9rides del Deporte en el Chaco de un 28 de agosto periodista Luis Dar\u00edo Molodezky. \u00a0 &nbsp; 1921\u00a0\/ Un grupo entusiasta de calificados vecinos de la ciudad de Resistencia, funda el Aero Club Chaco, que con el correr de los a\u00f1os ser\u00eda parte misma de la historia de esta joven provincia. &hellip;<\/p>\n","protected":false},"author":2,"featured_media":24459,"comment_status":"open","ping_status":"open","sticky":false,"template":"","format":"standard","meta":{"footnotes":""},"categories":[38,45],"tags":[],"class_list":["post-24458","post","type-post","status-publish","format-standard","has-post-thumbnail","hentry","category-agosto","category-efemerides-dia-por-dia"],"_links":{"self":[{"href":"https:\/\/www.sportchaco.com.ar\/index.php?rest_route=\/wp\/v2\/posts\/24458","targetHints":{"allow":["GET"]}}],"collection":[{"href":"https:\/\/www.sportchaco.com.ar\/index.php?rest_route=\/wp\/v2\/posts"}],"about":[{"href":"https:\/\/www.sportchaco.com.ar\/index.php?rest_route=\/wp\/v2\/types\/post"}],"author":[{"embeddable":true,"href":"https:\/\/www.sportchaco.com.ar\/index.php?rest_route=\/wp\/v2\/users\/2"}],"replies":[{"embeddable":true,"href":"https:\/\/www.sportchaco.com.ar\/index.php?rest_route=%2Fwp%2Fv2%2Fcomments&post=24458"}],"version-history":[{"count":2,"href":"https:\/\/www.sportchaco.com.ar\/index.php?rest_route=\/wp\/v2\/posts\/24458\/revisions"}],"predecessor-version":[{"id":24461,"href":"https:\/\/www.sportchaco.com.ar\/index.php?rest_route=\/wp\/v2\/posts\/24458\/revisions\/24461"}],"wp:featuredmedia":[{"embeddable":true,"href":"https:\/\/www.sportchaco.com.ar\/index.php?rest_route=\/wp\/v2\/media\/24459"}],"wp:attachment":[{"href":"https:\/\/www.sportchaco.com.ar\/index.php?rest_route=%2Fwp%2Fv2%2Fmedia&parent=24458"}],"wp:term":[{"taxonomy":"category","embeddable":true,"href":"https:\/\/www.sportchaco.com.ar\/index.php?rest_route=%2Fwp%2Fv2%2Fcategories&post=24458"},{"taxonomy":"post_tag","embeddable":true,"href":"https:\/\/www.sportchaco.com.ar\/index.php?rest_route=%2Fwp%2Fv2%2Ftags&post=24458"}],"curies":[{"name":"wp","href":"https:\/\/api.w.org\/{rel}","templated":true}]}}