{"id":24465,"date":"2025-08-27T18:55:25","date_gmt":"2025-08-27T21:55:25","guid":{"rendered":"https:\/\/www.sportchaco.com.ar\/?p=24465"},"modified":"2025-08-27T18:59:45","modified_gmt":"2025-08-27T21:59:45","slug":"central-norte-gano-y-mantiene-intacta-su-iluson","status":"publish","type":"post","link":"https:\/\/www.sportchaco.com.ar\/?p=24465","title":{"rendered":"Central Norte gan\u00f3 y mantiene intacta su ilusi\u00f3n"},"content":{"rendered":"<p><strong>27-08-2025<\/strong><\/p>\n<p><img loading=\"lazy\" decoding=\"async\" class=\"aligncenter wp-image-20491 size-full\" src=\"https:\/\/www.sportchaco.com.ar\/wp-content\/uploads\/2025\/06\/PARQUE-SOLAR_720x90-01.gif\" alt=\"\" width=\"720\" height=\"90\" \/><\/p>\n<p>En el cierre de la 20\u00aa fecha del Apertura de Primera Divisi\u00f3n de la Liga Chaque\u00f1a, Central Norte le gan\u00f3 a\u00a0 Deportivo Itat\u00ed y qued\u00f3 como escolta de Deportivo Luj\u00e1n a tan solo un punto.<\/p>\n<p>Fue 3 a 1 en el \u00abcoqueto\u00bb de las avenidas por los goles de Nahuel Ferreyra, Pablo Cravero y David Moreno; hab\u00eda puesto en ventaja al equipo de la villa, Eber Ram\u00edrez.<\/p>\n<p>La \u00faltima fecha del torneo se disputar\u00e1 el fin de semana y los tres partidos que definir\u00e1n el t\u00edtulo ir\u00e1n el domingo.<\/p>\n<p>Deportivo Luj\u00e1n justamente jugar\u00e1 ante Deportivo Itat\u00ed en cancha de Bancarios; Central Norte ir\u00e1 ante Tiro FC en cancha de Resistencia Central y Estudiantes ser\u00e1 local ante CUNE.<\/p>\n<p><strong>TORNEO APERTURA \u00abAM\u00c9RICO MAZZAFERRO\u00bb<br \/>\n<\/strong><b>TODA LA 20\u00aa FECHA<br \/>\nViernes 22-08<br \/>\n<\/b>Bancarios 0 \u2013 Indep. Tirol 1<br \/>\nDon Orione 2 \u2013 Sarmiento 0<b><\/b><b><\/b><\/p>\n<p><b>Domingo 24-08<br \/>\n<\/b>Villa Alvear 0 \u2013 Rcia. Central 3<br \/>\n<b><\/b><\/p>\n<p><b>Martes 26-08<\/b><br \/>\nCUNE 0 \u2013 For Ever 2, en C. E. de Comercio<br \/>\nDep. Luj\u00e1n 3 \u2013 Fontana 1<br \/>\nRegional 3 \u2013 Tiro FC 1<br \/>\nSan Mart\u00edn (MB) 2 \u2013 Policiales 0<br \/>\nJuventud 2 \u2013 El Nacional 1<br \/>\nCentral Ben\u00edtez 0 \u2013 Estudiantes 0<br \/>\nDefensores 3 \u2013 Municipal (MB) 0<\/p>\n<p><strong>Mi\u00e9rcoles 27-08<\/strong><br \/>\nCentral Norte 3 \u2013 Dep. Itat\u00ed 1<\/p>\n<p><strong>Pr\u00f3xima fecha (20\u00aa \u2013 \u00faltima)<br \/>\nS\u00e1bado 30-08<\/strong><br \/>\nA las 15:30, Policiales \u2013 Regional, en V\u00e9lez<br \/>\nA las 15:30, Fontana \u2013 Don Orione<br \/>\nA las 15:30, Indep. Tirol \u2013 San Mart\u00edn (MB)<br \/>\nA las 15:30, Sarmiento \u2013 Juventud<br \/>\nA las 15:30, For Ever \u2013 Defensores, en Estudiantes<br \/>\nA las 15:30, Rcia. Central \u2013 Bancarios<br \/>\nA las 15:30, Municipal (MB) \u2013 Villa Alvear<br \/>\nA las 16, El Nacional \u2013 Central Ben\u00edtez, en Bancarios<\/p>\n<p><strong>Domingo 31-08<\/strong><br \/>\nA las 15:30, Dep. Itat\u00ed \u2013 Deportivo Luj\u00e1n, en Bancarios<br \/>\nA las 15:30, Tiro FC \u2013 Central Norte, en Rcia. Central<br \/>\nA las 15:30, Estudiantes \u2013 CUNE<\/p>\n<p><strong>POSICIONES<\/strong><br \/>\nDep. Luj\u00e1n 43<br \/>\nCentral Norte 42<br \/>\nEstudiantes 41<br \/>\nDefensores 38<br \/>\nRcia. Central 35<br \/>\nFontana 34<br \/>\nSan Mart\u00edn (MB) 33<br \/>\nDon Orione 32<br \/>\nPoliciales 31<br \/>\nRegional 31<br \/>\nFor Ever 26<br \/>\nCentral Ben\u00edtez 25<br \/>\nJuventud 25<br \/>\nDep. Itat\u00ed 24<br \/>\nBancarios 22<br \/>\nSarmiento 22<br \/>\nTiro FC 20<br \/>\nEl Nacional 19<br \/>\nIndep. Tirol 19<br \/>\nCUNE 17<br \/>\nVilla Alvear 14<br \/>\nMunicipal (MB) 11<\/p>\n<p><strong><em>Foto: Gentileza \u00abpanchito\u00bb Gural\u00a0<\/em><\/strong><\/p>\n<p><img loading=\"lazy\" decoding=\"async\" class=\"aligncenter wp-image-20405 size-full\" src=\"https:\/\/www.sportchaco.com.ar\/wp-content\/uploads\/2025\/06\/BANNER-WEB-CHACO-JUEGA_300x250-1.gif\" alt=\"\" width=\"626\" height=\"522\" \/><\/p>\n","protected":false},"excerpt":{"rendered":"<p>27-08-2025 En el cierre de la 20\u00aa fecha del Apertura de Primera Divisi\u00f3n de la Liga Chaque\u00f1a, Central Norte le gan\u00f3 a\u00a0 Deportivo Itat\u00ed y qued\u00f3 como escolta de Deportivo Luj\u00e1n a tan solo un punto. Fue 3 a 1 en el \u00abcoqueto\u00bb de las avenidas por los goles de Nahuel Ferreyra, Pablo Cravero y &hellip;<\/p>\n","protected":false},"author":3,"featured_media":24467,"comment_status":"open","ping_status":"open","sticky":false,"template":"","format":"standard","meta":{"footnotes":""},"categories":[5],"tags":[],"class_list":["post-24465","post","type-post","status-publish","format-standard","has-post-thumbnail","hentry","category-futbol"],"_links":{"self":[{"href":"https:\/\/www.sportchaco.com.ar\/index.php?rest_route=\/wp\/v2\/posts\/24465","targetHints":{"allow":["GET"]}}],"collection":[{"href":"https:\/\/www.sportchaco.com.ar\/index.php?rest_route=\/wp\/v2\/posts"}],"about":[{"href":"https:\/\/www.sportchaco.com.ar\/index.php?rest_route=\/wp\/v2\/types\/post"}],"author":[{"embeddable":true,"href":"https:\/\/www.sportchaco.com.ar\/index.php?rest_route=\/wp\/v2\/users\/3"}],"replies":[{"embeddable":true,"href":"https:\/\/www.sportchaco.com.ar\/index.php?rest_route=%2Fwp%2Fv2%2Fcomments&post=24465"}],"version-history":[{"count":2,"href":"https:\/\/www.sportchaco.com.ar\/index.php?rest_route=\/wp\/v2\/posts\/24465\/revisions"}],"predecessor-version":[{"id":24469,"href":"https:\/\/www.sportchaco.com.ar\/index.php?rest_route=\/wp\/v2\/posts\/24465\/revisions\/24469"}],"wp:featuredmedia":[{"embeddable":true,"href":"https:\/\/www.sportchaco.com.ar\/index.php?rest_route=\/wp\/v2\/media\/24467"}],"wp:attachment":[{"href":"https:\/\/www.sportchaco.com.ar\/index.php?rest_route=%2Fwp%2Fv2%2Fmedia&parent=24465"}],"wp:term":[{"taxonomy":"category","embeddable":true,"href":"https:\/\/www.sportchaco.com.ar\/index.php?rest_route=%2Fwp%2Fv2%2Fcategories&post=24465"},{"taxonomy":"post_tag","embeddable":true,"href":"https:\/\/www.sportchaco.com.ar\/index.php?rest_route=%2Fwp%2Fv2%2Ftags&post=24465"}],"curies":[{"name":"wp","href":"https:\/\/api.w.org\/{rel}","templated":true}]}}