{"id":24493,"date":"2025-08-29T00:17:32","date_gmt":"2025-08-29T03:17:32","guid":{"rendered":"https:\/\/www.sportchaco.com.ar\/?p=24493"},"modified":"2025-08-29T00:17:16","modified_gmt":"2025-08-29T03:17:16","slug":"efemerides-del-29-de-agosto-2","status":"publish","type":"post","link":"https:\/\/www.sportchaco.com.ar\/?p=24493","title":{"rendered":"Efem\u00e9rides del 29 de agosto"},"content":{"rendered":"<div class=\"container fullwidth-entry-title-wrapper\">\n<div class=\"container-wrapper fullwidth-entry-title\">\n<header class=\"entry-header-outer\">\n<div class=\"entry-header\">\n<h1 class=\"post-title entry-title\"><\/h1>\n<div class=\"single-post-meta post-meta clearfix\"><\/div>\n<\/div>\n<\/header>\n<\/div>\n<\/div>\n<div id=\"content\" class=\"site-content container\">\n<div id=\"main-content-row\" class=\"tie-row main-content-row\">\n<div class=\"main-content tie-col-md-8 tie-col-xs-12\" role=\"main\">\n<article id=\"the-post\" class=\"container-wrapper post-content tie-standard\">\n<div class=\"featured-area\">\n<div class=\"featured-area-inner\"><\/div>\n<\/div>\n<div class=\"entry-content entry clearfix\">\n<h5><strong>Esta es la Efem\u00e9rides del Deporte en el Chaco de un 29 de agosto periodista Luis Dar\u00edo Molodezky.<\/strong><\/h5>\n<p><img loading=\"lazy\" decoding=\"async\" class=\"size-medium wp-image-24494 aligncenter\" src=\"https:\/\/www.sportchaco.com.ar\/wp-content\/uploads\/2025\/08\/Luis-Dario-11-08-2025-3-1-226x300.jpeg\" alt=\"\" width=\"226\" height=\"300\" srcset=\"https:\/\/www.sportchaco.com.ar\/wp-content\/uploads\/2025\/08\/Luis-Dario-11-08-2025-3-1-226x300.jpeg 226w, https:\/\/www.sportchaco.com.ar\/wp-content\/uploads\/2025\/08\/Luis-Dario-11-08-2025-3-1-771x1024.jpeg 771w, https:\/\/www.sportchaco.com.ar\/wp-content\/uploads\/2025\/08\/Luis-Dario-11-08-2025-3-1-768x1021.jpeg 768w, https:\/\/www.sportchaco.com.ar\/wp-content\/uploads\/2025\/08\/Luis-Dario-11-08-2025-3-1-1156x1536.jpeg 1156w, https:\/\/www.sportchaco.com.ar\/wp-content\/uploads\/2025\/08\/Luis-Dario-11-08-2025-3-1.jpeg 1204w\" sizes=\"auto, (max-width: 226px) 100vw, 226px\" \/><\/p>\n<\/div>\n<p>&nbsp;<\/p>\n<div class=\"entry-content entry clearfix\">\n<p><strong>1942\u00a0<\/strong>\/ Un grupo de j\u00f3venes entusiastas de la Acci\u00f3n Cat\u00f3lica, liderados por el padre Juan Ibertoski, fueron convocados para integrar un equipo para representar a la parroquia de \u201cLa Inmaculada Concepci\u00f3n\u201d de Barranqueras en un partido a realizarse en Itat\u00ed. Aquel equipo llevar\u00eda el nombre de Don Orione y su primera camiseta, por propuesta de Don Julio Arbu\u00e9s, que era hincha de independiente, ser\u00eda roja con la inscripci\u00f3n \u201cOrione\u201d bordada en el pecho. Algunos de los integrantes de aquel equipo como Pepe Lestani, Eleuterio Gonz\u00e1lez y el mismo Julio Arbu\u00e9s ya ven\u00edan participando en campeonatos interbarriales en un equipo llamado \u201cLagunita F\u00fatbol Club\u201d.<\/p>\n<p><strong>1946\u00a0<\/strong>\/ Se funda el Club Deportivo \u201cSanta Roga\u201d en el Paraje El Palmar, por un grupo de abor\u00edgenes que viven al sur de Resistencia. Su principal animador es el cacique Antonio G\u00f3mez y Lino Ramos como capit\u00e1n del equipo de f\u00fatbol, contando con un modesto campo de juego \u201cubicado a dos kil\u00f3metros de La Liguria, cerca del almac\u00e9n propiedad de Zacar\u00edas \u00c1lvarez\u201d.<\/p>\n<p><strong>2022 \/<\/strong>\u00a0Fallece a los 67 a\u00f1os el ex piloto de automovilismo y chasista de karting Francisco Pelado Zafra.\u00a0 Fe piloto de F\u00f3rmula Chaque\u00f1a y su experiencia la traslad\u00f3 a los karting como preparador. Amantes de los fierros, las motos y los Ford Falc\u00f3n, donde volc\u00f3 su pasi\u00f3n deportiva, Su padre Antonio, fue el primer intendente de la democracia recuperada en S\u00e1enz Pe\u00f1a en 1983.<\/p>\n<p>&nbsp;<\/p>\n<p><strong>Foto portada del Pelado Zafra junto a su F\u00f3rmula Chaque\u00f1a.<\/strong><\/p>\n<\/div>\n<p>&nbsp;<\/p>\n<h3>En Argentina<\/h3>\n<p>&nbsp;<\/p>\n<p>&nbsp;<\/p>\n<ul>\n<li><b>1949:<\/b> Se funda el <b>Club Atl\u00e9tico Uni\u00f3n de Santa Fe<\/b>, una de las instituciones de f\u00fatbol m\u00e1s tradicionales y con gran trayectoria en la Primera Divisi\u00f3n argentina.<\/li>\n<li><b>1991:<\/b> Nace en C\u00f3rdoba el futbolista <b>Paulo Dybala<\/b>, reconocido jugador de la Selecci\u00f3n Argentina y con una exitosa carrera en clubes europeos como la Juventus y la Roma.<\/li>\n<\/ul>\n<h4><strong>Provincia del Chaco\u00a0<\/strong><\/h4>\n<hr \/>\n<ul>\n<li><b>1916:<\/b> Se funda en la localidad de Charata la <b>Escuela Primaria N.\u00ba 58<\/b>, una de las instituciones educativas m\u00e1s antiguas de la zona, que marc\u00f3 el inicio del sistema educativo formal en la regi\u00f3n.<\/li>\n<li><b>1925:<\/b> Se inaugura en Resistencia la primera sucursal del <b>Banco de la Naci\u00f3n Argentina<\/b>, un hito fundamental para el desarrollo econ\u00f3mico y comercial de la provincia.<\/li>\n<li><b>1940:<\/b> Nace en la ciudad de S\u00e1enz Pe\u00f1a el artista pl\u00e1stico <b>V\u00edctor Giubergia<\/b>, una figura importante del arte contempor\u00e1neo chaque\u00f1o.<\/li>\n<li><b>1985:<\/b> La provincia del Chaco es declarada <b>Zona de Desastre Econ\u00f3mico y Social<\/b> debido a las severas inundaciones que afectaron a gran parte de su territorio, causando graves p\u00e9rdidas en la producci\u00f3n agr\u00edcola y la infraestructura.<\/li>\n<\/ul>\n<h3>Nacionales<\/h3>\n<ul>\n<li><b>D\u00eda del Abogado:<\/b> Se conmemora el nacimiento de <b>Juan Bautista Alberdi<\/b> en 1810, un jurista y pol\u00edtico cuya labor sent\u00f3 las bases legales para el desarrollo de diversas instituciones en Argentina, incluyendo las deportivas.<\/li>\n<\/ul>\n<ul>\n<li><b>1918:<\/b>\u00a0Nace\u00a0<b>Juan Alberto Bad\u00eda<\/b>, locutor y presentador de televisi\u00f3n que, si bien es conocido por su trabajo en la m\u00fasica, tambi\u00e9n tuvo un rol fundamental en el periodismo deportivo.<\/li>\n<\/ul>\n<ul>\n<li><b>1982:<\/b> Se inaugura oficialmente el <b>Estadio Monumental<\/b> de Buenos Aires, el hogar del Club Atl\u00e9tico River Plate y el estadio m\u00e1s grande del pa\u00eds.<\/li>\n<li><b>1959:<\/b> Se crea el <b>Instituto Nacional de Tecnolog\u00eda Agropecuaria (INTA)<\/b>. Aunque no es una instituci\u00f3n deportiva, ha tenido un gran impacto en el desarrollo de disciplinas ecuestres y rurales en el pa\u00eds.<\/li>\n<\/ul>\n<h3>En Argentina<\/h3>\n<p>&nbsp;<\/p>\n<p>&nbsp;<\/p>\n<ul>\n<li><b>D\u00eda del Abogado:<\/b> Se celebra en conmemoraci\u00f3n del nacimiento de <b>Juan Bautista Alberdi<\/b> en 1810, uno de los pensadores y juristas m\u00e1s influyentes de la historia argentina.<\/li>\n<li><b>1810:<\/b> Nace <b>Juan Bautista Alberdi<\/b>, abogado, jurista, pol\u00edtico, diplom\u00e1tico, escritor y el principal autor intelectual de la Constituci\u00f3n Argentina de 1853.<\/li>\n<li><b>1949:<\/b> Se funda el <b>Club Atl\u00e9tico Uni\u00f3n de Santa Fe<\/b>, una de las instituciones deportivas m\u00e1s importantes de la provincia.<\/li>\n<li><b>1963:<\/b> Nace en Rosario el cantante y compositor <b>Fito P\u00e1ez<\/b>, una de las figuras m\u00e1s importantes y prol\u00edficas del rock nacional.<\/li>\n<li><b>1991:<\/b> Nace en Buenos Aires el futbolista <b>Paulo Dybala<\/b>, reconocido jugador de la selecci\u00f3n argentina y de clubes europeos como la Juventus y la Roma.<\/li>\n<\/ul>\n<p>&nbsp;<\/p>\n<h3>En el mundo<\/h3>\n<p>&nbsp;<\/p>\n<ul>\n<li><b>D\u00eda Internacional contra los Ensayos Nucleares:<\/b> Establecido por la ONU para concienciar sobre los efectos devastadores de las pruebas nucleares y la necesidad de su eliminaci\u00f3n.<\/li>\n<li><b>1958:<\/b> Nace en Los \u00c1ngeles, California, el cantante y compositor <b>Michael Jackson<\/b>, conocido como el \u00abRey del Pop\u00bb y uno de los artistas m\u00e1s influyentes de la historia.<\/li>\n<li><b>1987:<\/b> El m\u00fasico estadounidense <b>Bob Dylan<\/b> da su primer concierto en el Madison Square Garden de Nueva York, marcando su regreso a los escenarios.<\/li>\n<li><b>1997:<\/b> Netflix, la popular plataforma de streaming, se funda como una empresa de alquiler de DVD por correo en Scotts Valley, California.<\/li>\n<li><b>2005:<\/b> El <b>Hurac\u00e1n Katrina<\/b> golpea la costa sur de Estados Unidos, causando una de las peores cat\u00e1strofes naturales en la historia del pa\u00eds.<\/li>\n<li><b>2012:<\/b> Se estrena la pel\u00edcula <b>\u00abThe Dark Knight Rises\u00bb<\/b>, la \u00faltima entrega de la trilog\u00eda de Batman dirigida por Christopher Nolan.<\/li>\n<\/ul>\n<\/article>\n<\/div>\n<\/div>\n<\/div>\n","protected":false},"excerpt":{"rendered":"<p>Esta es la Efem\u00e9rides del Deporte en el Chaco de un 29 de agosto periodista Luis Dar\u00edo Molodezky. &nbsp; 1942\u00a0\/ Un grupo de j\u00f3venes entusiastas de la Acci\u00f3n Cat\u00f3lica, liderados por el padre Juan Ibertoski, fueron convocados para integrar un equipo para representar a la parroquia de \u201cLa Inmaculada Concepci\u00f3n\u201d de Barranqueras en un partido &hellip;<\/p>\n","protected":false},"author":2,"featured_media":24495,"comment_status":"open","ping_status":"open","sticky":false,"template":"","format":"standard","meta":{"footnotes":""},"categories":[38,45],"tags":[],"class_list":["post-24493","post","type-post","status-publish","format-standard","has-post-thumbnail","hentry","category-agosto","category-efemerides-dia-por-dia"],"_links":{"self":[{"href":"https:\/\/www.sportchaco.com.ar\/index.php?rest_route=\/wp\/v2\/posts\/24493","targetHints":{"allow":["GET"]}}],"collection":[{"href":"https:\/\/www.sportchaco.com.ar\/index.php?rest_route=\/wp\/v2\/posts"}],"about":[{"href":"https:\/\/www.sportchaco.com.ar\/index.php?rest_route=\/wp\/v2\/types\/post"}],"author":[{"embeddable":true,"href":"https:\/\/www.sportchaco.com.ar\/index.php?rest_route=\/wp\/v2\/users\/2"}],"replies":[{"embeddable":true,"href":"https:\/\/www.sportchaco.com.ar\/index.php?rest_route=%2Fwp%2Fv2%2Fcomments&post=24493"}],"version-history":[{"count":3,"href":"https:\/\/www.sportchaco.com.ar\/index.php?rest_route=\/wp\/v2\/posts\/24493\/revisions"}],"predecessor-version":[{"id":24507,"href":"https:\/\/www.sportchaco.com.ar\/index.php?rest_route=\/wp\/v2\/posts\/24493\/revisions\/24507"}],"wp:featuredmedia":[{"embeddable":true,"href":"https:\/\/www.sportchaco.com.ar\/index.php?rest_route=\/wp\/v2\/media\/24495"}],"wp:attachment":[{"href":"https:\/\/www.sportchaco.com.ar\/index.php?rest_route=%2Fwp%2Fv2%2Fmedia&parent=24493"}],"wp:term":[{"taxonomy":"category","embeddable":true,"href":"https:\/\/www.sportchaco.com.ar\/index.php?rest_route=%2Fwp%2Fv2%2Fcategories&post=24493"},{"taxonomy":"post_tag","embeddable":true,"href":"https:\/\/www.sportchaco.com.ar\/index.php?rest_route=%2Fwp%2Fv2%2Ftags&post=24493"}],"curies":[{"name":"wp","href":"https:\/\/api.w.org\/{rel}","templated":true}]}}