{"id":24502,"date":"2025-08-28T11:33:17","date_gmt":"2025-08-28T14:33:17","guid":{"rendered":"https:\/\/www.sportchaco.com.ar\/?p=24502"},"modified":"2025-08-28T12:29:26","modified_gmt":"2025-08-28T15:29:26","slug":"hercules-y-accion-abren-la-fecha-del-pre-federal","status":"publish","type":"post","link":"https:\/\/www.sportchaco.com.ar\/?p=24502","title":{"rendered":"H\u00e9rcules y Acci\u00f3n abren la fecha del Pre-Federal"},"content":{"rendered":"<p><strong>28-08-2025<\/strong><\/p>\n<p><img loading=\"lazy\" decoding=\"async\" class=\"aligncenter size-large wp-image-20490\" src=\"https:\/\/www.sportchaco.com.ar\/wp-content\/uploads\/2025\/06\/728x90-1-1024x127.gif\" alt=\"\" width=\"1024\" height=\"127\" srcset=\"https:\/\/www.sportchaco.com.ar\/wp-content\/uploads\/2025\/06\/728x90-1-1024x127.gif 1024w, https:\/\/www.sportchaco.com.ar\/wp-content\/uploads\/2025\/06\/728x90-1-300x37.gif 300w, https:\/\/www.sportchaco.com.ar\/wp-content\/uploads\/2025\/06\/728x90-1-768x96.gif 768w\" sizes=\"auto, (max-width: 1024px) 100vw, 1024px\" \/><\/p>\n<p>El torneo provincial de mayores \u201cPre-Federal 2025\u201d tendr\u00e1 este jueves el duelo de H\u00e9rcules y Acci\u00f3n, que pondr\u00e1 en marcha la tercera fecha.<\/p>\n<p>El partido se disputar\u00e1 en el estadio \u201cazulgrana\u201d de Charata a partir de las 21:30, con arbitraje de Lucas T\u00e9vez y Franco Terjes, y Alejandra Moreno de comisionada t\u00e9cnica. El resto de la jornada se disputar\u00e1 \u00edntegramente el viernes.<\/p>\n<p>Los del sudoeste vienen de obtener una categ\u00f3rica victoria sobre Regatas por 102 a 69, luego del mal paso en Resistencia frente a Don Bosco (81-74) en el arranque del campeonato; mientras que el conjunto de S\u00e1enz Pe\u00f1a llega a este compromiso con sendas derrotas frente a Cultural de Santa Sylvina (96-73) y Social de Las Bre\u00f1as (85-82).<\/p>\n<p>Cumplidas dos fechas, la Zona \u201cA\u201d es comandada por Cultural; y en la Zona \u201cB\u201d mandan los villangelenses Alvear y Uni\u00f3n Progresista, en todos los casos con puntaje ideal.<\/p>\n<p><strong>Partidos y autoridades<br \/>\nTODA LA 3\u00aa FECHA<\/strong><br \/>\n<strong>ZONA \u201cA\u201d<\/strong><br \/>\n<strong>Jueves 28-08<\/strong><br \/>\nA las 21:30, H\u00e9rcules (Ch) &#8211; Acci\u00f3n (SP)<br \/>\n<strong>Jueces:<\/strong> Lucas T\u00e9vez y Franco Terjes<br \/>\n<strong>Comisionada t\u00e9cnica:<\/strong> Alejandra Moreno<\/p>\n<p><strong>Viernes 29-08<\/strong><br \/>\nA las 22, Regatas (R) &#8211; Don Bosco (R)<br \/>\n<strong>Jueces:<\/strong> Diego Acu\u00f1a y Nicol\u00e1s Zapata<br \/>\n<strong>Comisionada t\u00e9cnica<\/strong>: Daniela Kessler<\/p>\n<p>A las 22, Social (LB) &#8211; Cultural (SS)<br \/>\n<strong>Jueces:<\/strong> Iv\u00e1n Huck y Carlos Galarza<br \/>\n<strong>Comisionada t\u00e9cnica:<\/strong> Araceli Ag\u00fcero<\/p>\n<p><strong>ZONA \u201cB\u201d<\/strong><br \/>\n<strong>Viernes 29-08<\/strong><br \/>\nA las 21:30, Don Orione (B) &#8211; Hind\u00fa (R)<br \/>\n<strong>Jueces:<\/strong> Enzo Zamprogno y Juli\u00e1n Ch\u00e1vez<br \/>\n<strong>Comisionada t\u00e9cnica:<\/strong> Cynthia Cardozo<\/p>\n<p>A las 21:30, Juventud VC (R) &#8211; Progresista (VA)<br \/>\n<strong>Jueces:<\/strong> Gustavo Ch\u00e1vez y Flavio Moreira<br \/>\n<strong>Comisionada t\u00e9cnica:<\/strong> Carolina Ferrer<\/p>\n<p>A las 22, Alvear (VA) vs. Asoc. Espa\u00f1ola (Ch)<br \/>\n<strong>Jueces:<\/strong> Sebasti\u00e1n Vasallo y Cristian Pogonza<br \/>\n<strong>Comisionado t\u00e9cnico:<\/strong> Alejandro Acosta<\/p>\n<p><strong>POSICIONES<\/strong><br \/>\n<strong>Zona A<\/strong><br \/>\nCultural 4<br \/>\nH\u00e9rcules 3<br \/>\nSocial 3<br \/>\nDon Bosco 3<br \/>\nRegatas 3<br \/>\nAcci\u00f3n 2<\/p>\n<p><strong>Zona B<\/strong><br \/>\nAlvear 4<br \/>\nProgresista 4<br \/>\nEspa\u00f1ola 3<br \/>\nDon Orione 3<br \/>\nJuventud VC 2<br \/>\nHind\u00fa 2<\/p>\n<p><em><strong>Foto: Eco Deportivo<\/strong><\/em><br \/>\n<em><strong>Fuente: Prensa Federaci\u00f3n Chaque\u00f1a de B\u00e1squetbol<\/strong><\/em><\/p>\n<p><img loading=\"lazy\" decoding=\"async\" class=\"aligncenter size-full wp-image-20254\" src=\"https:\/\/www.sportchaco.com.ar\/wp-content\/uploads\/2025\/06\/Campo-200x200-03.gif\" alt=\"\" width=\"417\" height=\"417\" \/><\/p>\n","protected":false},"excerpt":{"rendered":"<p>28-08-2025 El torneo provincial de mayores \u201cPre-Federal 2025\u201d tendr\u00e1 este jueves el duelo de H\u00e9rcules y Acci\u00f3n, que pondr\u00e1 en marcha la tercera fecha. El partido se disputar\u00e1 en el estadio \u201cazulgrana\u201d de Charata a partir de las 21:30, con arbitraje de Lucas T\u00e9vez y Franco Terjes, y Alejandra Moreno de comisionada t\u00e9cnica. El resto &hellip;<\/p>\n","protected":false},"author":2,"featured_media":24509,"comment_status":"open","ping_status":"open","sticky":false,"template":"","format":"standard","meta":{"footnotes":""},"categories":[3],"tags":[],"class_list":["post-24502","post","type-post","status-publish","format-standard","has-post-thumbnail","hentry","category-basquetbol"],"_links":{"self":[{"href":"https:\/\/www.sportchaco.com.ar\/index.php?rest_route=\/wp\/v2\/posts\/24502","targetHints":{"allow":["GET"]}}],"collection":[{"href":"https:\/\/www.sportchaco.com.ar\/index.php?rest_route=\/wp\/v2\/posts"}],"about":[{"href":"https:\/\/www.sportchaco.com.ar\/index.php?rest_route=\/wp\/v2\/types\/post"}],"author":[{"embeddable":true,"href":"https:\/\/www.sportchaco.com.ar\/index.php?rest_route=\/wp\/v2\/users\/2"}],"replies":[{"embeddable":true,"href":"https:\/\/www.sportchaco.com.ar\/index.php?rest_route=%2Fwp%2Fv2%2Fcomments&post=24502"}],"version-history":[{"count":4,"href":"https:\/\/www.sportchaco.com.ar\/index.php?rest_route=\/wp\/v2\/posts\/24502\/revisions"}],"predecessor-version":[{"id":24511,"href":"https:\/\/www.sportchaco.com.ar\/index.php?rest_route=\/wp\/v2\/posts\/24502\/revisions\/24511"}],"wp:featuredmedia":[{"embeddable":true,"href":"https:\/\/www.sportchaco.com.ar\/index.php?rest_route=\/wp\/v2\/media\/24509"}],"wp:attachment":[{"href":"https:\/\/www.sportchaco.com.ar\/index.php?rest_route=%2Fwp%2Fv2%2Fmedia&parent=24502"}],"wp:term":[{"taxonomy":"category","embeddable":true,"href":"https:\/\/www.sportchaco.com.ar\/index.php?rest_route=%2Fwp%2Fv2%2Fcategories&post=24502"},{"taxonomy":"post_tag","embeddable":true,"href":"https:\/\/www.sportchaco.com.ar\/index.php?rest_route=%2Fwp%2Fv2%2Ftags&post=24502"}],"curies":[{"name":"wp","href":"https:\/\/api.w.org\/{rel}","templated":true}]}}