{"id":24525,"date":"2025-08-28T23:18:31","date_gmt":"2025-08-29T02:18:31","guid":{"rendered":"https:\/\/www.sportchaco.com.ar\/?p=24525"},"modified":"2025-08-28T23:18:31","modified_gmt":"2025-08-29T02:18:31","slug":"las-chicas-completaran-la-fecha-quince","status":"publish","type":"post","link":"https:\/\/www.sportchaco.com.ar\/?p=24525","title":{"rendered":"Las chicas completar\u00e1n la fecha quince"},"content":{"rendered":"<p><strong>28-08-2025<\/strong><\/p>\n<p><img loading=\"lazy\" decoding=\"async\" class=\"aligncenter wp-image-11424 size-large\" src=\"https:\/\/www.sportchaco.com.ar\/wp-content\/uploads\/2024\/07\/gob-salud-fijo-marzo-1024x171.jpg\" sizes=\"auto, (max-width: 1024px) 100vw, 1024px\" srcset=\"https:\/\/www.sportchaco.com.ar\/wp-content\/uploads\/2024\/07\/gob-salud-fijo-marzo-1024x171.jpg 1024w, https:\/\/www.sportchaco.com.ar\/wp-content\/uploads\/2024\/07\/gob-salud-fijo-marzo-300x50.jpg 300w, https:\/\/www.sportchaco.com.ar\/wp-content\/uploads\/2024\/07\/gob-salud-fijo-marzo-768x128.jpg 768w, https:\/\/www.sportchaco.com.ar\/wp-content\/uploads\/2024\/07\/gob-salud-fijo-marzo.jpg 1200w\" alt=\"\" width=\"1024\" height=\"171\" \/><\/p>\n<p>El torneo Apertura femenino de la Liga Chaque\u00f1a se pondr\u00e1 al d\u00eda con la 15\u00aa fecha que solo pudo disputar tres encuentros el fin de semana por las lluvias. Todos los partidos ir\u00e1n el domingo.<\/p>\n<p><b>TORNEO APERTURA<br \/>\n<\/b><b>TODA LA 15\u00aa FECHA<\/b><br \/>\nRegional 0 \u2013 Villa Alvear 2<br \/>\nDefensores 1 \u2013 C. E. de Comercio 0<br \/>\nSarmiento 1 \u2013 Parque Independencia 2<\/p>\n<p><strong>Domingo 31-08<\/strong><br \/>\nA las 8:30, V\u00e9lez \u2013 Don Orione<br \/>\nA las 10, Uni\u00f3n del Sur \u2013 Chaco Hebr\u00f3n<br \/>\nA las 10, Indep. Tirol \u2013 Bariloche FC<br \/>\nA las 10:30, Anunciaci\u00f3n \u2013 For Ever, en V\u00e9lez<br \/>\nA las 16, San Fernando \u2013 Dep. Luj\u00e1n<\/p>\n<p><strong>Libre:<\/strong>\u00a0Atlas del Sur<\/p>\n<p><b>POSICIONES<\/b><em><br \/>\n<\/em>Villa Alvear 33\u00a0<em>(a)(c)(f)<\/em><br \/>\nParque Independencia 31\u00a0<em>(a)(f)<\/em><br \/>\nUni\u00f3n del Sur 29\u00a0<em>(g)<\/em><br \/>\nSan Fernando 27<em>\u00a0(a)(e)(g)<\/em><br \/>\nSarmiento 27\u00a0<em>(b)(f)<\/em><em><br \/>\n<\/em>Defensores 24\u00a0<em>(a)<\/em><br \/>\nC. E. de Comercio 19<br \/>\nDon Orione 19\u00a0<em>(a)(g)<\/em><br \/>\nV\u00e9lez 17\u00a0<em>(g)<\/em><br \/>\nRegional 15\u00a0<em>(c)<\/em><br \/>\nIndep. Tirol 10\u00a0<em>(a)(b)(c)(g)<\/em><br \/>\nAtlas del Sur 9\u00a0<em>(d)<\/em><br \/>\nBariloche FC 8\u00a0<em>(g)<\/em><br \/>\nFor Ever 8\u00a0<em>(a)(c)(d)(g)<\/em><br \/>\nChaco Hebr\u00f3n 6\u00a0<em>(a)(e)(g)<\/em><br \/>\nDep. Luj\u00e1n 3\u00a0<em>(a)(f)(g)<\/em><br \/>\nAnunciaci\u00f3n 1\u00a0<em>(a)(g)<\/em><em><br \/>\n(a) deben partidos de la 1\u00aa fecha<br \/>\n(b) deben partidos de la 6\u00aa fecha<br \/>\n(c) deben su partido de la 7\u00aa fecha<br \/>\n(d) deben su partido de la 9\u00aa fecha<br \/>\n(e) deben su partido de la 11\u00aa fecha<br \/>\n(f) deben su partido de la 12\u00aa fecha<br \/>\n(g) deben su partido de la 15\u00aa fecha<br \/>\n<\/em><\/p>\n<p><em><strong>Foto: Prensa Don Orione\u00a0<\/strong><\/em><\/p>\n<p><img loading=\"lazy\" decoding=\"async\" class=\"aligncenter wp-image-18156 size-full\" src=\"https:\/\/www.sportchaco.com.ar\/wp-content\/uploads\/2025\/04\/gobierno.jpg\" sizes=\"auto, (max-width: 600px) 100vw, 600px\" srcset=\"https:\/\/www.sportchaco.com.ar\/wp-content\/uploads\/2025\/04\/gobierno.jpg 600w, https:\/\/www.sportchaco.com.ar\/wp-content\/uploads\/2025\/04\/gobierno-300x169.jpg 300w, https:\/\/www.sportchaco.com.ar\/wp-content\/uploads\/2025\/04\/gobierno-390x220.jpg 390w\" alt=\"\" width=\"600\" height=\"338\" \/><\/p>\n","protected":false},"excerpt":{"rendered":"<p>28-08-2025 El torneo Apertura femenino de la Liga Chaque\u00f1a se pondr\u00e1 al d\u00eda con la 15\u00aa fecha que solo pudo disputar tres encuentros el fin de semana por las lluvias. Todos los partidos ir\u00e1n el domingo. TORNEO APERTURA TODA LA 15\u00aa FECHA Regional 0 \u2013 Villa Alvear 2 Defensores 1 \u2013 C. E. de Comercio &hellip;<\/p>\n","protected":false},"author":3,"featured_media":24526,"comment_status":"open","ping_status":"open","sticky":false,"template":"","format":"standard","meta":{"footnotes":""},"categories":[5],"tags":[],"class_list":["post-24525","post","type-post","status-publish","format-standard","has-post-thumbnail","hentry","category-futbol"],"_links":{"self":[{"href":"https:\/\/www.sportchaco.com.ar\/index.php?rest_route=\/wp\/v2\/posts\/24525","targetHints":{"allow":["GET"]}}],"collection":[{"href":"https:\/\/www.sportchaco.com.ar\/index.php?rest_route=\/wp\/v2\/posts"}],"about":[{"href":"https:\/\/www.sportchaco.com.ar\/index.php?rest_route=\/wp\/v2\/types\/post"}],"author":[{"embeddable":true,"href":"https:\/\/www.sportchaco.com.ar\/index.php?rest_route=\/wp\/v2\/users\/3"}],"replies":[{"embeddable":true,"href":"https:\/\/www.sportchaco.com.ar\/index.php?rest_route=%2Fwp%2Fv2%2Fcomments&post=24525"}],"version-history":[{"count":1,"href":"https:\/\/www.sportchaco.com.ar\/index.php?rest_route=\/wp\/v2\/posts\/24525\/revisions"}],"predecessor-version":[{"id":24527,"href":"https:\/\/www.sportchaco.com.ar\/index.php?rest_route=\/wp\/v2\/posts\/24525\/revisions\/24527"}],"wp:featuredmedia":[{"embeddable":true,"href":"https:\/\/www.sportchaco.com.ar\/index.php?rest_route=\/wp\/v2\/media\/24526"}],"wp:attachment":[{"href":"https:\/\/www.sportchaco.com.ar\/index.php?rest_route=%2Fwp%2Fv2%2Fmedia&parent=24525"}],"wp:term":[{"taxonomy":"category","embeddable":true,"href":"https:\/\/www.sportchaco.com.ar\/index.php?rest_route=%2Fwp%2Fv2%2Fcategories&post=24525"},{"taxonomy":"post_tag","embeddable":true,"href":"https:\/\/www.sportchaco.com.ar\/index.php?rest_route=%2Fwp%2Fv2%2Ftags&post=24525"}],"curies":[{"name":"wp","href":"https:\/\/api.w.org\/{rel}","templated":true}]}}