{"id":2453,"date":"2023-11-02T18:07:40","date_gmt":"2023-11-02T21:07:40","guid":{"rendered":"https:\/\/www.sportchaco.com.ar\/?p=2453"},"modified":"2023-11-02T18:07:40","modified_gmt":"2023-11-02T21:07:40","slug":"con-valentin-barco-a-la-par-boca-tuvo-su-primera-practica-en-brasil-de-cara-a-la-final-con-fluminense","status":"publish","type":"post","link":"https:\/\/www.sportchaco.com.ar\/?p=2453","title":{"rendered":"Con Valent\u00edn Barco a la par, Boca tuvo su primera pr\u00e1ctica en Brasil de cara a la final con Fluminense"},"content":{"rendered":"<h1 class=\"\"><\/h1>\n<p>El plantel de Almir\u00f3n ensay\u00f3 en el predio de Vasco da Gama y ultima detalles antes del choque del s\u00e1bado para definir la Libertadores.<\/p>\n<div>\n<div id=\"carouselExampleControls\" class=\"carousel slide\" data-ride=\"carousel\">\n<div class=\"carousel-inner\"><\/div>\n<\/div>\n<\/div>\n<div class=\"sharethis-inline-share-buttons pb-3\"><\/div>\n<p>En la ma\u00f1ana del jueves, Boca tuvo su primera pr\u00e1ctica en Brasil, en la previa de la gran final de la Copa Libertadores de este s\u00e1bado 4 de noviembre ante Fluminense en el estadio Maracan\u00e1. La primera parte fue abierta a la prensa.<\/p>\n<p>El plantel comandado por Jorge Almir\u00f3n, que en la tarde del mi\u00e9rcoles arrib\u00f3 a R\u00edo de Janeiro, se entren\u00f3 en el predio de Vasco Da Gama. Al comienzo tuvo una entrada en calor con un rondo, movimientos f\u00edsicos y algunos ejercicios con pelota, y luego se cerr\u00f3 a los periodistas.<\/p>\n<p>Luego de que el mi\u00e9rcoles, previo al viaje, Valent\u00edn Barco se entrenara de manera m\u00e1s relajada por precauci\u00f3n -su lugar lo ocup\u00f3 Luca Langoni-, ya en Brasil, este jueves el Colo realiz\u00f3 la pr\u00e1ctica sin problemas, a la par de sus compa\u00f1eros e ir\u00eda de arranque frente a Fluminense.<\/p>\n<p>Seg\u00fan las pruebas de los \u00faltimos d\u00edas, se vislumbra una \u00fanica variante en relaci\u00f3n a la vuelta de semis contra Palmeiras. Nicol\u00e1s Valentini, recuperado del golpe que sufri\u00f3 contra Racing, estar\u00e1 por el expulsado Marcos Rojo. De esta forma el DT Xeneize mantendr\u00e1 el esquema t\u00e1ctico de 4-4-2.<\/p>\n<p>En medio de la pr\u00e1ctica de Boca en el predio del Vasco da Gama, algunos hinchas del conjunto carioca se treparon del muro y demostraron su apoyo al equipo de Jorge Almir\u00f3n, que este s\u00e1bado enfrentar\u00e1 a Fluminense en la final de la Copa Libertadores.<\/p>\n<p><strong>El equipo de Boca que jugar\u00eda la final de Libertadores vs Fluminense:\u00a0<\/strong>Sergio Romero; Lu\u00eds Adv\u00edncula, Nicol\u00e1s Figal, Nicol\u00e1s Valentini, Frank Fabra; Cristian Medina, Ezequiel Fern\u00e1ndez, Pol Fern\u00e1ndez, Valent\u00edn Barco; Miguel Merentiel y Edinson Cavani. DT: Jorge Almir\u00f3n.<\/p>\n<p><em>Fuente: TyCSports<\/em><\/p>\n","protected":false},"excerpt":{"rendered":"<p>El plantel de Almir\u00f3n ensay\u00f3 en el predio de Vasco da Gama y ultima detalles antes del choque del s\u00e1bado para definir la Libertadores. En la ma\u00f1ana del jueves, Boca tuvo su primera pr\u00e1ctica en Brasil, en la previa de la gran final de la Copa Libertadores de este s\u00e1bado 4 de noviembre ante Fluminense &hellip;<\/p>\n","protected":false},"author":2,"featured_media":2454,"comment_status":"open","ping_status":"open","sticky":false,"template":"","format":"standard","meta":{"footnotes":""},"categories":[5],"tags":[],"class_list":["post-2453","post","type-post","status-publish","format-standard","has-post-thumbnail","hentry","category-futbol"],"_links":{"self":[{"href":"https:\/\/www.sportchaco.com.ar\/index.php?rest_route=\/wp\/v2\/posts\/2453","targetHints":{"allow":["GET"]}}],"collection":[{"href":"https:\/\/www.sportchaco.com.ar\/index.php?rest_route=\/wp\/v2\/posts"}],"about":[{"href":"https:\/\/www.sportchaco.com.ar\/index.php?rest_route=\/wp\/v2\/types\/post"}],"author":[{"embeddable":true,"href":"https:\/\/www.sportchaco.com.ar\/index.php?rest_route=\/wp\/v2\/users\/2"}],"replies":[{"embeddable":true,"href":"https:\/\/www.sportchaco.com.ar\/index.php?rest_route=%2Fwp%2Fv2%2Fcomments&post=2453"}],"version-history":[{"count":1,"href":"https:\/\/www.sportchaco.com.ar\/index.php?rest_route=\/wp\/v2\/posts\/2453\/revisions"}],"predecessor-version":[{"id":2455,"href":"https:\/\/www.sportchaco.com.ar\/index.php?rest_route=\/wp\/v2\/posts\/2453\/revisions\/2455"}],"wp:featuredmedia":[{"embeddable":true,"href":"https:\/\/www.sportchaco.com.ar\/index.php?rest_route=\/wp\/v2\/media\/2454"}],"wp:attachment":[{"href":"https:\/\/www.sportchaco.com.ar\/index.php?rest_route=%2Fwp%2Fv2%2Fmedia&parent=2453"}],"wp:term":[{"taxonomy":"category","embeddable":true,"href":"https:\/\/www.sportchaco.com.ar\/index.php?rest_route=%2Fwp%2Fv2%2Fcategories&post=2453"},{"taxonomy":"post_tag","embeddable":true,"href":"https:\/\/www.sportchaco.com.ar\/index.php?rest_route=%2Fwp%2Fv2%2Ftags&post=2453"}],"curies":[{"name":"wp","href":"https:\/\/api.w.org\/{rel}","templated":true}]}}