{"id":24544,"date":"2025-08-29T23:10:17","date_gmt":"2025-08-30T02:10:17","guid":{"rendered":"https:\/\/www.sportchaco.com.ar\/?p=24544"},"modified":"2025-08-29T23:10:57","modified_gmt":"2025-08-30T02:10:57","slug":"24544","status":"publish","type":"post","link":"https:\/\/www.sportchaco.com.ar\/?p=24544","title":{"rendered":"Efem\u00e9rides del 30 de agosto"},"content":{"rendered":"<h5><strong>Esta es la Efem\u00e9rides del Deporte en el Chaco de un 30 de agosto periodista Luis Dar\u00edo Molodezky.<\/strong><\/h5>\n<p style=\"text-align: center;\"><img loading=\"lazy\" decoding=\"async\" class=\"alignnone size-medium wp-image-24494\" src=\"https:\/\/www.sportchaco.com.ar\/wp-content\/uploads\/2025\/08\/Luis-Dario-11-08-2025-3-1-226x300.jpeg\" alt=\"\" width=\"226\" height=\"300\" srcset=\"https:\/\/www.sportchaco.com.ar\/wp-content\/uploads\/2025\/08\/Luis-Dario-11-08-2025-3-1-226x300.jpeg 226w, https:\/\/www.sportchaco.com.ar\/wp-content\/uploads\/2025\/08\/Luis-Dario-11-08-2025-3-1-771x1024.jpeg 771w, https:\/\/www.sportchaco.com.ar\/wp-content\/uploads\/2025\/08\/Luis-Dario-11-08-2025-3-1-768x1021.jpeg 768w, https:\/\/www.sportchaco.com.ar\/wp-content\/uploads\/2025\/08\/Luis-Dario-11-08-2025-3-1-1156x1536.jpeg 1156w, https:\/\/www.sportchaco.com.ar\/wp-content\/uploads\/2025\/08\/Luis-Dario-11-08-2025-3-1.jpeg 1204w\" sizes=\"auto, (max-width: 226px) 100vw, 226px\" \/><\/p>\n<p><strong>\u00a0<\/strong><\/p>\n<p><strong>1936\u00a0<\/strong>\/ El Club Chaco For Ever expulsa de la instituci\u00f3n y lo comunica a la Liga, al jugador Hidilberto S\u00e1nchez, por haberse insolentado con un directivo, negarse a jugar frente a Lipton de Corrientes aduciendo estar enfermo y luego comprobarse que lo hizo para una casa de comercio, y por haber solicitado que se le pagara para actuar frente a Regional.<\/p>\n<p><strong>1936\u00a0<\/strong>\/ Sarmiento se consagra campe\u00f3n del torneo de la Federaci\u00f3n Chaque\u00f1a de F\u00fatbol, al vencer en el \u00faltimo partido a Regional como visitante. El campe\u00f3n forma con Freschi; Guastavino y Li\u00e9bana; Aguirreberry y S. Romero; C. Romero, Barreto, Balbuena, Leoni y Pav\u00f3n. Posiciones finales: Sarmiento 9 puntos, Delicia 7, Chaco For Ever 4, Regional 4, Resistencia Central y Atletic Colonia 3 puntos.<\/p>\n<p><strong>1943\u00a0<\/strong>\/ Se funda Racing de Villa Berthet por parte de un grupo de amigos para la pr\u00e1ctica del f\u00fatbol. Se nombra presidente a Arduino Fiori, vice Fortunato Aguiar, secretario Guillermo Salica, prosecretario Antonio Delovo, tesorero Jaime Guelerman y protesorero Antonio Jaime. Los vocales Bernardino Cenzano, Enrique Fiori, Luis Dur\u00e1n y Tom\u00e1s Fiori. Posee su renovada sede en 25 de Mayo y Rivadavia.<\/p>\n<p><strong>1955 \/<\/strong>\u00a0Nace en la localidad Conchillas, Departamento de Colonia, Rep\u00fablica Oriental del Uruguay, Hugo Nelson Lacava Schell. Debuta en la primera de Boca Juniors . Comenz\u00f3 a jugar en el baby f\u00fatbol del Club Plaza de Colonia. Hizo las inferiores en Boca, dirigido por Bernardo Gandulla. Fue campe\u00f3n con el Boca de Lorenzo en 1976 (metropolitano) y 1977 Copa Libertadores de Am\u00e9rica. Luego sigui\u00f3 su carrera en Universidad Cat\u00f3lica de Chile, Arsenal de Sarand\u00ed, Quilmes, T\u00e9mperley, Ram\u00f3n Santamarina de Tandil, Lan\u00fas, For Ever, Douglas Haig, Talleres de Escalada y Sarmiento de Jun\u00edn. Logr\u00f3 el ascenso con Quilmes y T\u00e9mperley. Radicado en Resistencia desde los \u201990 se dedica al periodismo deportivo.<\/p>\n<p><strong>1968 \/<\/strong>\u00a0Vera, Oslager y Carlos Gil de Muro, son convocados para integrar el Seleccionado Argentino de Rugby. Se realizaron concentraciones en Santa Fe y Mendoza.<\/p>\n<p><strong>1973 \/<\/strong> Juega su \u00faltimo partido oficial Luis Lutringer, recio defensor que se inici\u00f3 en San Fernando y brillo en Sarmiento y la Liga Chaque\u00f1a. Hab\u00eda nacido en Santa Fe y era uno de 9 hermanos, 7 varones, de all\u00ed su apodo de \u00a1\u00bbobiz\u00f3n\u201d. A los 15 debutaba en primera formando pareja con su hermano Armando. Lleg\u00f3 a Sarmiento a mediados de 1959 debutando el domingo 2 de agosto frente a For Ever en partido que gan\u00f3 el decano por 3 a 2 en el \u00faltimo cotejo jugado en la cancha de Ameghino y Col\u00f3n. Siempre consider\u00f3 que su momento m\u00e1s feliz en el f\u00fatbol, lo experiment\u00f3 en Mendoza 1968, cuando integrando la Liga Chaque\u00f1a gan\u00f3 la Copa Presidente y la Adri\u00e1n Beccar Varela, consagr\u00e1ndose campe\u00f3n argentino. Falleci\u00f3 el 19 de febrero de 2004.<\/p>\n<p><strong>1983\u00a0<\/strong>\/ En el congreso nacional realizado en San Salvador de Jujuy, el C\u00edrculo de Periodistas Deportivos del Chaco se afilia a la Federaci\u00f3n Argentina (FAPED).<\/p>\n<p>&nbsp;<\/p>\n<p>&nbsp;<\/p>\n<p><strong>Foto portada: Hugo Nelson Lacava Schell en el programa Cara y Ceca del Deporte junto a Luis Dar\u00edo Molodezky y Dar\u00edo Gast\u00f3n Molodezky, en esa \u00e9poca en Radiop Natagal\u00e1.<\/strong><\/p>\n<p>&nbsp;<\/p>\n<p>&nbsp;<\/p>\n<p><strong>EN EL CHACO<\/strong><\/p>\n<p><b>D\u00eda de la Cultura Chaque\u00f1a:<\/b> Se instituy\u00f3 por la Ley 5560 de la provincia en homenaje a los \u00abintelectuales del &#8217;37\u00bb que promovieron el nacimiento y la constituci\u00f3n del Ateneo del Chaco el 30 de agosto de 1938.<\/p>\n<p>&nbsp;<\/p>\n<p><strong>ARGENTINA Y EL MUNDO<\/strong><\/p>\n<p>&nbsp;<\/p>\n<ul>\n<li><b>D\u00eda de los Ferrocarriles Argentinos:<\/b> Se conmemora la inauguraci\u00f3n del primer ferrocarril del pa\u00eds, el Ferrocarril del Oeste, que en 1857 realiz\u00f3 su primer viaje desde la estaci\u00f3n del Parque (actual Plaza Lavalle) hasta Floresta.<\/li>\n<li><b>D\u00eda Nacional por una Argentina sin Chagas:<\/b> Una fecha para concientizar sobre esta enfermedad end\u00e9mica que afecta a millones de personas en el pa\u00eds.<\/li>\n<\/ul>\n<p>&nbsp;<\/p>\n<h3>D\u00edas y conmemoraciones internacionales<\/h3>\n<p>&nbsp;<\/p>\n<ul>\n<li><b>D\u00eda Internacional de las V\u00edctimas de Desapariciones Forzadas:<\/b> La Asamblea General de las Naciones Unidas estableci\u00f3 esta fecha para generar conciencia sobre esta pr\u00e1ctica utilizada para infundir el terror, a menudo en el contexto de conflictos internos y represi\u00f3n pol\u00edtica.<\/li>\n<\/ul>\n<p>&nbsp;<\/p>\n<h3>Nacimientos y fallecimientos de personalidades<\/h3>\n<p>&nbsp;<\/p>\n<ul>\n<li><b>1797:<\/b> Nace Mary Shelley, escritora brit\u00e1nica, autora de la novela <i>Frankenstein<\/i>.<\/li>\n<li><b>1921:<\/b> Fallece Enrique del Valle Iberlucea, abogado, periodista y pol\u00edtico hispanoargentino, primer senador socialista de Am\u00e9rica Latina.<\/li>\n<li><b>1972:<\/b> Nace la actriz estadounidense Cameron D\u00edaz.<\/li>\n<li><b>1979:<\/b> Nace en la localidad bonaerense de Ciudad Evita el ex tenista Juan Ignacio Chela.<\/li>\n<li><b>2010:<\/b> Fallece Francisco \u00abPancho\u00bb Varallo, ex futbolista argentino e \u00eddolo de Boca Juniors.<\/li>\n<\/ul>\n<p>&nbsp;<\/p>\n<h3>Otros hechos importantes<\/h3>\n<p>&nbsp;<\/p>\n<ul>\n<li><b>Tormenta de Santa Rosa:<\/b> Seg\u00fan la tradici\u00f3n, se espera que en esta fecha o en los d\u00edas cercanos, se produzca una tormenta fuerte, un fen\u00f3meno asociado a la conmemoraci\u00f3n de Santa Rosa de Lima, patrona de Am\u00e9rica, Filipinas y Per\u00fa.<\/li>\n<\/ul>\n","protected":false},"excerpt":{"rendered":"<p>Esta es la Efem\u00e9rides del Deporte en el Chaco de un 30 de agosto periodista Luis Dar\u00edo Molodezky. \u00a0 1936\u00a0\/ El Club Chaco For Ever expulsa de la instituci\u00f3n y lo comunica a la Liga, al jugador Hidilberto S\u00e1nchez, por haberse insolentado con un directivo, negarse a jugar frente a Lipton de Corrientes aduciendo estar &hellip;<\/p>\n","protected":false},"author":2,"featured_media":24545,"comment_status":"open","ping_status":"open","sticky":false,"template":"","format":"standard","meta":{"footnotes":""},"categories":[38,45],"tags":[],"class_list":["post-24544","post","type-post","status-publish","format-standard","has-post-thumbnail","hentry","category-agosto","category-efemerides-dia-por-dia"],"_links":{"self":[{"href":"https:\/\/www.sportchaco.com.ar\/index.php?rest_route=\/wp\/v2\/posts\/24544","targetHints":{"allow":["GET"]}}],"collection":[{"href":"https:\/\/www.sportchaco.com.ar\/index.php?rest_route=\/wp\/v2\/posts"}],"about":[{"href":"https:\/\/www.sportchaco.com.ar\/index.php?rest_route=\/wp\/v2\/types\/post"}],"author":[{"embeddable":true,"href":"https:\/\/www.sportchaco.com.ar\/index.php?rest_route=\/wp\/v2\/users\/2"}],"replies":[{"embeddable":true,"href":"https:\/\/www.sportchaco.com.ar\/index.php?rest_route=%2Fwp%2Fv2%2Fcomments&post=24544"}],"version-history":[{"count":2,"href":"https:\/\/www.sportchaco.com.ar\/index.php?rest_route=\/wp\/v2\/posts\/24544\/revisions"}],"predecessor-version":[{"id":24548,"href":"https:\/\/www.sportchaco.com.ar\/index.php?rest_route=\/wp\/v2\/posts\/24544\/revisions\/24548"}],"wp:featuredmedia":[{"embeddable":true,"href":"https:\/\/www.sportchaco.com.ar\/index.php?rest_route=\/wp\/v2\/media\/24545"}],"wp:attachment":[{"href":"https:\/\/www.sportchaco.com.ar\/index.php?rest_route=%2Fwp%2Fv2%2Fmedia&parent=24544"}],"wp:term":[{"taxonomy":"category","embeddable":true,"href":"https:\/\/www.sportchaco.com.ar\/index.php?rest_route=%2Fwp%2Fv2%2Fcategories&post=24544"},{"taxonomy":"post_tag","embeddable":true,"href":"https:\/\/www.sportchaco.com.ar\/index.php?rest_route=%2Fwp%2Fv2%2Ftags&post=24544"}],"curies":[{"name":"wp","href":"https:\/\/api.w.org\/{rel}","templated":true}]}}