{"id":24562,"date":"2025-08-29T12:50:18","date_gmt":"2025-08-29T15:50:18","guid":{"rendered":"https:\/\/www.sportchaco.com.ar\/?p=24562"},"modified":"2025-08-29T12:50:41","modified_gmt":"2025-08-29T15:50:41","slug":"colapinto-fue-noveno-en-la-practica-2","status":"publish","type":"post","link":"https:\/\/www.sportchaco.com.ar\/?p=24562","title":{"rendered":"Colapinto fue noveno en la practica 2"},"content":{"rendered":"<h5><span style=\"font-size: 16px; font-weight: 400;\">29\/08\/2025<\/span><\/h5>\n<h5>Colapinto finaliz\u00f3 18\u00b0 y 9\u00b0 en las primeras pr\u00e1cticas libres del GP de Pa\u00edses Bajos. El argentino qued\u00f3 estuvo en los \u00faltimos lugares en la FP1 con un tiempo de 1:12.276 y en la segunda tanda marc\u00f3 1:10.957 y escal\u00f3 en el clasificador. Reviv\u00ed lo mejor de las dos sesiones del viernes.<\/h5>\n<div class=\"containerGrid\">\n<div class=\"col6 shareBar\"><\/div>\n<\/div>\n<figure class=\"kskddisable\" data-modal-description=\"Franco Colapinto durante las pr\u00e1cticas del GP de Pa\u00edses Bajos. (Joe Portlock\/Getty Images)\" data-modal-image=\"https:\/\/media.tycsports.com\/files\/2025\/08\/29\/877369\/franco-colapinto_w862.webp\"><img loading=\"lazy\" decoding=\"async\" class=\"mainImg r16x9\" title=\"Franco Colapinto\" src=\"https:\/\/media.tycsports.com\/files\/2025\/08\/29\/877369\/franco-colapinto_416x234.webp?v=1\" srcset=\"https:\/\/media.tycsports.com\/files\/2025\/08\/29\/877369\/franco-colapinto_416x234.webp?v=1 960w,https:\/\/media.tycsports.com\/files\/2025\/08\/29\/877369\/franco-colapinto_862x485.webp?v=1 1024w\" alt=\"Franco Colapinto\" width=\"416\" height=\"234\" \/><figcaption class=\"kskddisable\" data-kiosked-context-name=\"kskdUIContext_01k3v7ymx0r8gs3ejh11aks1yc\"><strong>Franco Colapinto durante las pr\u00e1cticas del GP de Pa\u00edses Bajos. (Joe Portlock\/Getty Images)<\/strong><\/figcaption><div id=\"kskd01k3v7ymy0r07cqf5wtd5mzr9n\" class=\"kskdDiv kskdCls\" data-kiosked-role=\"anchor\" data-kiosked-type=\"in-line\" data-kioskid=\"01k3v7ymy0r07cqf5wtd5mzr9n\" data-kiosked-cntrid=\"12549_5f6ee6b829dcc517d92ffadd2e9b7b8d\">\n<div class=\"kskdDiv\" data-kiosked-role=\"boundary\">\n<div class=\"kskdDiv\" data-kioskid=\"01k3v7ymy0r07cqf5wtd5mzr9n\" data-kiosked-role=\"ad-container\">\n<div class=\"kskdDiv\" data-kskd-type=\"banner\" data-width=\"728\" data-height=\"90\"><\/div>\n<\/div>\n<\/div>\n<\/div>\n<\/figure>\n<p>Concluyeron las dos primeras pr\u00e1cticas libres del Gran Premio de los Pa\u00edses Bajos.\u00a0<b>Franco Colapinto finaliz\u00f3 18\u00b0 en la FP1 con un tiempo de 1:12.276 y mejor\u00f3 much\u00edsimo sus registros en la FP2: termin\u00f3 9\u00b0 con una marca de 1:10.957<\/b>. Pierre Gasly, su compa\u00f1ero, qued\u00f3 10\u00b0 y 19\u00b0 respectivamente, mientras que Lando Norris fue el mejor en ambas sesiones.<\/p>\n<p>&nbsp;<\/p>\n<div id=\"ad-slot-inline1\" class=\"ad-slot-inline1 ad-slot\" data-adtype=\"inline1\" data-google-query-id=\"CMaboImusI8DFXgeuQYdBUMjQQ\"><\/div>\n<div class=\"alsoReadContainer\">\n<h2 class=\"alsoReadText\"><\/h2>\n<\/div>\n<p>Luego del par\u00f3n de verano, los pilotos volvieron al ruedo en un circuito traicionero tanto por su trazado como por su clima. Ambas fueron detenidas por banderas rojas debido a despistes o accidentes.<\/p>\n<p>En la FP1 Kimi Antonelli qued\u00f3 varado en la leca, provocando la primera y \u00fanica detenci\u00f3n de aquella sesi\u00f3n. En la FP2, un fuerte accidente de Lance Stroll fren\u00f3 la pr\u00e1ctica a los 15 minutos y tiempo m\u00e1s tarde un choque mucho m\u00e1s leve de Alex Albon tambi\u00e9n provoc\u00f3 un parate. Adem\u00e1s, los trompos y las salidas de pista fueron una constante.<\/p>\n<div class=\"embedContent\">\n<div class=\"twitter-tweet twitter-tweet-rendered\"><\/div>\n<\/div>\n<p>En la primera tanda, Colapinto estuvo lejos de los puestos de vanguardia durante sus 26 giros. Tanto con neum\u00e1ticos medios, como cuando prob\u00f3 ritmo de clasificaci\u00f3n con blandos se mantuvo a dos segundos de la cima.\u00a0<b>Su mejor tiempo fue 1:12.276, 1.998 por detr\u00e1s de Lando Norris y seis d\u00e9cimas por encima de su compa\u00f1ero Pierre Gasly<\/b>.<\/p>\n<div id=\"ad-slot-inline2\" class=\"ad-slot-inline_grande ad-slot\" data-adtype=\"inline_grande\" data-google-query-id=\"CMeboImusI8DFXgeuQYdBUMjQQ\">\n<div id=\"google_ads_iframe_\/125006397\/tyc\/nota\/inline2_0__container__\"><\/div>\n<\/div>\n<p>En la segunda se acerc\u00f3 mucho m\u00e1s, y podr\u00eda haber sido mejor si no hubiese tenido tanta mala suerte: las dos veces que coloc\u00f3 gomas blandas para hacer su vuelta r\u00e1pida la sesi\u00f3n se detuvo.\u00a0<b>Con las ruedas algo desgastadas marc\u00f3 1:10.957 y qued\u00f3 a poco m\u00e1s de un segundo de Norris<\/b>. Esta fue la mejor pr\u00e1ctica del argentino desde que est\u00e1 en Alpine.<\/p>\n<p><i>\u00ab<b>Este auto es m\u00e1s raro: de golpe salgo y tengo el doble de grip y no entiendo por qu\u00e9<\/b>. Pero bueno, obviamente que cuando tengo grip sale la vuelta m\u00e1s f\u00e1cil.\u00a0<b>Fue una buena FP2, es un gran paso<\/b>\u00ab<\/i>, revel\u00f3 tras la jornada del viernes.<\/p>\n<div id=\"ad-slot-inline3\" class=\"ad-slot-inline ad-slot\" data-adtype=\"inline\" data-google-query-id=\"CMiboImusI8DFXgeuQYdBUMjQQ\">\n<div id=\"google_ads_iframe_\/125006397\/tyc\/nota\/inline3_0__container__\"><\/div>\n<\/div>\n<figure class=\"kskddisable\" data-modal-description=\"Franco Colapinto durante la FP1 del GP de Pa\u00edses Bajos. (Joe Portlock\/Getty Images)\" data-modal-image=\"https:\/\/media.tycsports.com\/files\/2025\/08\/29\/877418\/franco-colapinto_w862.webp\"><img loading=\"lazy\" decoding=\"async\" class=\"mainImg r16x9\" title=\"Franco Colapinto\" src=\"https:\/\/media.tycsports.com\/files\/2025\/08\/29\/877418\/franco-colapinto_416x234.webp?v=2\" srcset=\"https:\/\/media.tycsports.com\/files\/2025\/08\/29\/877418\/franco-colapinto_416x234.webp?v=2 960w,https:\/\/media.tycsports.com\/files\/2025\/08\/29\/877418\/franco-colapinto_862x485.webp?v=2 1024w\" alt=\"Franco Colapinto\" width=\"416\" height=\"234\" data-src=\"https:\/\/media.tycsports.com\/files\/2025\/08\/29\/877418\/franco-colapinto_416x234.webp?v=2\" data-srcset=\"https:\/\/media.tycsports.com\/files\/2025\/08\/29\/877418\/franco-colapinto_416x234.webp?v=2 960w,https:\/\/media.tycsports.com\/files\/2025\/08\/29\/877418\/franco-colapinto_862x485.webp?v=2 1024w\" \/><figcaption class=\"kskddisable\" data-kiosked-context-name=\"kskdUIContext_01k3v7ymx04c185xr9f8t3e91d\"><strong><strong>Franco Colapinto durante la FP1 del GP de Pa\u00edses Bajos. (Joe Portlock\/Getty Images)<\/strong><\/strong>&nbsp;<\/p>\n<\/figcaption><div id=\"kskd01k3v7ymya4hvbgyyfdyyh5mgd\" class=\"kskdDiv kskdCls\" data-kiosked-role=\"anchor\" data-kiosked-type=\"in-line\" data-kioskid=\"01k3v7ymya4hvbgyyfdyyh5mgd\" data-kiosked-cntrid=\"12549_141cd175d6624b03fa39061d12485906\">\n<div class=\"kskdDiv\" data-kiosked-role=\"boundary\">\n<div class=\"kskdDiv\" data-kioskid=\"01k3v7ymya4hvbgyyfdyyh5mgd\" data-kiosked-role=\"ad-container\"><\/div>\n<\/div>\n<\/div>\n<\/figure>\n","protected":false},"excerpt":{"rendered":"<p>29\/08\/2025 Colapinto finaliz\u00f3 18\u00b0 y 9\u00b0 en las primeras pr\u00e1cticas libres del GP de Pa\u00edses Bajos. El argentino qued\u00f3 estuvo en los \u00faltimos lugares en la FP1 con un tiempo de 1:12.276 y en la segunda tanda marc\u00f3 1:10.957 y escal\u00f3 en el clasificador. Reviv\u00ed lo mejor de las dos sesiones del viernes. Franco Colapinto &hellip;<\/p>\n","protected":false},"author":2,"featured_media":24563,"comment_status":"open","ping_status":"open","sticky":false,"template":"","format":"standard","meta":{"footnotes":""},"categories":[2],"tags":[],"class_list":["post-24562","post","type-post","status-publish","format-standard","has-post-thumbnail","hentry","category-automovilismo"],"_links":{"self":[{"href":"https:\/\/www.sportchaco.com.ar\/index.php?rest_route=\/wp\/v2\/posts\/24562","targetHints":{"allow":["GET"]}}],"collection":[{"href":"https:\/\/www.sportchaco.com.ar\/index.php?rest_route=\/wp\/v2\/posts"}],"about":[{"href":"https:\/\/www.sportchaco.com.ar\/index.php?rest_route=\/wp\/v2\/types\/post"}],"author":[{"embeddable":true,"href":"https:\/\/www.sportchaco.com.ar\/index.php?rest_route=\/wp\/v2\/users\/2"}],"replies":[{"embeddable":true,"href":"https:\/\/www.sportchaco.com.ar\/index.php?rest_route=%2Fwp%2Fv2%2Fcomments&post=24562"}],"version-history":[{"count":2,"href":"https:\/\/www.sportchaco.com.ar\/index.php?rest_route=\/wp\/v2\/posts\/24562\/revisions"}],"predecessor-version":[{"id":24565,"href":"https:\/\/www.sportchaco.com.ar\/index.php?rest_route=\/wp\/v2\/posts\/24562\/revisions\/24565"}],"wp:featuredmedia":[{"embeddable":true,"href":"https:\/\/www.sportchaco.com.ar\/index.php?rest_route=\/wp\/v2\/media\/24563"}],"wp:attachment":[{"href":"https:\/\/www.sportchaco.com.ar\/index.php?rest_route=%2Fwp%2Fv2%2Fmedia&parent=24562"}],"wp:term":[{"taxonomy":"category","embeddable":true,"href":"https:\/\/www.sportchaco.com.ar\/index.php?rest_route=%2Fwp%2Fv2%2Fcategories&post=24562"},{"taxonomy":"post_tag","embeddable":true,"href":"https:\/\/www.sportchaco.com.ar\/index.php?rest_route=%2Fwp%2Fv2%2Ftags&post=24562"}],"curies":[{"name":"wp","href":"https:\/\/api.w.org\/{rel}","templated":true}]}}