{"id":24583,"date":"2025-08-30T01:50:40","date_gmt":"2025-08-30T04:50:40","guid":{"rendered":"https:\/\/www.sportchaco.com.ar\/?p=24583"},"modified":"2025-08-30T01:50:40","modified_gmt":"2025-08-30T04:50:40","slug":"el-negro-almaraz-dirigira-su-ultimo-partido","status":"publish","type":"post","link":"https:\/\/www.sportchaco.com.ar\/?p=24583","title":{"rendered":"El \u00abnegro\u00bb Almaraz dirigir\u00e1 su \u00faltimo partido"},"content":{"rendered":"<p><strong>30-08-2025<\/strong><\/p>\n<p><img loading=\"lazy\" decoding=\"async\" class=\"aligncenter size-large wp-image-19476\" src=\"https:\/\/www.sportchaco.com.ar\/wp-content\/uploads\/2025\/05\/Banners-creditos-otorgados-al-campo_940x90-1024x98.gif\" alt=\"\" width=\"1024\" height=\"98\" srcset=\"https:\/\/www.sportchaco.com.ar\/wp-content\/uploads\/2025\/05\/Banners-creditos-otorgados-al-campo_940x90-1024x98.gif 1024w, https:\/\/www.sportchaco.com.ar\/wp-content\/uploads\/2025\/05\/Banners-creditos-otorgados-al-campo_940x90-300x29.gif 300w, https:\/\/www.sportchaco.com.ar\/wp-content\/uploads\/2025\/05\/Banners-creditos-otorgados-al-campo_940x90-768x73.gif 768w, https:\/\/www.sportchaco.com.ar\/wp-content\/uploads\/2025\/05\/Banners-creditos-otorgados-al-campo_940x90-1536x147.gif 1536w\" sizes=\"auto, (max-width: 1024px) 100vw, 1024px\" \/><\/p>\n<p>Este s\u00e1bado ser\u00e1 la \u00faltima funci\u00f3n de Rafael Almaraz como \u00e1rbitro de la Liga Chaque\u00f1a de F\u00fatbol, luego de 35 a\u00f1os de labor. Tuvo pasos a nivel nacional como \u00e1rbitro de AFA. Marc\u00f3 una diferencia en la manera de arbitrar, especialmente en el \u00faltimo tramo de su carrera.<\/p>\n<p>Almaraz se cri\u00f3 en Villa R\u00edo Negro hasta los 14 a\u00f1os. Empez\u00f3 a los 21 en el arbitraje. Hoy tiene 56 y dirigi\u00f3 35 a\u00f1os. Fue contratado para dirigir y ser asistente en torneos de importancia a nivel nacional en el ascenso. Es respetado por la gran mayor\u00eda de la gente del f\u00fatbol: dirigentes, cuerpo t\u00e9cnico, jugadores e incluso hinchas.<\/p>\n<p>Desde hace varios a\u00f1os est\u00e1 afincado en Margarita Bel\u00e9n, y este s\u00e1bado dirigir\u00e1 el cotejo entre Sarmiento y Juventud de Puerto Tirol en el Centenario.<\/p>\n<p>\u201cTengo grandes recuerdos de mi paso por el arbitraje, dirig\u00ed a grandes jugadores en todo este tiempo. Me deleitaba vi\u00e9ndolos jugar. Siempre trat\u00e9 de protegerlos a todos, cuando ve\u00eda que alguien se estaba por exceder, inmediatamente lo calmaba con alg\u00fan gesto o llamado de atenci\u00f3n\u201d, afirm\u00f3.<\/p>\n<p>\u201cSi bien todos me identifican m\u00e1s con la l\u00ednea de H\u00e9ctor Baldassi, a m\u00ed siempre me gust\u00f3 la manera de dirigir de Horacio Elizondo. A los chicos de la escuela de \u00e1rbitros siempre les recomiendo que sigan mis consejos, pero que no hagan lo que yo hago en el campo\u201d.<\/p>\n<p>\u201cLamento much\u00edsimo lo de mi amigo Titi Brillada, un chico sano, inentendible lo que sucedi\u00f3. Tambi\u00e9n lo de Enzo Pitau, dos muertes muy repentinas y seguidas que nos golpearon muy mal\u201d, expres\u00f3.<\/p>\n<p>En relaci\u00f3n a ponerle fin al arbitraje, enfatiz\u00f3: \u201cEn su momento desde AFA no permit\u00edan que un \u00e1rbitro luego de los 45 a\u00f1os pueda seguir dirigiendo, ahora se cambi\u00f3 esa modalidad y te dejan seguir hasta que est\u00e9s en condiciones f\u00edsicas aceptables, yo me siento bien. En el 2020 dije que iba a dirigir mi \u00faltimo a\u00f1o, luego lleg\u00f3 la pandemia y lo estir\u00e9 un poco m\u00e1s, especialmente por mi familia que me dec\u00eda un a\u00f1o m\u00e1s, un a\u00f1o m\u00e1s. Bueno, ahora lleg\u00f3 el momento\u201d.<\/p>\n<p><em><strong>Fuente: Entretiempo\u00a0<\/strong><\/em><\/p>\n<p><img loading=\"lazy\" decoding=\"async\" class=\"aligncenter size-large wp-image-20715\" src=\"https:\/\/www.sportchaco.com.ar\/wp-content\/uploads\/2025\/06\/BANNER-WEB-CHACO-JUEGA_1080x1350-1-1-819x1024.gif\" alt=\"\" width=\"819\" height=\"1024\" srcset=\"https:\/\/www.sportchaco.com.ar\/wp-content\/uploads\/2025\/06\/BANNER-WEB-CHACO-JUEGA_1080x1350-1-1-819x1024.gif 819w, https:\/\/www.sportchaco.com.ar\/wp-content\/uploads\/2025\/06\/BANNER-WEB-CHACO-JUEGA_1080x1350-1-1-240x300.gif 240w, https:\/\/www.sportchaco.com.ar\/wp-content\/uploads\/2025\/06\/BANNER-WEB-CHACO-JUEGA_1080x1350-1-1-768x960.gif 768w\" sizes=\"auto, (max-width: 819px) 100vw, 819px\" \/><\/p>\n","protected":false},"excerpt":{"rendered":"<p>30-08-2025 Este s\u00e1bado ser\u00e1 la \u00faltima funci\u00f3n de Rafael Almaraz como \u00e1rbitro de la Liga Chaque\u00f1a de F\u00fatbol, luego de 35 a\u00f1os de labor. Tuvo pasos a nivel nacional como \u00e1rbitro de AFA. Marc\u00f3 una diferencia en la manera de arbitrar, especialmente en el \u00faltimo tramo de su carrera. Almaraz se cri\u00f3 en Villa R\u00edo &hellip;<\/p>\n","protected":false},"author":3,"featured_media":24584,"comment_status":"open","ping_status":"open","sticky":false,"template":"","format":"standard","meta":{"footnotes":""},"categories":[5],"tags":[],"class_list":["post-24583","post","type-post","status-publish","format-standard","has-post-thumbnail","hentry","category-futbol"],"_links":{"self":[{"href":"https:\/\/www.sportchaco.com.ar\/index.php?rest_route=\/wp\/v2\/posts\/24583","targetHints":{"allow":["GET"]}}],"collection":[{"href":"https:\/\/www.sportchaco.com.ar\/index.php?rest_route=\/wp\/v2\/posts"}],"about":[{"href":"https:\/\/www.sportchaco.com.ar\/index.php?rest_route=\/wp\/v2\/types\/post"}],"author":[{"embeddable":true,"href":"https:\/\/www.sportchaco.com.ar\/index.php?rest_route=\/wp\/v2\/users\/3"}],"replies":[{"embeddable":true,"href":"https:\/\/www.sportchaco.com.ar\/index.php?rest_route=%2Fwp%2Fv2%2Fcomments&post=24583"}],"version-history":[{"count":1,"href":"https:\/\/www.sportchaco.com.ar\/index.php?rest_route=\/wp\/v2\/posts\/24583\/revisions"}],"predecessor-version":[{"id":24588,"href":"https:\/\/www.sportchaco.com.ar\/index.php?rest_route=\/wp\/v2\/posts\/24583\/revisions\/24588"}],"wp:featuredmedia":[{"embeddable":true,"href":"https:\/\/www.sportchaco.com.ar\/index.php?rest_route=\/wp\/v2\/media\/24584"}],"wp:attachment":[{"href":"https:\/\/www.sportchaco.com.ar\/index.php?rest_route=%2Fwp%2Fv2%2Fmedia&parent=24583"}],"wp:term":[{"taxonomy":"category","embeddable":true,"href":"https:\/\/www.sportchaco.com.ar\/index.php?rest_route=%2Fwp%2Fv2%2Fcategories&post=24583"},{"taxonomy":"post_tag","embeddable":true,"href":"https:\/\/www.sportchaco.com.ar\/index.php?rest_route=%2Fwp%2Fv2%2Ftags&post=24583"}],"curies":[{"name":"wp","href":"https:\/\/api.w.org\/{rel}","templated":true}]}}