{"id":24593,"date":"2025-08-30T18:00:12","date_gmt":"2025-08-30T21:00:12","guid":{"rendered":"https:\/\/www.sportchaco.com.ar\/?p=24593"},"modified":"2025-08-30T18:00:12","modified_gmt":"2025-08-30T21:00:12","slug":"piastri-la-pole-y-colapinto-16","status":"publish","type":"post","link":"https:\/\/www.sportchaco.com.ar\/?p=24593","title":{"rendered":"Piastri la pole y Colapinto 16\u00b0"},"content":{"rendered":"<h5>Colapinto qued\u00f3 afuera en Q1 y Piastri hizo la pole en el GP de Pa\u00edses Bajos. El australiano largar\u00e1 adelante en la carrera del domingo tras una ajustada definici\u00f3n con Norris. El argentino tuvo tr\u00e1fico en su vuelta r\u00e1pida y partir\u00e1 desde el 16\u00b0 lugar.<\/h5>\n<div class=\"containerGrid\">\n<div class=\"col6 author\">\n<h5><\/h5>\n<\/div>\n<\/div>\n<figure data-modal-description=\"Franco Colapinto, en acci\u00f3n en el GP de Pa\u00edses Bajos. (James Sutton\/Getty Images)\" data-modal-image=\"https:\/\/media.tycsports.com\/files\/2025\/08\/30\/877858\/franco-colapinto-f1_w862.webp\"><img loading=\"lazy\" decoding=\"async\" class=\"mainImg r16x9\" title=\"Franco Colapinto F1\" src=\"https:\/\/media.tycsports.com\/files\/2025\/08\/30\/877858\/franco-colapinto-f1_416x234.webp?v=1\" srcset=\"https:\/\/media.tycsports.com\/files\/2025\/08\/30\/877858\/franco-colapinto-f1_416x234.webp?v=1 960w,https:\/\/media.tycsports.com\/files\/2025\/08\/30\/877858\/franco-colapinto-f1_862x485.webp?v=1 1024w\" alt=\"Franco Colapinto F1\" width=\"416\" height=\"234\" \/><figcaption>Franco Colapinto, en acci\u00f3n en el GP de Pa\u00edses Bajos. (James Sutton\/Getty Images)<\/figcaption><\/figure>\n<p>La\u00a0<b>clasificaci\u00f3n del Gran Premio de Pa\u00edses Bajos<\/b>\u00a0dej\u00f3 sensaciones opuestas para los pilotos de McLaren y para el argentino\u00a0<b>Franco Colapinto<\/b>.<b>\u00a0Oscar Piastri se qued\u00f3 con la pole position<\/b>\u00a0en Zandvoort, mientras que\u00a0<b>el joven de Pilar no logr\u00f3 superar la Q1 y saldr\u00e1 desde el 16\u00b0 lugar<\/b>\u00a0en la carrera del domingo.<\/p>\n<div class=\"alsoReadContainer\">\n<h2 class=\"alsoReadText\"><\/h2>\n<\/div>\n<h2><\/h2>\n<p>&nbsp;<\/p>\n<ol>\n<li><b>Oscar Piastri (McLaren) \u2013 Q1: 1:09.338 | Q2: 1:08.964 | Q3: 1:08.662 | 18 vueltas<\/b><\/li>\n<li>Lando Norris (McLaren) \u2013 Q1: 1:09.469 | Q2: 1:08.874 | Q3: 1:08.674 | 18 vueltas<\/li>\n<li>Max Verstappen (Red Bull Racing) \u2013 Q1: 1:09.696 | Q2: 1:09.122 | Q3: 1:08.925 | 18 vueltas<\/li>\n<li>Isack Hadjar (Racing Bulls) \u2013 Q1: 1:09.966 | Q2: 1:09.439 | Q3: 1:09.208 | 18 vueltas<\/li>\n<li>George Russell (Mercedes) \u2013 Q1: 1:09.676 | Q2: 1:09.313 | Q3: 1:09.255 | 18 vueltas<\/li>\n<li>Charles Leclerc (Ferrari) \u2013 Q1: 1:09.906 | Q2: 1:09.304 | Q3: 1:09.340 | 22 vueltas<\/li>\n<li>Lewis Hamilton (Ferrari) \u2013 Q1: 1:09.900 | Q2: 1:09.261 | Q3: 1:09.390 | 21 vueltas<\/li>\n<li>Liam Lawson (Racing Bulls) \u2013 Q1: 1:09.779 | Q2: 1:09.383 | Q3: 1:09.500 | 18 vueltas<\/li>\n<li>Carlos Sainz (Williams) \u2013 Q1: 1:09.980 | Q2: 1:09.472 | Q3: 1:09.505 | 18 vueltas<\/li>\n<li>Fernando Alonso (Aston Martin) \u2013 Q1: 1:09.950 | Q2: 1:09.366 | Q3: 1:09.630 | 17 vueltas<\/li>\n<li>Kimi Antonelli (Mercedes) \u2013 Q1: 1:09.845 | Q2: 1:09.493 | 12 vueltas<\/li>\n<li>Yuki Tsunoda (Red Bull Racing) \u2013 Q1: 1:09.954 | Q2: 1:09.622 | 15 vueltas<\/li>\n<li>Gabriel Bortoleto (Kick Sauber) \u2013 Q1: 1:10.037 | Q2: 1:09.622 | 12 vueltas<\/li>\n<li>Pierre Gasly (Alpine) \u2013 Q1: 1:09.894 | Q2: 1:09.637 | 15 vueltas<\/li>\n<li>Alexander Albon (Williams) \u2013 Q1: 1:09.792 | Q2: 1:09.652 | 12 vueltas<\/li>\n<li><b>Franco Colapinto (Alpine) \u2013 Q1: 1:10.104 | 9 vueltas<\/b><\/li>\n<li>Nico H\u00fclkenberg (Kick Sauber) \u2013 Q1: 1:10.195 | 9 vueltas<\/li>\n<li>Esteban Ocon (Haas) \u2013 Q1: 1:10.197 | 9 vueltas<\/li>\n<li>Oliver Bearman (Haas) \u2013 Q1: 1:10.262 | 9 vueltas<\/li>\n<li>NC. Lance Stroll (Aston Martin) \u2013 DNF | 2 vueltas<\/li>\n<\/ol>\n<p><strong>EL LAMENTO DE COLAPINTO<\/strong><\/p>\n<p>El argentino apunt\u00f3 a los problemas que enfrent\u00f3 en el \u00faltimo sector del circuito en Zandvoort, con bloqueos de los pilotos de Williams y Haas que le impidieron mejorar sus tiempos.<\/p>\n<div class=\"containerGrid\">\n<div class=\"col6 author\"><\/div>\n<\/div>\n<figure data-modal-description=\"\" data-modal-image=\"https:\/\/media.tycsports.com\/files\/2025\/08\/30\/877849\/franco-colapinto_w862.webp\"><img loading=\"lazy\" decoding=\"async\" class=\"mainImg r16x9\" title=\"Franco Colapinto\" src=\"https:\/\/media.tycsports.com\/files\/2025\/08\/30\/877849\/franco-colapinto_416x234.webp?v=1\" srcset=\"https:\/\/media.tycsports.com\/files\/2025\/08\/30\/877849\/franco-colapinto_416x234.webp?v=1 960w,https:\/\/media.tycsports.com\/files\/2025\/08\/30\/877849\/franco-colapinto_862x485.webp?v=1 1024w\" alt=\"Franco Colapinto\" width=\"416\" height=\"234\" \/><\/figure>\n<p>Despu\u00e9s de un inicio de Gran Premio que hab\u00eda presentado una luz con su 9\u00b0 puesto en la FP2, el argentino\u00a0<a href=\"https:\/\/www.tycsports.com\/automovilismo\/f1-segui-en-vivo-la-clasificacion-del-gp-de-paises-bajos-id682675.html\" target=\"_blank\" rel=\"noopener\"><b>Franco Colapinto finalmente no pudo pasar de la Q1 en la clasificaci\u00f3n de Zandvoort y largar\u00e1 16\u00b0 en la carrera del domingo<\/b><\/a>. Tras la qualy, el piloto de Alpine\u00a0<b>apunt\u00f3 a algunos bloqueos que sufri\u00f3 en el \u00faltimo sector y que le impidieron mejorar sus marcas<\/b>.<\/p>\n<div class=\"alsoReadContainer\">\n<h2 class=\"alsoReadText\"><\/h2>\n<\/div>\n<p>\u00ab<i><b>Me taparon dos autos en el sector 3, (Carlos) Sainz y (Oliver) Bearman, y perd\u00ed mucho tiempo<\/b>. Ellos saben lo que hacen. Cuando ten\u00e9s un auto adelante a 2 segundos, perd\u00e9s mucha carga y se siente mucho. As\u00ed que es una pena porque hab\u00eda hecho una buena vuelta.\u00a0<b>Ven\u00eda con un buen primer y segundo sector, pero en el \u00faltimo perd\u00ed mucha carga<\/b>. Tendr\u00edamos que haber pasado, pero ahora estamos enfocados en ma\u00f1ana<\/i>\u00ab, explic\u00f3 el pilarense, tras la clasificaci\u00f3n en la que dej\u00f3 un mejor registro de 1:10.104.<\/p>\n<figure data-modal-description=\"Franco Colapinto largar\u00e1 16\u00b0 en el GP de Pa\u00edses Bajos tras presentar un mejor registro de 1:10.104. (Clive Rose\/Getty Images).\" data-modal-image=\"https:\/\/media.tycsports.com\/files\/2025\/08\/30\/877848\/franco-colapinto_w862.webp\"><img loading=\"lazy\" decoding=\"async\" class=\"mainImg r16x9\" title=\"Franco Colapinto\" src=\"https:\/\/media.tycsports.com\/files\/2025\/08\/30\/877848\/franco-colapinto_416x234.webp\" srcset=\"https:\/\/media.tycsports.com\/files\/2025\/08\/30\/877848\/franco-colapinto_416x234.webp 960w,https:\/\/media.tycsports.com\/files\/2025\/08\/30\/877848\/franco-colapinto_862x485.webp 1024w\" alt=\"Franco Colapinto\" width=\"416\" height=\"234\" data-src=\"https:\/\/media.tycsports.com\/files\/2025\/08\/30\/877848\/franco-colapinto_416x234.webp\" data-srcset=\"https:\/\/media.tycsports.com\/files\/2025\/08\/30\/877848\/franco-colapinto_416x234.webp 960w,https:\/\/media.tycsports.com\/files\/2025\/08\/30\/877848\/franco-colapinto_862x485.webp 1024w\" \/><figcaption>Franco Colapinto largar\u00e1 16\u00b0 en el GP de Pa\u00edses Bajos tras presentar un mejor registro de 1:10.104. (Clive Rose\/Getty Images).<\/figcaption><\/figure>\n<p>Su compa\u00f1ero,\u00a0<b>Pierre Gasly, logr\u00f3 pasar el primer corte, pero qued\u00f3 eliminado en la Q2 y largar\u00e1 14\u00b0, apenas por delante suyo<\/b>.\u00a0<i>\u00abHicimos unos cambios malos en la FP3. Para la qualy los revertimos y el auto andaba bien, andaba mejor<\/i>\u00ab, expres\u00f3 Colapinto, todav\u00eda lament\u00e1ndose por no haber podido aprovechar la situaci\u00f3n. \u00ab<i>Estuvo muy apretado. Por eso cuando pasan estas cosas da un poco de bronca, porque por muy poco no pasamos. Muy justito. Hay que seguir trabajando, ma\u00f1ana es una carrera larga<\/i>\u00ab, cerr\u00f3<\/p>\n<p>Al margen de la actuaci\u00f3n de Colapinto, lo cierto es que\u00a0<b>Zandvoort volvi\u00f3 a presentar un dominio absoluto de McLaren<\/b>, con un\u00a0<b>Oscar Piastri que se qued\u00f3 con la pole position tras presentar un registro de 1:08.662<\/b>. En tanto, su compa\u00f1ero de equipo,<b>\u00a0Lando Norris, finaliz\u00f3 apenas 0.012 detr\u00e1s suyo<\/b>, algo que anticipa una verdadera batalla entre los dos candidatos al t\u00edtulo el domingo.\u00a0<b>Max Verstappen, de Red Bull, ser\u00e1 quien largue desde la tercera posici\u00f3n, mientras que Isack Hadjar sorprendi\u00f3 a todos con un meritorio cuarto puesto<\/b> para Racing Bulls con un tiempo de 1:09.208. Fuente TyC Sports<\/p>\n<div class=\"embedContent\"><\/div>\n","protected":false},"excerpt":{"rendered":"<p>Colapinto qued\u00f3 afuera en Q1 y Piastri hizo la pole en el GP de Pa\u00edses Bajos. El australiano largar\u00e1 adelante en la carrera del domingo tras una ajustada definici\u00f3n con Norris. El argentino tuvo tr\u00e1fico en su vuelta r\u00e1pida y partir\u00e1 desde el 16\u00b0 lugar. Franco Colapinto, en acci\u00f3n en el GP de Pa\u00edses Bajos. &hellip;<\/p>\n","protected":false},"author":2,"featured_media":24594,"comment_status":"open","ping_status":"open","sticky":false,"template":"","format":"standard","meta":{"footnotes":""},"categories":[2],"tags":[],"class_list":["post-24593","post","type-post","status-publish","format-standard","has-post-thumbnail","hentry","category-automovilismo"],"_links":{"self":[{"href":"https:\/\/www.sportchaco.com.ar\/index.php?rest_route=\/wp\/v2\/posts\/24593","targetHints":{"allow":["GET"]}}],"collection":[{"href":"https:\/\/www.sportchaco.com.ar\/index.php?rest_route=\/wp\/v2\/posts"}],"about":[{"href":"https:\/\/www.sportchaco.com.ar\/index.php?rest_route=\/wp\/v2\/types\/post"}],"author":[{"embeddable":true,"href":"https:\/\/www.sportchaco.com.ar\/index.php?rest_route=\/wp\/v2\/users\/2"}],"replies":[{"embeddable":true,"href":"https:\/\/www.sportchaco.com.ar\/index.php?rest_route=%2Fwp%2Fv2%2Fcomments&post=24593"}],"version-history":[{"count":1,"href":"https:\/\/www.sportchaco.com.ar\/index.php?rest_route=\/wp\/v2\/posts\/24593\/revisions"}],"predecessor-version":[{"id":24595,"href":"https:\/\/www.sportchaco.com.ar\/index.php?rest_route=\/wp\/v2\/posts\/24593\/revisions\/24595"}],"wp:featuredmedia":[{"embeddable":true,"href":"https:\/\/www.sportchaco.com.ar\/index.php?rest_route=\/wp\/v2\/media\/24594"}],"wp:attachment":[{"href":"https:\/\/www.sportchaco.com.ar\/index.php?rest_route=%2Fwp%2Fv2%2Fmedia&parent=24593"}],"wp:term":[{"taxonomy":"category","embeddable":true,"href":"https:\/\/www.sportchaco.com.ar\/index.php?rest_route=%2Fwp%2Fv2%2Fcategories&post=24593"},{"taxonomy":"post_tag","embeddable":true,"href":"https:\/\/www.sportchaco.com.ar\/index.php?rest_route=%2Fwp%2Fv2%2Ftags&post=24593"}],"curies":[{"name":"wp","href":"https:\/\/api.w.org\/{rel}","templated":true}]}}