{"id":24596,"date":"2025-08-31T00:16:41","date_gmt":"2025-08-31T03:16:41","guid":{"rendered":"https:\/\/www.sportchaco.com.ar\/?p=24596"},"modified":"2025-08-31T00:16:52","modified_gmt":"2025-08-31T03:16:52","slug":"efemerides-del-31-de-agosto","status":"publish","type":"post","link":"https:\/\/www.sportchaco.com.ar\/?p=24596","title":{"rendered":"Efem\u00e9rides del 31 de agosto"},"content":{"rendered":"<div class=\"container fullwidth-entry-title-wrapper\">\n<div class=\"container-wrapper fullwidth-entry-title\">\n<header class=\"entry-header-outer\">\n<div class=\"entry-header\">\n<h1 class=\"post-title entry-title\"><\/h1>\n<div class=\"single-post-meta post-meta clearfix\"><\/div>\n<\/div>\n<\/header>\n<\/div>\n<\/div>\n<div id=\"content\" class=\"site-content container\">\n<div id=\"main-content-row\" class=\"tie-row main-content-row\">\n<div class=\"main-content tie-col-md-8 tie-col-xs-12\" role=\"main\">\n<article id=\"the-post\" class=\"container-wrapper post-content tie-standard\">\n<div class=\"featured-area\">\n<div class=\"featured-area-inner\"><\/div>\n<\/div>\n<div class=\"entry-content entry clearfix\">\n<p><strong>Esta es la Efem\u00e9rides del Deporte en el Chaco de un 31 de agosto periodista Luis Dar\u00edo Molodezky.<\/strong><\/p>\n<p><img loading=\"lazy\" decoding=\"async\" class=\"alignnone size-medium wp-image-24494 aligncenter\" src=\"https:\/\/www.sportchaco.com.ar\/wp-content\/uploads\/2025\/08\/Luis-Dario-11-08-2025-3-1-226x300.jpeg\" alt=\"\" width=\"226\" height=\"300\" srcset=\"https:\/\/www.sportchaco.com.ar\/wp-content\/uploads\/2025\/08\/Luis-Dario-11-08-2025-3-1-226x300.jpeg 226w, https:\/\/www.sportchaco.com.ar\/wp-content\/uploads\/2025\/08\/Luis-Dario-11-08-2025-3-1-771x1024.jpeg 771w, https:\/\/www.sportchaco.com.ar\/wp-content\/uploads\/2025\/08\/Luis-Dario-11-08-2025-3-1-768x1021.jpeg 768w, https:\/\/www.sportchaco.com.ar\/wp-content\/uploads\/2025\/08\/Luis-Dario-11-08-2025-3-1-1156x1536.jpeg 1156w, https:\/\/www.sportchaco.com.ar\/wp-content\/uploads\/2025\/08\/Luis-Dario-11-08-2025-3-1.jpeg 1204w\" sizes=\"auto, (max-width: 226px) 100vw, 226px\" \/><\/p>\n<p><strong>1936\u00a0<\/strong>\/ Mauro Villordo se impone en la competencia Doble La Escondida, organizada por el Club Ottavio Botecchia, empleando 5 horas y 4 minutos, a un promedio de 25,980 km\/ hora. Segundo Atanasio Osuna y tercero Rino Montaner.<\/p>\n<p><strong>1955 \/<\/strong>\u00a0Nace Jes\u00fas Vicente L\u00f3pez Ordaz Fue cuatro veces campe\u00f3n nacional en lanzamiento de jabalina, particip\u00f3 de las Olimpiadas Paralelas de Mosc\u00fa y del Iberoamericano de M\u00e9xico. Se recibi\u00f3 en Corrientes de profesor de educaci\u00f3n f\u00edsica y luego sum\u00f3 t\u00edtulos de perfeccionamiento, que lo aplic\u00f3 en la docencia y en las pistas \u201cEl gallego\u201d se retir\u00f3 como vicerrector del INTEF, al que le puso por a\u00f1os talento y ganas. Tiene tres hermanos en Espa\u00f1a, donde tambi\u00e9n est\u00e1 su hijo Dar\u00edo, ex futbolista de Sarmiento.<\/p>\n<p><strong>1958\u00a0<\/strong>\/ El equipo de Villa San Mart\u00edn se adjudica el Torneo Abierto de Pesca del Dorado disputado en Paso de la Patria. Segundo se clasificaron los representantes del Paran\u00e1 Rowing Club.<\/p>\n<p><strong>1977 \/<\/strong>\u00a0El club Deportivo Uni\u00f3n de Pampa Alegr\u00eda, realiza la demarcaci\u00f3n del terreno otrogado por la Municipalidad de la ciudad Termal, para construir su campo de deportes. Esta ubicado en laQuinta 14, calle 51 a poca distancia de las v\u00edas que une S\u00e1enz Pe\u00f1a con Juan Jos\u00e9 Castelli y su dimensi\u00f3n es de 116 por 210 metros.<\/p>\n<p><strong>1979\u00a0<\/strong>\/ La Liga Chaque\u00f1a de F\u00fatbol rechaza la designaci\u00f3n de Talleres de C\u00f3rdoba para jugar los torneos de AFA, al sostener que se efect\u00faa sin consultar al f\u00fatbol del interior, y vulnera el sistema estatutario y reglamentario, y no se compadece con los intereses institucionales, deportivos y econ\u00f3micos del f\u00fatbol del interior.<\/p>\n<p><strong>2006\u00a0<\/strong>\/ Santiago Moreno Kaenel se consagra Campe\u00f3n Argentino de Ajedrez en categor\u00eda Sub-12, y clasifica para el Mundial de Georgia. El certamen se desarroll\u00f3 en Presidencia Roque S\u00e1enz Pe\u00f1a.<\/p>\n<p><strong>2006\u00a0<\/strong>\/ La ajedrecista saenzpe\u00f1ense Silvana Agnello clasifica segunda en el Campeonato Argentino de Ajedrez Sub-18 \u201cfemenino\u201d, que se disputa en la ciudad entrerriana de Col\u00f3n. Clasifica para el Torneo Panamericano y para el Festival Mundial de la Juventud, del mes de octubre en Batumi (Georgia).<\/p>\n<p><strong>2007\u00a0<\/strong>\/ Javier \u00c1lvarez falla en su intento mundialista frente a Fana Mzonke al perder por KO 9, pelea realizada en Bloemfontain (Sud\u00e1frica), por el t\u00edtulo mundial de la FIB. El chaque\u00f1o pes\u00f3 58,900 kg.<\/p>\n<p><strong>2018 \/<\/strong>\u00a0Juventud de Villa Centenario se consagra por primera vez en sus -por entonces- casi 80 a\u00f1os de vida, campe\u00f3n del Oficial de Primera de la Asociaci\u00f3n de Basquetbol de Resistencia. En los play off\u00a0 finales super\u00f3 2-1 a Villa San Mart\u00edn 89-94; 74-71 y 76-69. El plantel estuvo integrado por Pablo Sosa, Hern\u00e1n Zequeira, Marco Tortarolo, Nicol\u00e1s Castillo; Alejandro Garc\u00eda Luque; Imanol Capdevila, Maximiliano Barrios, Juan Vallejos, Luciano Gim\u00e9nez (Capit\u00e1n); Edgar P\u00e9rez, Nicol\u00e1s O\u2019Connor; Lucas Rosso; Gonzalo Flores. DT: Fernando Rosso. AT: Martin Sosa. Santiago Mula, Kinesi\u00f3logo.<\/p>\n<p><strong>2022 \/<\/strong>\u00a0En el estadio Centenario con m\u00e1s de 25 mil espectadores, River Plate gole\u00f3 a Defensa y Justicia en los cuartos de final de la Copa Argentina por 4 a 0, con tres goles de Pablo Solari y uno de Lucas Beltr\u00e1n.\u00a0 El millonario form\u00f3 con Franco Armani (Exequil Centuri\u00f3n) ; Marcelo Herrera (El\u00edas G\u00f3mez) , Emanuel Mammana, Paulo D\u00edaz y Milton Casco; Juan Fernando Quintero (Santiago Sim\u00f3n), Enzo P\u00e9rez, Rodrigo Aliendro y Nicol\u00e1s De La Cruz (Agust\u00edn Palavecino); Lucas Beltr\u00e1n y Pablo Solari DT: Marcelo Gallardo.<\/p>\n<p><strong>Foto portada: Juventud de Villa Centenario consigue su \u00fanico t\u00edtulo de la ABR en 2018.<\/strong><\/p>\n<div class=\"user-query-container user-query-bubble-container ng-star-inserted\">\n<div id=\"user-query-content-8\" class=\"query-content ng-star-inserted verticle-align-for-single-line-text\" data-hveid=\"0\" data-ved=\"0CAAQ3ucQahgKEwik-5jbmbCPAxUAAAAAHQAAAAAQvwE\">\n<div class=\"query-text gds-body-l\" dir=\"ltr\" role=\"heading\" aria-level=\"2\">\n<p class=\"query-text-line ng-star-inserted\">\n<\/div>\n<\/div>\n<\/div>\n<div>\n<div class=\"response-container ng-tns-c4106305730-64 response-container-with-gpi ng-star-inserted response-container-has-multiple-responses\" data-hveid=\"1\">\n<div class=\"response-container-header ng-tns-c4106305730-64 ng-star-inserted\">\n<div class=\"response-container-header-controls ng-tns-c4106305730-64\">\n<div class=\"response-tts-container ng-star-inserted\" data-test-draft-id=\"rc_25d9e7d58860e376\">\n<div class=\"mat-mdc-tooltip-trigger tts-button-container mat-mdc-tooltip-disabled\" data-test-id=\"disabled-tooltip\"><\/div>\n<\/div>\n<div class=\"mat-mdc-menu-trigger playback-speed-menu-trigger multi\" role=\"menu\" aria-haspopup=\"menu\" aria-expanded=\"false\"><\/div>\n<\/div>\n<div class=\"response-container-header-status ng-tns-c4106305730-64\">\n<div class=\"response-container-header-processing-state ng-tns-c4106305730-64\"><\/div>\n<\/div>\n<\/div>\n<div class=\"presented-response-container ng-tns-c4106305730-64\">\n<div class=\"avatar-gutter ng-tns-c4106305730-64 ng-star-inserted\">\n<div class=\"bard-avatar ng-tns-c3277165022-65\">\n<div class=\"avatar-container ng-tns-c3277165022-65 ng-trigger ng-trigger-scaleDown\">\n<div class=\"avatar avatar_primary ng-tns-c3277165022-65 ng-star-inserted\">\n<div class=\"avatar_primary_model ng-tns-c3277165022-65 is-gpi-avatar\">\n<div class=\"avatar_primary_animation is-gpi-avatar ng-tns-c3277165022-65 aurora-enabled ng-star-inserted\" data-test-lottie-animation-status=\"completed\"><\/div>\n<\/div>\n<\/div>\n<\/div>\n<div class=\"avatar_spinner_animation ng-tns-c3277165022-65 ng-star-inserted\"><strong>EN EL CHACO<\/strong><\/div>\n<\/div>\n<\/div>\n<div class=\"response-container-content ng-tns-c4106305730-64\">\n<div class=\"ng-tns-c1130770581-66\"><\/div>\n<div class=\"response-content ng-tns-c4106305730-64\">\n<div id=\"model-response-message-contentr_1b42dc56e3541836\" class=\"markdown markdown-main-panel enable-updated-hr-color\" dir=\"ltr\">\n<p>El 31 de agosto, en el Chaco, se destaca el <b>D\u00eda de la Gobernaci\u00f3n del Territorio Nacional del Chaco<\/b>.<\/p>\n<p>Esta fecha conmemora la creaci\u00f3n de la Gobernaci\u00f3n de los Territorios del Chaco en 1872, lo que marc\u00f3 un hito en la organizaci\u00f3n administrativa de la regi\u00f3n. Fue un paso fundamental para la consolidaci\u00f3n del control estatal y el posterior desarrollo de la provincia.<\/p>\n<\/div>\n<p>&nbsp;<\/p>\n<div id=\"model-response-message-contentr_1b42dc56e3541836\" class=\"markdown markdown-main-panel enable-updated-hr-color\" dir=\"ltr\">\n<p><strong>ARGENTINA\u00a0<\/strong><\/p>\n<ul>\n<li><b>D\u00eda de la Fragata A.R.A. \u00abPresidente Sarmiento\u00bb<\/b>: Se conmemora esta fecha en honor al buque escuela de la Armada Argentina, declarado Monumento Hist\u00f3rico Nacional.<\/li>\n<li><b>D\u00eda de la Obstetricia y de la Embarazada<\/b>: Se celebra en el pa\u00eds en conmemoraci\u00f3n a San Ram\u00f3n Nonato, patrono de las embarazadas y los obstetras.<\/li>\n<li><b>1951<\/b>: <b>El renunciamiento de Eva Per\u00f3n<\/b>. En un acto masivo, Eva Per\u00f3n anuncia su \u00abirrevocable decisi\u00f3n\u00bb de no aceptar la candidatura a la vicepresidencia de la Naci\u00f3n en la f\u00f3rmula para la reelecci\u00f3n de su marido, Juan Domingo Per\u00f3n.<\/li>\n<li><b>1994<\/b>: <b>V\u00e9lez Sarsfield campe\u00f3n de Am\u00e9rica<\/b>. Bajo la direcci\u00f3n t\u00e9cnica de Carlos Bianchi, V\u00e9lez gana por primera vez en su historia la Copa Libertadores de Am\u00e9rica al vencer en la final al club San Pablo de Brasil por penales.<\/li>\n<li><b>1999<\/b>: <b>Tragedia de LAPA<\/b>. Un avi\u00f3n de la aerol\u00ednea LAPA se estrella al intentar despegar del Aeroparque Jorge Newbery de Buenos Aires, causando la muerte de 67 personas.<\/li>\n<\/ul>\n<p>&nbsp;<\/p>\n<h3>En el Mundo<\/h3>\n<p>&nbsp;<\/p>\n<ul>\n<li><b>D\u00eda Internacional de la Solidaridad<\/b>: Se conmemora la fundaci\u00f3n del movimiento polaco \u00abSolidaridad\u00bb en 1980, un sindicato que jug\u00f3 un papel fundamental en la transici\u00f3n democr\u00e1tica de Polonia.<\/li>\n<li><b>D\u00eda Internacional de los Afrodescendientes<\/b>: Aprobado por la Asamblea General de la ONU, este d\u00eda busca promover el respeto por los derechos humanos y las libertades fundamentales de las personas afrodescendientes.<\/li>\n<li><b>1997<\/b>: <b>Fallece la Princesa Diana de Gales<\/b>. Lady Di muere en un tr\u00e1gico accidente automovil\u00edstico en un t\u00fanel de Par\u00eds, junto a su pareja Dodi Al-Fayed y el conductor del veh\u00edculo, mientras eran perseguidos por la prensa.<\/li>\n<li><b>1990<\/b>: <b>Tratado de Reunificaci\u00f3n Alemana<\/b>. Los gobiernos de la Rep\u00fablica Democr\u00e1tica de Alemania (oriental) y la Rep\u00fablica Federal de Alemania (occidental) firman en Berl\u00edn un acuerdo para la reunificaci\u00f3n del pa\u00eds.<\/li>\n<li><b>1949<\/b>: Nace el actor estadounidense <b>Richard Gere<\/b>.<\/li>\n<li><b>1970<\/b>: Nace el m\u00fasico argentino <b>Leo Garc\u00eda<\/b>.<\/li>\n<\/ul>\n<\/div>\n<\/div>\n<\/div>\n<\/div>\n<\/div>\n<\/div>\n<\/div>\n<\/article>\n<\/div>\n<\/div>\n<\/div>\n","protected":false},"excerpt":{"rendered":"<p>Esta es la Efem\u00e9rides del Deporte en el Chaco de un 31 de agosto periodista Luis Dar\u00edo Molodezky. 1936\u00a0\/ Mauro Villordo se impone en la competencia Doble La Escondida, organizada por el Club Ottavio Botecchia, empleando 5 horas y 4 minutos, a un promedio de 25,980 km\/ hora. Segundo Atanasio Osuna y tercero Rino Montaner. &hellip;<\/p>\n","protected":false},"author":2,"featured_media":24597,"comment_status":"open","ping_status":"open","sticky":false,"template":"","format":"standard","meta":{"footnotes":""},"categories":[38,45],"tags":[],"class_list":["post-24596","post","type-post","status-publish","format-standard","has-post-thumbnail","hentry","category-agosto","category-efemerides-dia-por-dia"],"_links":{"self":[{"href":"https:\/\/www.sportchaco.com.ar\/index.php?rest_route=\/wp\/v2\/posts\/24596","targetHints":{"allow":["GET"]}}],"collection":[{"href":"https:\/\/www.sportchaco.com.ar\/index.php?rest_route=\/wp\/v2\/posts"}],"about":[{"href":"https:\/\/www.sportchaco.com.ar\/index.php?rest_route=\/wp\/v2\/types\/post"}],"author":[{"embeddable":true,"href":"https:\/\/www.sportchaco.com.ar\/index.php?rest_route=\/wp\/v2\/users\/2"}],"replies":[{"embeddable":true,"href":"https:\/\/www.sportchaco.com.ar\/index.php?rest_route=%2Fwp%2Fv2%2Fcomments&post=24596"}],"version-history":[{"count":3,"href":"https:\/\/www.sportchaco.com.ar\/index.php?rest_route=\/wp\/v2\/posts\/24596\/revisions"}],"predecessor-version":[{"id":24635,"href":"https:\/\/www.sportchaco.com.ar\/index.php?rest_route=\/wp\/v2\/posts\/24596\/revisions\/24635"}],"wp:featuredmedia":[{"embeddable":true,"href":"https:\/\/www.sportchaco.com.ar\/index.php?rest_route=\/wp\/v2\/media\/24597"}],"wp:attachment":[{"href":"https:\/\/www.sportchaco.com.ar\/index.php?rest_route=%2Fwp%2Fv2%2Fmedia&parent=24596"}],"wp:term":[{"taxonomy":"category","embeddable":true,"href":"https:\/\/www.sportchaco.com.ar\/index.php?rest_route=%2Fwp%2Fv2%2Fcategories&post=24596"},{"taxonomy":"post_tag","embeddable":true,"href":"https:\/\/www.sportchaco.com.ar\/index.php?rest_route=%2Fwp%2Fv2%2Ftags&post=24596"}],"curies":[{"name":"wp","href":"https:\/\/api.w.org\/{rel}","templated":true}]}}