{"id":2461,"date":"2023-11-02T18:23:59","date_gmt":"2023-11-02T21:23:59","guid":{"rendered":"https:\/\/www.sportchaco.com.ar\/?p=2461"},"modified":"2023-11-02T18:27:34","modified_gmt":"2023-11-02T21:27:34","slug":"pergolini-como-billete-de-dos-dolares","status":"publish","type":"post","link":"https:\/\/www.sportchaco.com.ar\/?p=2461","title":{"rendered":"Pergolini, como billete de dos d\u00f3lares"},"content":{"rendered":"<h1><\/h1>\n<p class=\"description\"><strong>El exvicepresidente, quien se alej\u00f3 de la actual gesti\u00f3n enemistado con Ameal y Rom\u00e1n, se mostr\u00f3 entusiasmado con la final de la Copa Libertadores ante Fluminense y fue autocr\u00edtico.<\/strong><\/p>\n<div class=\"article-info\">\n<div class=\"article-info-left\">\n<div class=\"article-autor-info\">\n<div class=\"article-autor-name\"><\/div>\n<\/div>\n<\/div>\n<\/div>\n<figure class=\"rat16x9\"><strong><img decoding=\"async\" title=\"Pergolini\" src=\"https:\/\/media.tycsports.com\/files\/2023\/11\/02\/640357\/pergolini_416x234.webp\" srcset=\"https:\/\/media.tycsports.com\/files\/2023\/11\/02\/640357\/pergolini_416x234.webp 480w ,https:\/\/media.tycsports.com\/files\/2023\/11\/02\/640357\/pergolini_862x485.webp 1080w \" alt=\"Pergolini\" \/><\/strong><\/figure>\n<p class=\"capital\">El exvicepresidente de\u00a0Boca\u00a0en la actual gesti\u00f3n de Jorge Ameal,\u00a0Mario Pergolini, quien renunci\u00f3 a su cargo en 2021 por diferencias con la conducci\u00f3n,\u00a0asegur\u00f3 que ojal\u00e1 el Xeneize gane la fnal de la Copa Libertadores este s\u00e1bado ante Fluminense aunque \u00abRom\u00e1n se quede para toda la vida\u00bb, en alusi\u00f3n a las elecciones que tendr\u00e1 el club el 12 de diciembre.<\/p>\n<div class=\"watchto-wrap\">\n<div class=\"watchto\"><\/div>\n<\/div>\n<p>En una entrevista con radio\u00a0<i>Nacional AM 870<\/i>, el comunicador se mostr\u00f3 autocr\u00edtico sobre su salida del club:\u00a0<i>\u00abFui cambiando los sentimientos desde que me fui de la dirigencia de Boca.\u00a0Uno a veces peca de creer que si le va bien en algo puede trasladarlo a cualquier lado. Fui con esa vanidad y no me di cuenta que deber\u00eda haber conocido m\u00e1s las pol\u00edticas internas\u00a0de los clubes\u00bb<\/i>.<\/p>\n<p>&nbsp;<\/p>\n<p>Asimismo, el exconductor televisivo analiz\u00f3 c\u00f3mo influir\u00e1 el compromiso de este s\u00e1bado en el futuro de la instituci\u00f3n.\u00a0<i>\u00abCreo que cambia mucho lo que suceda el s\u00e1bado.\u00a0Si le va bien, no hay que discutir nada ya. Yo creo que s\u00ed, que ojal\u00e1 que ganemos el s\u00e1bado\u00a0como dec\u00eda uno el otro d\u00eda: &#8216;No, no s\u00e9 porque sino se queda Riquelme&#8217;.\u00a0Mejor ganemos la s\u00e9ptima y que se quede a vivir en el club para toda la vida, pero ahora si no la gana va a despertar otras cosas para charlar\u00bb<\/i>, reconoci\u00f3.<\/p>\n<p>&nbsp;<\/p>\n<div class=\"watchto-wrap\">\n<div class=\"watchto\"><\/div>\n<\/div>\n<p>Adem\u00e1s, destac\u00f3 la aparici\u00f3n de varios futbolistas j\u00f3venes en la Primera del club el \u00faltimo tiempo, como Valent\u00edn barco, Luca Langoni, Cristian Medina y Exequiel Zeballos.<i>\u00a0\u00abBoca no ha logrado tener un gran equipo pero ac\u00e1 estamos. El patrimonio del club con los chicos que han salido, hacia rato que no lo ve\u00edamos.\u00a0No me gusta Almir\u00f3n pero es lo que hay. Los anteriores se fueron por mucho menos\u00bb<\/i>, argument\u00f3.<\/p>\n<p>&nbsp;<\/p>\n<p>Por \u00faltimo, si bien no recalc\u00f3 que se postular\u00e1 para presidente en las pr\u00f3ximas elecciones tal como\u00a0<a href=\"https:\/\/www.tycsports.com\/boca-juniors\/mario-pergolini-candidato-presidente-boca-id512796.html\" target=\"_blank\" rel=\"noopener\">hab\u00eda anunciado en mayo de este a\u00f1o<\/a>, reconoci\u00f3 que est\u00e1 trabajando y sigue vinculado a la pol\u00edtica de Boca.\u00a0<i>\u00abHe trabajado mucho estos dos a\u00f1os tanto con oficialistas m\u00e1s disidentes, hablo con (Jorge) Reale, (Andr\u00e9s) Ibarra, con todos los que quieran participar de esto, porque creo que tengo que hacer una autocr\u00edtica\u00bb<\/i>, cerr\u00f3.<\/p>\n","protected":false},"excerpt":{"rendered":"<p>El exvicepresidente, quien se alej\u00f3 de la actual gesti\u00f3n enemistado con Ameal y Rom\u00e1n, se mostr\u00f3 entusiasmado con la final de la Copa Libertadores ante Fluminense y fue autocr\u00edtico. El exvicepresidente de\u00a0Boca\u00a0en la actual gesti\u00f3n de Jorge Ameal,\u00a0Mario Pergolini, quien renunci\u00f3 a su cargo en 2021 por diferencias con la conducci\u00f3n,\u00a0asegur\u00f3 que ojal\u00e1 el Xeneize &hellip;<\/p>\n","protected":false},"author":2,"featured_media":2463,"comment_status":"open","ping_status":"open","sticky":false,"template":"","format":"standard","meta":{"footnotes":""},"categories":[44],"tags":[],"class_list":["post-2461","post","type-post","status-publish","format-standard","has-post-thumbnail","hentry","category-varios"],"_links":{"self":[{"href":"https:\/\/www.sportchaco.com.ar\/index.php?rest_route=\/wp\/v2\/posts\/2461","targetHints":{"allow":["GET"]}}],"collection":[{"href":"https:\/\/www.sportchaco.com.ar\/index.php?rest_route=\/wp\/v2\/posts"}],"about":[{"href":"https:\/\/www.sportchaco.com.ar\/index.php?rest_route=\/wp\/v2\/types\/post"}],"author":[{"embeddable":true,"href":"https:\/\/www.sportchaco.com.ar\/index.php?rest_route=\/wp\/v2\/users\/2"}],"replies":[{"embeddable":true,"href":"https:\/\/www.sportchaco.com.ar\/index.php?rest_route=%2Fwp%2Fv2%2Fcomments&post=2461"}],"version-history":[{"count":1,"href":"https:\/\/www.sportchaco.com.ar\/index.php?rest_route=\/wp\/v2\/posts\/2461\/revisions"}],"predecessor-version":[{"id":2462,"href":"https:\/\/www.sportchaco.com.ar\/index.php?rest_route=\/wp\/v2\/posts\/2461\/revisions\/2462"}],"wp:featuredmedia":[{"embeddable":true,"href":"https:\/\/www.sportchaco.com.ar\/index.php?rest_route=\/wp\/v2\/media\/2463"}],"wp:attachment":[{"href":"https:\/\/www.sportchaco.com.ar\/index.php?rest_route=%2Fwp%2Fv2%2Fmedia&parent=2461"}],"wp:term":[{"taxonomy":"category","embeddable":true,"href":"https:\/\/www.sportchaco.com.ar\/index.php?rest_route=%2Fwp%2Fv2%2Fcategories&post=2461"},{"taxonomy":"post_tag","embeddable":true,"href":"https:\/\/www.sportchaco.com.ar\/index.php?rest_route=%2Fwp%2Fv2%2Ftags&post=2461"}],"curies":[{"name":"wp","href":"https:\/\/api.w.org\/{rel}","templated":true}]}}