{"id":24641,"date":"2025-08-31T18:37:02","date_gmt":"2025-08-31T21:37:02","guid":{"rendered":"https:\/\/www.sportchaco.com.ar\/?p=24641"},"modified":"2025-09-01T11:54:22","modified_gmt":"2025-09-01T14:54:22","slug":"deportivo-lujan-es-el-nuevo-campeon-de-la-liga-chaquena","status":"publish","type":"post","link":"https:\/\/www.sportchaco.com.ar\/?p=24641","title":{"rendered":"Deportivo Luj\u00e1n es el nuevo campe\u00f3n de la Liga Chaque\u00f1a"},"content":{"rendered":"<p><strong>31-08-2025<\/strong><\/p>\n<p><img loading=\"lazy\" decoding=\"async\" class=\"aligncenter wp-image-20491 size-full\" src=\"https:\/\/www.sportchaco.com.ar\/wp-content\/uploads\/2025\/06\/PARQUE-SOLAR_720x90-01.gif\" alt=\"\" width=\"720\" height=\"90\" \/><\/p>\n<p>Deportivo Luj\u00e1n se consagr\u00f3 campe\u00f3n del torneo Apertura de Primera Divisi\u00f3n de la Liga Chaque\u00f1a tras ganarle en la 21\u00aa y \u00faltima fecha al Deportivo Itat\u00ed. Fue 1 a 0 tras el gol ag\u00f3nico de Mat\u00edas Quintana Caba\u00f1a. El equipo de Villa R\u00edo Negro disputar\u00e1 en el a\u00f1o 2026 el torneo Regional Amateur.<\/p>\n<p>Es el primer t\u00edtulo en la m\u00e1xima divisi\u00f3n para el equipo de Villa R\u00edo Negro que, adem\u00e1s, disput\u00f3 este campeonato siendo el campe\u00f3n de la Primera B el a\u00f1o pasado. Logrando as\u00ed un hecho hist\u00f3rico en la Liga consiguiendo dos estrellas consecutivas en diferentes torneos.<\/p>\n<p>Adem\u00e1s, Central Norte tambi\u00e9n gan\u00f3 su partido ante Tiro FC y Estudiantes se lo dio vuelta en el final a CUNE.<\/p>\n<p><img decoding=\"async\" src=\"https:\/\/scontent.fcnq2-1.fna.fbcdn.net\/v\/t39.30808-6\/542799253_24596002836704566_1355218546300365398_n.jpg?_nc_cat=102&amp;ccb=1-7&amp;_nc_sid=127cfc&amp;_nc_ohc=6Z60fhbbk3AQ7kNvwGuiCCT&amp;_nc_oc=AdlkptadSglGm9KzQ2PY_ooKTd_AW8IAG2i3kLPapX6iThl7gaJ-BQzonDuf9fMx87Q&amp;_nc_zt=23&amp;_nc_ht=scontent.fcnq2-1.fna&amp;_nc_gid=o7cGpeYoSWfy5rMSVBWzMw&amp;oh=00_AfUXQlgt_3Vux4KEBMN6CUQXk0sLK7Zsath1OwTajcyw1w&amp;oe=68BB95D3\" alt=\"Puede ser una imagen de 5 personas, personas jugando al f\u00fatbol, personas jugando al f\u00fatbol y texto\" \/><\/p>\n<p><strong>TORNEO APERTURA \u00abAM\u00c9RICO MAZZAFERRO\u00bb<br \/>\n<\/strong><b>TODA LA 21\u00aa FECHA<br \/>\n<\/b><strong>S\u00e1bado 30-08<\/strong><br \/>\nPoliciales 1 \u2013 Regional 1, en V\u00e9lez<br \/>\nFontana 1 \u2013 Don Orione 0<br \/>\nIndep. Tirol 4 \u2013 San Mart\u00edn (MB) 5<br \/>\nSarmiento 2 \u2013 Juventud 3<br \/>\nFor Ever 0 \u2013 Defensores 4, en Estudiantes<br \/>\nRcia. Central 2 \u2013 Bancarios 1<br \/>\nMunicipal (MB) 1 \u2013 Villa Alvear 0<br \/>\nEl Nacional 1 \u2013 Central Ben\u00edtez 0, en Bancarios<\/p>\n<p><strong>Domingo 31-08<\/strong><br \/>\nDep. Itat\u00ed 0 \u2013 Deportivo Luj\u00e1n 1, en Bancarios<br \/>\nTiro FC 0 \u2013 Central Norte 2, en Rcia. Central<br \/>\nEstudiantes 2 \u2013 CUNE 1<\/p>\n<p><strong>POSICIONES<\/strong><br \/>\nDep. Luj\u00e1n 46 <em>(campe\u00f3n)<\/em><br \/>\nCentral Norte 45<br \/>\nEstudiantes 44<br \/>\nDefensores 41<br \/>\nRcia. Central 38<br \/>\nFontana 37<br \/>\nSan Mart\u00edn (MB) 36<br \/>\nDon Orione 32<br \/>\nPoliciales 32<br \/>\nRegional 32<br \/>\nJuventud 28<br \/>\nFor Ever 26<br \/>\nCentral Ben\u00edtez 25<br \/>\nDep. Itat\u00ed 24<br \/>\nBancarios 22<br \/>\nEl Nacional 22<br \/>\nSarmiento 22<br \/>\nTiro FC 20<br \/>\nIndep. Tirol 19<br \/>\nCUNE 17<br \/>\nMunicipal (MB) 14<br \/>\nVilla Alvear 14<\/p>\n<p><img loading=\"lazy\" decoding=\"async\" class=\"aligncenter wp-image-20405 size-full\" src=\"https:\/\/www.sportchaco.com.ar\/wp-content\/uploads\/2025\/06\/BANNER-WEB-CHACO-JUEGA_300x250-1.gif\" alt=\"\" width=\"626\" height=\"522\" \/><\/p>\n","protected":false},"excerpt":{"rendered":"<p>31-08-2025 Deportivo Luj\u00e1n se consagr\u00f3 campe\u00f3n del torneo Apertura de Primera Divisi\u00f3n de la Liga Chaque\u00f1a tras ganarle en la 21\u00aa y \u00faltima fecha al Deportivo Itat\u00ed. Fue 1 a 0 tras el gol ag\u00f3nico de Mat\u00edas Quintana Caba\u00f1a. El equipo de Villa R\u00edo Negro disputar\u00e1 en el a\u00f1o 2026 el torneo Regional Amateur. Es &hellip;<\/p>\n","protected":false},"author":3,"featured_media":24642,"comment_status":"open","ping_status":"open","sticky":false,"template":"","format":"standard","meta":{"footnotes":""},"categories":[5],"tags":[],"class_list":["post-24641","post","type-post","status-publish","format-standard","has-post-thumbnail","hentry","category-futbol"],"_links":{"self":[{"href":"https:\/\/www.sportchaco.com.ar\/index.php?rest_route=\/wp\/v2\/posts\/24641","targetHints":{"allow":["GET"]}}],"collection":[{"href":"https:\/\/www.sportchaco.com.ar\/index.php?rest_route=\/wp\/v2\/posts"}],"about":[{"href":"https:\/\/www.sportchaco.com.ar\/index.php?rest_route=\/wp\/v2\/types\/post"}],"author":[{"embeddable":true,"href":"https:\/\/www.sportchaco.com.ar\/index.php?rest_route=\/wp\/v2\/users\/3"}],"replies":[{"embeddable":true,"href":"https:\/\/www.sportchaco.com.ar\/index.php?rest_route=%2Fwp%2Fv2%2Fcomments&post=24641"}],"version-history":[{"count":8,"href":"https:\/\/www.sportchaco.com.ar\/index.php?rest_route=\/wp\/v2\/posts\/24641\/revisions"}],"predecessor-version":[{"id":24737,"href":"https:\/\/www.sportchaco.com.ar\/index.php?rest_route=\/wp\/v2\/posts\/24641\/revisions\/24737"}],"wp:featuredmedia":[{"embeddable":true,"href":"https:\/\/www.sportchaco.com.ar\/index.php?rest_route=\/wp\/v2\/media\/24642"}],"wp:attachment":[{"href":"https:\/\/www.sportchaco.com.ar\/index.php?rest_route=%2Fwp%2Fv2%2Fmedia&parent=24641"}],"wp:term":[{"taxonomy":"category","embeddable":true,"href":"https:\/\/www.sportchaco.com.ar\/index.php?rest_route=%2Fwp%2Fv2%2Fcategories&post=24641"},{"taxonomy":"post_tag","embeddable":true,"href":"https:\/\/www.sportchaco.com.ar\/index.php?rest_route=%2Fwp%2Fv2%2Ftags&post=24641"}],"curies":[{"name":"wp","href":"https:\/\/api.w.org\/{rel}","templated":true}]}}