{"id":24665,"date":"2025-08-31T22:16:53","date_gmt":"2025-09-01T01:16:53","guid":{"rendered":"https:\/\/www.sportchaco.com.ar\/?p=24665"},"modified":"2025-08-31T22:16:53","modified_gmt":"2025-09-01T01:16:53","slug":"dificil-situacion-de-talleres-y-belgrano","status":"publish","type":"post","link":"https:\/\/www.sportchaco.com.ar\/?p=24665","title":{"rendered":"Dif\u00edcil situaci\u00f3n de Talleres y Belgrano"},"content":{"rendered":"<section class=\"principal\">\r\n<div class=\"fullpost__encabezado \">\r\n<h1>\u00a0<\/h1>\r\n<h5>El panorama para Belgrano y Talleres es complicado en la actual temporada del f\u00fatbol argentino. Ambos equipos cordobeses se encuentran en una situaci\u00f3n delicada, luchando por no caer en la zona de descenso.<\/h5>\r\n<h1 class=\"fullpost__titulo\">\u00a0<\/h1>\r\n<p class=\"fullpost__copete\">El Celeste perdi\u00f3 2 a 1 en el marco de la 7ma. fecha del Torneo Clausura. Delgado y Miritello anotaron para el local; Jara, de penal, hab\u00eda puesto la igualdad transitoria.<\/p>\r\n<\/div>\r\n<\/section>\r\n<section class=\"extra1\">\r\n<div class=\"fullpost__main   \">\r\n<div class=\"fullpost__imagen \">\r\n<div class=\"fullpost__detalle-multimedia\">PASO EN FALSO.El Pirata cay\u00f3 con Defensa y Justicia en su visita a Florencia Varela por la 7ma fecha del torneo Clausura. Foto @Belgrano \u00b7<\/div>\r\n<\/div>\r\n<div class=\"fullpost__cuerpo\">\r\n<p>Belgrano cay\u00f3 2 a 1 frente a Defensa y Justicia en Florencio Varela por la 7ma fecha del Torneo Clausura y suma su segunda derrota consecutiva.<\/p>\r\n<p>El partido tuvo un comienzo de tr\u00e1mite parejo, pero r\u00e1pidamente, a los 7&#8242;, Delgado, un ex Belgrano, puso el 1 a 0 para el local, que a partir del gol lo domin\u00f3 al Celeste y pudo ampliar el marcador.<\/p>\r\n<p>Sin embargo, a los 23&#8242;, una mano en \u00e1rea del local fue penal para el Pirata. Jara lo cambi\u00f3 por gol y las cosas estaban 1 a 1.<\/p>\r\n<p>Final de un primer tiempo donde el Celeste pareci\u00f3 terminar mejor.<\/p>\r\n<p>En la segunda parte, el Halc\u00f3n sali\u00f3 con todo y Belgrano pudo torcer el destino de contra si no hubiese sido por el arquero Bologna, que tap\u00f3 pirmero un disparo de Jara y luego otro de Zelaray\u00e1n.<\/p>\r\n<p>Pero a los 30&#8242;, Miritello defini\u00f3 ante la salida de Cardozo y puso el 2 a 1 a favor del local. Igual, Belgrano segui\u00f3 insistiendo, inclusive jugando mejor que su rival, pero ni el tiro del final le sali\u00f3: un disparo de Jara dio en el palo y esa fue la \u00faltima chance del Pirata.<\/p>\r\n<p>En la 8a. fecha recibir\u00e1 a San Mart\u00edn de San Juan, el jueves 11 de septiembre.<\/p>\r\n<p><img decoding=\"async\" src=\"https:\/\/media.lacapital.com.ar\/p\/4f7e8f41cf91adc9e410736822c57ab2\/adjuntos\/205\/imagenes\/102\/647\/0102647400\/talleres.jpg\" alt=\"El Talleres de Carlos Tevez no pudo con Deportivo Riestra\" \/><\/p>\r\n<div class=\"nota-top-part\" data-td-script-src=\"https:\/\/www.unoentrerios.com.ar\/td\/modulos\/encuestas\/js\/function-embeds-min-version-1756613332.js\">\r\n<h1 class=\"nota-title\">El Talleres de Carlos Tevez no pudo con Deportivo Riestra<\/h1>\r\n<div class=\"nota-bajada\">\r\n<p class=\"ignore-parser\">Talleres de C\u00f3rdoba perdi\u00f3 de local 1-0 ante el Malevo. Adem\u00e1s, Defensa y Justicia derrot\u00f3 en Varela por 2 a 1 a Belgrano.<\/p>\r\n<\/div>\r\n<div class=\"autor-fecha-container flex-container align-center justify-between\">\r\n<div class=\"fecha-container flex-container align-center\">\u00a0<\/div>\r\n<\/div>\r\n<\/div>\r\n<div class=\"detail-gallery\">\r\n<div class=\"extra-holder\"><img loading=\"lazy\" decoding=\"async\" title=\"Talleres perdi\u00f3 nuevamente.\u00a0\" src=\"https:\/\/media.lacapital.com.ar\/p\/4f7e8f41cf91adc9e410736822c57ab2\/adjuntos\/205\/imagenes\/102\/647\/0102647400\/talleres.jpg\" alt=\"Talleres perdi\u00f3 nuevamente.\u00a0\" width=\"642\" height=\"361\" data-td-src-property=\"https:\/\/media.lacapital.com.ar\/p\/4f7e8f41cf91adc9e410736822c57ab2\/adjuntos\/205\/imagenes\/102\/647\/0102647400\/talleres.jpg\" \/>\r\n<p class=\"credit-img  d-none\">\u00a0<\/p>\r\n<\/div>\r\n<p>Talleres perdi\u00f3 nuevamente.\u00a0<\/p>\r\n<div class=\"detail-gallery__nav\">\u00a0<\/div>\r\n<div id=\"embi_display_video_842e6539\"><iframe id=\"google_ads_iframe_\/22562061343\/0435-01_unoentrerios_inline_NC_1\" width=\"0\" height=\"0\" sandbox=\"\" data-load-complete=\"true\" data-google-container-id=\"true\" data-mce-fragment=\"1\"><\/iframe><\/div>\r\n<\/div>\r\n<div class=\"article-body\">\r\n<p class=\"\" data-mrf-recirculation=\"Links inline\"><strong>Con el p\u00fablico en llamas, Talleres perdi\u00f3 1 a 0 ante Riestra y se hunde en la zona de descenso. La T\u00a0<\/strong>recibi\u00f3 a\u00a0<strong>Deportivo Riestra\u00a0<\/strong>en el\u00a0<em>Estadio Mario Alberto Kempes<\/em>, en un duelo que promet\u00eda un espect\u00e1culo mucho m\u00e1s entretenido del que interpretaron los equipos que llegaron a la<strong>\u00a0s\u00e9ptima fecha del Torneo Clausura\u00a0<\/strong>con realidades opuestas.<\/p>\r\n<\/div>\r\n<div class=\"article-body\">\r\n<h2 data-mrf-recirculation=\"Links inline\">Lo que dej\u00f3 la derrota de Talleres<\/h2>\r\n<p class=\"\" data-mrf-recirculation=\"Links inline\">El elenco de C\u00f3rdoba arranc\u00f3 mejor en el encuentro, al punto de que tuvo una importante situaci\u00f3n de gol para abrir el resultado. Luego de una mala salida de\u00a0<strong>Ignacio Arce<\/strong>,\u00a0<strong>Valent\u00edn Depietri<\/strong>\u00a0busc\u00f3 al arco que estaba sin resistencia, pero su remate fue con tan poca potencia que le dio tiempo al arquero de recuperarse.<\/p>\r\n<\/div>\r\n<p>&nbsp;<\/p>\r\n<\/div>\r\n<\/div>\r\n<\/section>\r\n","protected":false},"excerpt":{"rendered":"<p>\u00a0 El panorama para Belgrano y Talleres es complicado en la actual temporada del f\u00fatbol argentino. Ambos equipos cordobeses se encuentran en una situaci\u00f3n delicada, luchando por no caer en la zona de descenso. \u00a0 El Celeste perdi\u00f3 2 a 1 en el marco de la 7ma. fecha del Torneo Clausura. Delgado y Miritello anotaron &hellip;<\/p>\n","protected":false},"author":2,"featured_media":24670,"comment_status":"open","ping_status":"open","sticky":false,"template":"","format":"standard","meta":{"footnotes":""},"categories":[47],"tags":[],"class_list":["post-24665","post","type-post","status-publish","format-standard","has-post-thumbnail","hentry","category-nacionales"],"_links":{"self":[{"href":"https:\/\/www.sportchaco.com.ar\/index.php?rest_route=\/wp\/v2\/posts\/24665","targetHints":{"allow":["GET"]}}],"collection":[{"href":"https:\/\/www.sportchaco.com.ar\/index.php?rest_route=\/wp\/v2\/posts"}],"about":[{"href":"https:\/\/www.sportchaco.com.ar\/index.php?rest_route=\/wp\/v2\/types\/post"}],"author":[{"embeddable":true,"href":"https:\/\/www.sportchaco.com.ar\/index.php?rest_route=\/wp\/v2\/users\/2"}],"replies":[{"embeddable":true,"href":"https:\/\/www.sportchaco.com.ar\/index.php?rest_route=%2Fwp%2Fv2%2Fcomments&post=24665"}],"version-history":[{"count":2,"href":"https:\/\/www.sportchaco.com.ar\/index.php?rest_route=\/wp\/v2\/posts\/24665\/revisions"}],"predecessor-version":[{"id":24671,"href":"https:\/\/www.sportchaco.com.ar\/index.php?rest_route=\/wp\/v2\/posts\/24665\/revisions\/24671"}],"wp:featuredmedia":[{"embeddable":true,"href":"https:\/\/www.sportchaco.com.ar\/index.php?rest_route=\/wp\/v2\/media\/24670"}],"wp:attachment":[{"href":"https:\/\/www.sportchaco.com.ar\/index.php?rest_route=%2Fwp%2Fv2%2Fmedia&parent=24665"}],"wp:term":[{"taxonomy":"category","embeddable":true,"href":"https:\/\/www.sportchaco.com.ar\/index.php?rest_route=%2Fwp%2Fv2%2Fcategories&post=24665"},{"taxonomy":"post_tag","embeddable":true,"href":"https:\/\/www.sportchaco.com.ar\/index.php?rest_route=%2Fwp%2Fv2%2Ftags&post=24665"}],"curies":[{"name":"wp","href":"https:\/\/api.w.org\/{rel}","templated":true}]}}