{"id":24677,"date":"2025-08-31T23:21:27","date_gmt":"2025-09-01T02:21:27","guid":{"rendered":"https:\/\/www.sportchaco.com.ar\/?p=24677"},"modified":"2025-08-31T23:21:46","modified_gmt":"2025-09-01T02:21:46","slug":"efemerides-del-21-de-septiembre","status":"publish","type":"post","link":"https:\/\/www.sportchaco.com.ar\/?p=24677","title":{"rendered":"Efem\u00e9rides del 21 de septiembre"},"content":{"rendered":"<div class=\"container fullwidth-entry-title-wrapper\">\n<div class=\"container-wrapper fullwidth-entry-title\">\n<header class=\"entry-header-outer\">\n<div class=\"entry-header\">\n<h1 class=\"post-title entry-title\"><\/h1>\n<div class=\"single-post-meta post-meta clearfix\"><\/div>\n<\/div>\n<\/header>\n<\/div>\n<\/div>\n<div id=\"content\" class=\"site-content container\">\n<div id=\"main-content-row\" class=\"tie-row main-content-row\">\n<div class=\"main-content tie-col-md-8 tie-col-xs-12\" role=\"main\">\n<article id=\"the-post\" class=\"container-wrapper post-content tie-standard\">\n<div class=\"featured-area\">\n<div class=\"featured-area-inner\"><\/div>\n<\/div>\n<div class=\"entry-content entry clearfix\">\n<h5><\/h5>\n<h5><strong>Esta es la Efem\u00e9rides del Deporte en el Chaco de un 21 de septiembre del periodista Luis Dar\u00edo Molodezky.<\/strong><\/h5>\n<p>&nbsp;<\/p>\n<p><img loading=\"lazy\" decoding=\"async\" class=\"alignnone size-medium wp-image-24494 aligncenter\" src=\"https:\/\/www.sportchaco.com.ar\/wp-content\/uploads\/2025\/08\/Luis-Dario-11-08-2025-3-1-226x300.jpeg\" alt=\"\" width=\"226\" height=\"300\" srcset=\"https:\/\/www.sportchaco.com.ar\/wp-content\/uploads\/2025\/08\/Luis-Dario-11-08-2025-3-1-226x300.jpeg 226w, https:\/\/www.sportchaco.com.ar\/wp-content\/uploads\/2025\/08\/Luis-Dario-11-08-2025-3-1-771x1024.jpeg 771w, https:\/\/www.sportchaco.com.ar\/wp-content\/uploads\/2025\/08\/Luis-Dario-11-08-2025-3-1-768x1021.jpeg 768w, https:\/\/www.sportchaco.com.ar\/wp-content\/uploads\/2025\/08\/Luis-Dario-11-08-2025-3-1-1156x1536.jpeg 1156w, https:\/\/www.sportchaco.com.ar\/wp-content\/uploads\/2025\/08\/Luis-Dario-11-08-2025-3-1.jpeg 1204w\" sizes=\"auto, (max-width: 226px) 100vw, 226px\" \/><\/p>\n<p><strong>1929 <\/strong>\/ Se disputa la primera competencia automovil\u00edstica organizada por el Autom\u00f3vil Club Chaco en el Circuito del Aero Club Chaco. Los primeros cronometristas fueron el doctor Torcuato Whith, Pablo Tranchet y Maximiliano Scolari. Se disputaron dos categor\u00edas que fueron ganadas por Alcides Meneg\u00e1s y Aldo Keske.<\/p>\n<p>&nbsp;<\/p>\n<p><strong>1935 <\/strong>\/ Se funda en Charata Estrella B\u00e1squetbol Club, considerado como el primer equipo de este deporte. Sus hacedores fueron Pablo y Donato Tejedor, Claudio y Arnaldo Bernasconi, Horacio y Hugo Perino, Luis y Ram\u00f3n Jortak, Odel\u00edn Romero, Guillermo Mikunda, Celestino Garc\u00eda, Pedro Schunj, Kune Moreno, Arnaldo Ver\u00f3n, Enrique Garay, Ermete Graff, Andr\u00e9s Valenzuela y Algunos m\u00e1s. En su primer partido le ganan a Los Gauchos por 6 a 5, con un doble sobre la hora de Mikunda.<\/p>\n<p><strong>1953 <\/strong>\/ Se funda el club Fort\u00edn del Pueblo Viejo en Machagai. El nombre de El Fort\u00edn surgi\u00f3 por iniciativa de su primer presidente, Alberto Cecilio Gay, por tratarse por aquel entonces de un equipo considerado imbatible. Se tomaron los colores del Fort\u00edn de Liniers, V\u00e9lez Sarsfield. Sus fundadores fueron: Alberto Cecilio Gay, Enrique Lovey, Luis Calvo, Yusi Pereyra, Antonio Pereyra, Mateo Romero, Knaus, Antonio Garc\u00eda, Domingo Rey, Tito Lovey, Nito Leguizam\u00f3n, Ram\u00f3n Vargas, Paco y Juan Garc\u00eda.<\/p>\n<p><img decoding=\"async\" class=\"aligncenter\" src=\"https:\/\/www.sportchaco.com.ar\/wp-content\/uploads\/2024\/08\/El-Fortin-de-Machagai-292x300.png\" \/><\/p>\n<p><strong>1954 <\/strong>\/ Fundaci\u00f3n del club Remedios de Escalada de Villa \u00c1ngela, instituci\u00f3n ligada \u00edntimamente al deporte de la ciudad, logrando lauros de trascendencia en el f\u00fatbol de la Liga del Oeste Chaque\u00f1o, La primera comisi\u00f3n directiva estuvo integrada de la siguiente manera: presidente Pablo Sandoval, vice Roque Jacinto Duarte, tesorero Pr\u00f3spero Silva, protesorero Domingo Iznardo, secretario de actas Lucio Montenegro.<\/p>\n<p><strong>1972 <\/strong>\/ Se funda el C\u00edrculo de Cultura Forevista, designando como presidente al Manuel Carlos Doglioli. Lo conformaron caracterizados socios para proyectar al club y difundir las actividades culturales.<\/p>\n<p><strong>1979 <\/strong>\/ Hind\u00fa Club deja inaugurada la primera pileta climatizada del Nordeste en su sede de Franklin 45 de Resistencia. El acto fue presidido por su titular Jos\u00e9 De la Corte.<\/p>\n<p><strong>1979 <\/strong>\/ El correntino Ricardo Arce se corona campe\u00f3n argentino de los medianos, al vencer por puntos en fallo dividido en el Luna Park a Rub\u00e9n Pardo.<\/p>\n<p><strong>1979 <\/strong>\/ Atl\u00e9tico Charata se consagra campe\u00f3n de la Liga del Noroeste, al superar en la pen\u00faltima fecha a Defensores del Chaco por 3 a 1.<\/p>\n<p><strong>1985 <\/strong>\/ Tito L\u00f3pez Carauni debuta en TC 2000 en Las Parejas, Santa Fe, a bordo de un Renault 18, abandonando a las pocas vueltas al romperse un balanc\u00edn del motor.<\/p>\n<\/div>\n<\/article>\n<p>&nbsp;<\/p>\n<article id=\"the-post\" class=\"container-wrapper post-content tie-standard\"><strong>CHACO<\/strong><\/p>\n<div class=\"user-query-container user-query-bubble-container ng-star-inserted\">\n<div id=\"user-query-content-2\" class=\"query-content ng-star-inserted verticle-align-for-single-line-text\" data-hveid=\"0\" data-ved=\"0CAAQ3ucQahcKEwi03L-liLaPAxUAAAAAHQAAAAAQUg\">\n<div class=\"query-text gds-body-l\" dir=\"ltr\" role=\"heading\" aria-level=\"2\">\n<p class=\"query-text-line ng-star-inserted\">Efem\u00e9rides del 1 de septiembre en el chaco<\/p>\n<\/div>\n<\/div>\n<\/div>\n<div>\n<div class=\"response-container ng-tns-c1346728417-30 response-container-with-gpi ng-star-inserted response-container-has-multiple-responses\" data-hveid=\"1\">\n<div class=\"response-container-header ng-tns-c1346728417-30 ng-star-inserted\">\n<div class=\"response-container-header-controls ng-tns-c1346728417-30\">\n<div class=\"response-tts-container ng-star-inserted\" data-test-draft-id=\"rc_4cc0f787635acb38\">\n<div class=\"mat-mdc-tooltip-trigger tts-button-container mat-mdc-tooltip-disabled\" data-test-id=\"disabled-tooltip\"><\/div>\n<\/div>\n<div class=\"mat-mdc-menu-trigger playback-speed-menu-trigger multi\" role=\"menu\" aria-haspopup=\"menu\" aria-expanded=\"false\"><\/div>\n<\/div>\n<div class=\"response-container-header-status ng-tns-c1346728417-30\">\n<div class=\"response-container-header-processing-state ng-tns-c1346728417-30\"><\/div>\n<\/div>\n<\/div>\n<div class=\"presented-response-container ng-tns-c1346728417-30\">\n<div class=\"avatar-gutter ng-tns-c1346728417-30 ng-star-inserted\">\n<div class=\"bard-avatar ng-tns-c3526068667-32\">\n<div class=\"avatar-container ng-tns-c3526068667-32 ng-trigger ng-trigger-scaleDown\">\n<div class=\"avatar avatar_primary ng-tns-c3526068667-32 ng-star-inserted\">\n<div class=\"avatar_primary_model ng-tns-c3526068667-32 is-gpi-avatar\">\n<div class=\"avatar_primary_animation is-gpi-avatar ng-tns-c3526068667-32 aurora-enabled ng-star-inserted\" data-test-lottie-animation-status=\"completed\"><\/div>\n<\/div>\n<\/div>\n<\/div>\n<div class=\"avatar_spinner_animation ng-tns-c3526068667-32 ng-star-inserted\"><\/div>\n<\/div>\n<\/div>\n<div class=\"response-container-content ng-tns-c1346728417-30\">\n<div class=\"response-content ng-tns-c1346728417-30\">\n<div id=\"model-response-message-contentr_47157e1e043dd3e4\" class=\"markdown markdown-main-panel enable-updated-hr-color\" dir=\"ltr\">\n<p>&nbsp;<\/p>\n<p>&nbsp;<\/p>\n<h3><\/h3>\n<h3>En el Deporte de Argentina:<\/h3>\n<p>&nbsp;<\/p>\n<ul>\n<li><b>1971 &#8211; Goleada hist\u00f3rica de Boca:<\/b> Boca Juniors vence 6-3 a Estudiantes de La Plata, en un partido en el que se marcaron 6 goles en solo 13 minutos, estableciendo un r\u00e9cord de rapidez en el f\u00fatbol argentino.<\/li>\n<li><b>2002 &#8211; Rosario Central gana el Cl\u00e1sico de visitante:<\/b> Rosario Central se impone 2-0 a Newell&#8217;s Old Boys en el Coloso del Parque Independencia, logrando una victoria en el cl\u00e1sico rosarino despu\u00e9s de 22 a\u00f1os.<\/li>\n<li><b>2016 &#8211; El regreso de Messi a la Selecci\u00f3n:<\/b> Lionel Messi regresa a la Selecci\u00f3n Argentina, despu\u00e9s de haber anunciado su renuncia, y marca el gol de la victoria 1-0 ante Uruguay por las Eliminatorias al Mundial de Rusia. Fue el primer partido con Edgardo Bauza como DT.<\/li>\n<li><b>2017 &#8211; Olimpo remonta en la Copa Argentina:<\/b> El Club Olimpo de Bah\u00eda Blanca logra una incre\u00edble remontada ante Racing Club en los dieciseisavos de final de la Copa Argentina. Olimpo perd\u00eda 0-2 en el primer tiempo y termin\u00f3 ganando 4-2.<\/li>\n<\/ul>\n<p>&nbsp;<\/p>\n<h3>En el Deporte del Mundo:<\/h3>\n<p>&nbsp;<\/p>\n<ul>\n<li><b>1923 &#8211; Nace Rocky Marciano:<\/b> En Brockton, Massachusetts (EE.UU.), nace Rocky Marciano, el \u00fanico campe\u00f3n mundial de peso pesado que se retir\u00f3 invicto de su carrera.<\/li>\n<li><b>1962 &#8211; Nace Ruud Gullit:<\/b> Nace el exfutbolista y entrenador neerland\u00e9s Ruud Gullit, una de las grandes figuras de la selecci\u00f3n de Pa\u00edses Bajos y del Milan.<\/li>\n<li><b>1989 &#8211; Final del Campeonato Mundial de Boxeo Aficionado:<\/b> Concluye en Mosc\u00fa el V Campeonato Mundial de Boxeo Aficionado, un evento importante para el boxeo amateur a nivel global.<\/li>\n<li><b>1994 &#8211; Nace Carlos Sainz Jr.:<\/b> Nace en Madrid el piloto de automovilismo Carlos Sainz Jr., actual piloto de la escuder\u00eda Ferrari en la F\u00f3rmula 1.<\/li>\n<\/ul>\n<p>&nbsp;<\/p>\n<\/div>\n<\/div>\n<\/div>\n<\/div>\n<\/div>\n<\/div>\n<\/article>\n<\/div>\n<\/div>\n<\/div>\n","protected":false},"excerpt":{"rendered":"<p>Esta es la Efem\u00e9rides del Deporte en el Chaco de un 21 de septiembre del periodista Luis Dar\u00edo Molodezky. &nbsp; 1929 \/ Se disputa la primera competencia automovil\u00edstica organizada por el Autom\u00f3vil Club Chaco en el Circuito del Aero Club Chaco. Los primeros cronometristas fueron el doctor Torcuato Whith, Pablo Tranchet y Maximiliano Scolari. Se &hellip;<\/p>\n","protected":false},"author":2,"featured_media":24683,"comment_status":"open","ping_status":"open","sticky":false,"template":"","format":"standard","meta":{"footnotes":""},"categories":[45,39],"tags":[],"class_list":["post-24677","post","type-post","status-publish","format-standard","has-post-thumbnail","hentry","category-efemerides-dia-por-dia","category-septiembre"],"_links":{"self":[{"href":"https:\/\/www.sportchaco.com.ar\/index.php?rest_route=\/wp\/v2\/posts\/24677","targetHints":{"allow":["GET"]}}],"collection":[{"href":"https:\/\/www.sportchaco.com.ar\/index.php?rest_route=\/wp\/v2\/posts"}],"about":[{"href":"https:\/\/www.sportchaco.com.ar\/index.php?rest_route=\/wp\/v2\/types\/post"}],"author":[{"embeddable":true,"href":"https:\/\/www.sportchaco.com.ar\/index.php?rest_route=\/wp\/v2\/users\/2"}],"replies":[{"embeddable":true,"href":"https:\/\/www.sportchaco.com.ar\/index.php?rest_route=%2Fwp%2Fv2%2Fcomments&post=24677"}],"version-history":[{"count":7,"href":"https:\/\/www.sportchaco.com.ar\/index.php?rest_route=\/wp\/v2\/posts\/24677\/revisions"}],"predecessor-version":[{"id":24686,"href":"https:\/\/www.sportchaco.com.ar\/index.php?rest_route=\/wp\/v2\/posts\/24677\/revisions\/24686"}],"wp:featuredmedia":[{"embeddable":true,"href":"https:\/\/www.sportchaco.com.ar\/index.php?rest_route=\/wp\/v2\/media\/24683"}],"wp:attachment":[{"href":"https:\/\/www.sportchaco.com.ar\/index.php?rest_route=%2Fwp%2Fv2%2Fmedia&parent=24677"}],"wp:term":[{"taxonomy":"category","embeddable":true,"href":"https:\/\/www.sportchaco.com.ar\/index.php?rest_route=%2Fwp%2Fv2%2Fcategories&post=24677"},{"taxonomy":"post_tag","embeddable":true,"href":"https:\/\/www.sportchaco.com.ar\/index.php?rest_route=%2Fwp%2Fv2%2Ftags&post=24677"}],"curies":[{"name":"wp","href":"https:\/\/api.w.org\/{rel}","templated":true}]}}