{"id":24690,"date":"2025-08-31T23:14:35","date_gmt":"2025-09-01T02:14:35","guid":{"rendered":"https:\/\/www.sportchaco.com.ar\/?p=24690"},"modified":"2025-08-31T23:28:10","modified_gmt":"2025-09-01T02:28:10","slug":"24690","status":"publish","type":"post","link":"https:\/\/www.sportchaco.com.ar\/?p=24690","title":{"rendered":"AmericCup Nicaragua: Brasil se qued\u00f3 con el t\u00edtulo"},"content":{"rendered":"<section class=\" mb-8 flex flex-col gap-4 text-neutral-850 lg:mb-12 \">\n<h5 class=\" font-caladeaRegular text-neutral-850 text-custom-30 leading-8 lg:text-custom-50 lg:leading-custom-52\"><span class=\" font-bold text-lvi-primary font-caladeaBold \"><span style=\"font-size: 16px; font-weight: 400;\">31-08-2025<\/span><\/span><\/h5>\n<h5 class=\" font-caladeaRegular text-neutral-850 text-custom-30 leading-8 lg:text-custom-50 lg:leading-custom-52\"><span class=\" font-bold text-lvi-primary font-caladeaBold \">En Nicaragua.<\/span> A la selecci\u00f3n le falt\u00f3 gole\u00f3 en el cl\u00e1sico y perdi\u00f3 con Brasil en la final de la AmeriCup. Argentina no logr\u00f3 repetir el t\u00edtulo como en 2022 y ante los brasile\u00f1os. Le falt\u00f3 gol y cay\u00f3 en la definici\u00f3n por 55-47.<\/h5>\n<div class=\" flex flex-col items-start justify-between gap-4 lg:flex-row lg:items-center \">\n<div class=\"flex gap-4\">\n<div class=\" relative undefined \"><\/div>\n<section class=\"clearfix ajuste-1440-card\">\n<div class=\"viafoura counter-vf\"><img decoding=\"async\" src=\"https:\/\/www.sportchaco.com.ar\/wp-content\/uploads\/2025\/08\/VILDOZA3.jpg\" \/><\/div>\n<\/section>\n<\/div>\n<\/div>\n<div class=\"flex flex-col\"><\/div>\n<div class=\"flex flex-col\"><strong>Foto portada: Jos\u00e9 Vildoza no pudo imponer su ritmo en el duelo de bases con Yago y Argentina cay\u00f3 en la final de la AmeriCup con Brasil. (Fiba)<\/strong><\/div>\n<\/section>\n<div class=\"sc-cCVJLD fXyqYZ\">\n<p>&nbsp;<\/p>\n<section class=\"undefined mb-8 lg:min-h-[180px] min-h-[120px] \">\n<div id=\"powerbeans-player\" class=\"mb-4 undefined h-100% max-h-[190px] relative z-40\">\n<div id=\"powerbeans-widget\" class=\"pb-tw light\" data-current-content=\"https:\/\/www.lavoz.com.ar\/deportes\/basquet\/a-la-seleccion-le-falto-goleo-en-el-clasico-y-perdio-con-brasil-en-la-final-de-la-americup\/\" data-should-refetch=\"false\" data-refetching=\"false\" data-mounted=\"true\" data-fetched=\"true\">\n<div class=\"App !beans-px-[16px] !beans-pt-[12px] !beans-pb-[8px] beans-bg-primary beans-relative beans-flex beans-justify-around beans-flex-row beans-items-center beans-rounded-xl beans-py-1 beans-px-3 beans-drop-shadow-md\">\n<div id=\"powerbeans-player-container\" class=\"beans-w-full beans-h-[auto] beans-z-[9999] beans-bottom-0 beans-left-0 beans-relative\" role=\"region\" aria-label=\"Escuchar el resumen del articulo\">\n<div class=\"beans-flex beans-flex-col !beans-w-full\">\n<div><\/div>\n<div class=\"beans-flex beans-flex-col\">\n<div class=\"beans-flex beans-grow\">\n<div class=\"beans-flex beans-mr-[12px]\"><\/div>\n<div class=\"beans-flex beans-flex-col beans-grow\">\n<div class=\"beans-flex beans-h-[50%]\">\n<div class=\"beans-transition-all beans-linear beans-duration-300\">\n<div class=\"beans-flex beans-gap-[4px] beans-w-full\">\n<div class=\"!beans-leading-[18px] beans-text-[#3B383E] beans-font-medium beans-text-[12px] beans-flex beans-items-center !beans-text-left\"><\/div>\n<\/div>\n<\/div>\n<\/div>\n<div class=\"beans-flex beans-h-[50%]\">\n<div class=\"beans-flex beans-grow beans-mt-[-2px]\">\n<div class=\"beans-flex beans-w-full beans-items-center beans-flex-col beans-relative beans-z-50\">\n<div class=\"!beans-flex !beans-justify-between beans-w-full beans-items-center beans-z-[-1] beans-px-[0.2px] beans-mt-[2px]\">\n<div>\n<div class=\"beans-text-[12px] !beans-font-medium beans-m-0 beans-min-w-[34px] beans-text-[#464646] beans-text-center !beans-leading-[18px]\"><\/div>\n<\/div>\n<\/div>\n<\/div>\n<\/div>\n<\/div>\n<\/div>\n<div class=\"beans-relative beans-flex beans-items-center beans-justify-center beans-transition-all beans-duration-300 beans-ml-[0px] beans-w-0 beans-opacity-0\"><\/div>\n<\/div>\n<div class=\"beans-mt-[8px]\">\n<div id=\"powerbeans-sticky-container\" class=\"beans-overflow-hidden beans-transition-all beans-duration-200 beans-h-[1px]\">\n<div id=\"DISPLAY_BANNER_CONTAINER\" class=\"beans-flex beans-justify-center\">\n<div id=\"POWERBEANS_DISPLAY_BANNER\"><iframe id=\"google_ads_iframe_\/23206639547,6955764\/lavoz_display_pb_1\" width=\"0\" height=\"0\" sandbox=\"\" data-load-complete=\"true\" data-google-container-id=\"true\" data-mce-fragment=\"1\"><\/iframe><\/div>\n<\/div>\n<div id=\"COMPANION_BANNER\" class=\"beans-flex beans-justify-center\"><\/div>\n<\/div>\n<\/div>\n<\/div>\n<\/div>\n<\/div>\n<\/div>\n<\/div>\n<\/div>\n<\/section>\n<div class=\"sc-cCVJLD fXyqYZ mx-auto flex max-w-body flex-col\">\n<p class=\"text-class\">L<span style=\"color: #000000;\">a\u00a0<\/span><a title=\"https:\/\/www.lavoz.com.ar\/deportes\/basquet\/final-de-la-americup-2025-como-y-donde-ver-argentina-vs-brasil\/\" href=\"https:\/\/www.lavoz.com.ar\/deportes\/basquet\/final-de-la-americup-2025-como-y-donde-ver-argentina-vs-brasil\/\" target=\"_self\" rel=\"\"><b><span style=\"color: #000000;\">selecci\u00f3n argentina de b\u00e1squetbol<\/span><\/b><\/a><span style=\"color: #000000;\">\u00a0<\/span>no pudo repetir el t\u00edtulo en la AmeriCup logrado en 2022 en el cl\u00e1sico frente a Brasil. Tres a\u00f1os despu\u00e9s, el seleccionado brasile\u00f1o fue m\u00e1s y se consagr\u00f3 en Nicaragua.<\/p>\n<p class=\"text-class\">En una final de bajo goleo, Argentina se qued\u00f3 con las manos vac\u00edas al caer 47-55. De todas maneras, se lleva mucho de positivo del torneo el equipo nacional y el entrenador Pablo Prigioni para encarar desde noviembre las eliminatorias al Mundial de Qatar 2027.<\/p>\n<p class=\"text-class\">Pero en el partido decisivo le cost\u00f3 el ataque a la selecci\u00f3n. Anotando apenas el 14,8 por ciento en triples (4\/27) careci\u00f3 de armas para lugar ante un Brasil que luci\u00f3 m\u00e1s fuerte. Pese a la defensa, que baj\u00f3 el poder anotador del rival, y a imponerse en la lucha rebotera, Argentina no pudo en la definici\u00f3n.<\/p>\n<h2 class=\" header-class\">El partido de Argentina<\/h2>\n<p class=\"text-class\">Con la confianza de los \u00faltimos resultados, la selecci\u00f3n sac\u00f3 la primera ventaja en el cl\u00e1sico, con sus cinco jugadores iniciales anotando. Tras una conversi\u00f3n de Juan Fern\u00e1ndez, Argentina se puso 13-10 en cinco minutos.<\/p>\n<p class=\"text-class\">Pero perdi\u00f3 tres pelotas el equipo de Prigioni y Brasil lo aprovech\u00f3 para correr y anotar en velocidad (11 puntos de contragolpe) para dar vuelta el marcador y quedarse con el primer segmento por 16-15.<\/p>\n<div class=\"my-4 flex flex-col\"><img loading=\"lazy\" decoding=\"async\" class=\" rounded-xl object-cover md:rounded-20 \" src=\"https:\/\/www.lavoz.com.ar\/resizer\/v2\/RMLWTQTF35HG5LTO536KHZMUTI.jfif?auth=ed9a53e24902be293fc3103ff79ffcc7784b72437b9a1b36d5cf650ad242057f&amp;quality=75&amp;smart=true&amp;width=632\" alt=\"imagen dentro de la nota\" width=\"632\" height=\"420\" data-nimg=\"1\" \/>El Polideportivo Alexis Arguello de Nicaragua, sede de la final de la AmeriCup entre Argentina y Brasil. (@polideportNi)<\/div>\n<p class=\"text-class\">Al seleccionado nacional le cost\u00f3 mucho anotar en el inicio del segundo segmento, pero con su defensa le impidi\u00f3 anotar a Brasil. Argentina demor\u00f3 cinco minutos en anotar, pero los brasile\u00f1os apenas sacaron cinco de luz.<\/p>\n<p class=\"text-class\">Adem\u00e1s de la defensa, el elenco nacional gan\u00f3 con autoridad el rebote en el aro ajeno para tener tiros de segunda instancia. No siempre lo pudo aprovechar por los fallos, pero Brasil no se pudo escapar.<\/p>\n<p class=\"text-class\">Dos triples seguidos de Yago le dieron la m\u00e1xima a los brasile\u00f1os, 29-20 con tres minutos en el reloj. Mientras, Argentina no se entreg\u00f3 aun cuando le cost\u00f3 el ataque estacionado, anot\u00f3 apenas 9 puntos y se fue al descanso perdiendo 24-31.<\/p>\n<p class=\"text-class\">Argentina abri\u00f3 la segunda mitad con un 4-0 en poco m\u00e1s de un minuto, pero Brasil endureci\u00f3 su defensa y respondi\u00f3 con 9-0 y logr\u00f3 la m\u00e1xima parcial de 40-28 en 4\u203230 del tercer episodio.<\/p>\n<p class=\"text-class\">La selecci\u00f3n, con la lucha que juego, trat\u00f3 de achicar, otra vez con un 4-0 a favor, pero Brasil y el partido, se jug\u00f3 al ritmo de Yago. El base brasile\u00f1o, un mini Campazzo, fue pura intensidad atr\u00e1s y mucha velocidad adelante, manej\u00f3 los tiempos.<\/p>\n<p class=\"text-class\">A partir de las carencias ofensivas, el equipo nacional apel\u00f3 a la marca, y sigui\u00f3 ganando los rebotes en el aro rival para dar batalla y mantenerse en juego. Logr\u00f3 achicar 36-42 cerrando el periodo.<\/p>\n<p class=\"text-class\">En el periodo final luch\u00f3 la selecci\u00f3n, pero estuvo m\u00e1s firme Brasil para llegar al cierre sin sobresaltos, tomarse revancha del 2022 y gritar campe\u00f3n. Fuente La Voz<\/p>\n<\/div>\n<\/div>\n","protected":false},"excerpt":{"rendered":"<p>31-08-2025 En Nicaragua. A la selecci\u00f3n le falt\u00f3 gole\u00f3 en el cl\u00e1sico y perdi\u00f3 con Brasil en la final de la AmeriCup. Argentina no logr\u00f3 repetir el t\u00edtulo como en 2022 y ante los brasile\u00f1os. Le falt\u00f3 gol y cay\u00f3 en la definici\u00f3n por 55-47. Foto portada: Jos\u00e9 Vildoza no pudo imponer su ritmo en &hellip;<\/p>\n","protected":false},"author":2,"featured_media":24696,"comment_status":"open","ping_status":"open","sticky":false,"template":"","format":"standard","meta":{"footnotes":""},"categories":[3],"tags":[],"class_list":["post-24690","post","type-post","status-publish","format-standard","has-post-thumbnail","hentry","category-basquetbol"],"_links":{"self":[{"href":"https:\/\/www.sportchaco.com.ar\/index.php?rest_route=\/wp\/v2\/posts\/24690","targetHints":{"allow":["GET"]}}],"collection":[{"href":"https:\/\/www.sportchaco.com.ar\/index.php?rest_route=\/wp\/v2\/posts"}],"about":[{"href":"https:\/\/www.sportchaco.com.ar\/index.php?rest_route=\/wp\/v2\/types\/post"}],"author":[{"embeddable":true,"href":"https:\/\/www.sportchaco.com.ar\/index.php?rest_route=\/wp\/v2\/users\/2"}],"replies":[{"embeddable":true,"href":"https:\/\/www.sportchaco.com.ar\/index.php?rest_route=%2Fwp%2Fv2%2Fcomments&post=24690"}],"version-history":[{"count":3,"href":"https:\/\/www.sportchaco.com.ar\/index.php?rest_route=\/wp\/v2\/posts\/24690\/revisions"}],"predecessor-version":[{"id":24697,"href":"https:\/\/www.sportchaco.com.ar\/index.php?rest_route=\/wp\/v2\/posts\/24690\/revisions\/24697"}],"wp:featuredmedia":[{"embeddable":true,"href":"https:\/\/www.sportchaco.com.ar\/index.php?rest_route=\/wp\/v2\/media\/24696"}],"wp:attachment":[{"href":"https:\/\/www.sportchaco.com.ar\/index.php?rest_route=%2Fwp%2Fv2%2Fmedia&parent=24690"}],"wp:term":[{"taxonomy":"category","embeddable":true,"href":"https:\/\/www.sportchaco.com.ar\/index.php?rest_route=%2Fwp%2Fv2%2Fcategories&post=24690"},{"taxonomy":"post_tag","embeddable":true,"href":"https:\/\/www.sportchaco.com.ar\/index.php?rest_route=%2Fwp%2Fv2%2Ftags&post=24690"}],"curies":[{"name":"wp","href":"https:\/\/api.w.org\/{rel}","templated":true}]}}