{"id":24711,"date":"2025-09-01T10:40:06","date_gmt":"2025-09-01T13:40:06","guid":{"rendered":"https:\/\/www.sportchaco.com.ar\/?p=24711"},"modified":"2025-09-01T18:49:38","modified_gmt":"2025-09-01T21:49:38","slug":"hector-salvatierra-formador-de-campeones-y-de-personas","status":"publish","type":"post","link":"https:\/\/www.sportchaco.com.ar\/?p=24711","title":{"rendered":"H\u00e9ctor Salvatierra, formador de campeones y de personas"},"content":{"rendered":"<p>&nbsp;<\/p>\n<p style=\"font-weight: 400;\"><strong>En el coraz\u00f3n de la nataci\u00f3n en la provincia del Chaco, el nombre de H\u00e9ctor Salvatierra resuena con la fuerza de un legado. Hoy, en un ejercicio de memoria y pasi\u00f3n deportiva, revivimos la historia de este entrenador y formador, cuya visi\u00f3n trascendi\u00f3 las piletas para forjar el car\u00e1cter y el temple de innumerables atletas. Su testimonio, rescatado de los archivos, es un recordatorio de que el deporte es mucho m\u00e1s que una disciplina; es una escuela de vida.<\/strong><\/p>\n<p><strong>POR LUIS DARIO MOLODEZKY<\/strong><\/p>\n<p style=\"font-weight: 400;\">La pasi\u00f3n de Salvatierra por el agua naci\u00f3 en las filas de la Asociaci\u00f3n Cristiana de J\u00f3venes de Rosario y se consolid\u00f3 en el Club Newell&#8217;s Old Boys. \u00abAll\u00ed se prendi\u00f3 el fuego de la nataci\u00f3n\u00bb, recuerda. Pero su historia m\u00e1s profunda se escribir\u00eda en el Chaco, donde su vocaci\u00f3n de formador encontrar\u00eda su mejor cauce.<\/p>\n<p style=\"font-weight: 400;\">H\u00e9ctor Salvatierra naci\u00f3 un 27 de octubre de 1941 en Villa Eloisa<strong>, Santa Fe<\/strong>, un pueblo ubicado a 60 kil\u00f3metros de Rosario.\u00a0 A los cinco a\u00f1os, su familia se mud\u00f3 a Rosario, donde \u00e9l comenz\u00f3 su camino en la nataci\u00f3n en la \u00fanica piscina climatizada de la ciudad en ese momento.<\/p>\n<p style=\"font-weight: 400;\">La ruta de Salvatierra en la nataci\u00f3n se inici\u00f3 de manera informal. Al mudarse a Rosario, aprendi\u00f3 a nadar en la Escuela Normal N\u00b01. M\u00e1s tarde, entren\u00f3 con Alberto Dimidi, padre de un famoso remero.<\/p>\n<p style=\"font-weight: 400;\">El servicio militar lo llev\u00f3 a\u00a0<strong>Curuz\u00fa Cuati\u00e1, Corrientes<\/strong>, en la Inspecci\u00f3n Regional Litoral Norte. Esta experiencia fue un punto de inflexi\u00f3n, ya que all\u00ed comenz\u00f3 a familiarizarse con el norte del pa\u00eds, lo que m\u00e1s tarde influir\u00eda en su decisi\u00f3n de radicarse en Chaco.<\/p>\n<p style=\"font-weight: 400;\"><strong>Llegada a Chaco y Carrera como Entrenador<\/strong><\/p>\n<p style=\"font-weight: 400;\">Salvatierra lleg\u00f3 a Chaco en 1966 cuando su padre, un docente a punto de jubilarse, decidi\u00f3 pasar sus \u00faltimos a\u00f1os de trabajo en La Tigra. Su vinculaci\u00f3n con la nataci\u00f3n en la provincia fue accidental. Empez\u00f3 a jugar waterpolo en el Club de Regatas, donde el presidente de la subcomisi\u00f3n de nataci\u00f3n, el Dr. Pi\u00f1eiro, lo vio nadar y lo invit\u00f3 a ser entrenador de los ni\u00f1os. Esto marc\u00f3 el inicio de su exitosa carrera como formador de nadadores.<\/p>\n<p style=\"font-weight: 400;\"><img loading=\"lazy\" decoding=\"async\" class=\"alignnone size-medium wp-image-24719 aligncenter\" src=\"https:\/\/www.sportchaco.com.ar\/wp-content\/uploads\/2025\/09\/Salvatierra-guia-en-el-parana-300x193.jpg\" alt=\"\" width=\"300\" height=\"193\" srcset=\"https:\/\/www.sportchaco.com.ar\/wp-content\/uploads\/2025\/09\/Salvatierra-guia-en-el-parana-300x193.jpg 300w, https:\/\/www.sportchaco.com.ar\/wp-content\/uploads\/2025\/09\/Salvatierra-guia-en-el-parana.jpg 567w\" sizes=\"auto, (max-width: 300px) 100vw, 300px\" \/><\/p>\n<p><strong>En el rio Paran\u00e1 acompa\u00f1ando y guiando a uno de sus nadadores.<\/strong><\/p>\n<h5 style=\"font-weight: 400;\"><strong>Una trayectoria que dej\u00f3 huella<\/strong><\/h5>\n<p style=\"font-weight: 400;\">Su labor como docente y entrenador en la regi\u00f3n comenz\u00f3 en 1968, con la inauguraci\u00f3n del natatorio del Club de Regatas. Luego, llevar\u00eda su experiencia al Chaco Golf Club y al Hind\u00fa Club, donde trabaj\u00f3 durante diez a\u00f1os, antes de regresar a Regatas. Este recorrido le permiti\u00f3 ser testigo privilegiado de la evoluci\u00f3n de la nataci\u00f3n chaque\u00f1a, un balance que considera \u00abaltamente positivo\u00bb.<\/p>\n<p style=\"font-weight: 400;\">\u00abEs cierto que hubo ciclos muy buenos y otros no tanto, pero en general, el balance es favorable\u00bb, afirma. Desde 1970, el Chaco siempre logr\u00f3 clasificar representantes en torneos nacionales, demostrando la calidad del material humano. Sin embargo, Salvatierra reconoce que hubo un punto de inflexi\u00f3n a partir de 1973, cuando la falta de piletas climatizadas se convirti\u00f3 en un obst\u00e1culo para el desarrollo continuo de los atletas. \u00abSe nadaba exclusivamente en la temporada de verano\u00bb, lamenta.<\/p>\n<p><img loading=\"lazy\" decoding=\"async\" class=\"alignnone size-medium wp-image-24720\" src=\"https:\/\/www.sportchaco.com.ar\/wp-content\/uploads\/2025\/09\/Salvatierra-con-Villalba-Perez-y-Pepe-de-la-Corte-300x204.jpg\" alt=\"\" width=\"300\" height=\"204\" srcset=\"https:\/\/www.sportchaco.com.ar\/wp-content\/uploads\/2025\/09\/Salvatierra-con-Villalba-Perez-y-Pepe-de-la-Corte-300x204.jpg 300w, https:\/\/www.sportchaco.com.ar\/wp-content\/uploads\/2025\/09\/Salvatierra-con-Villalba-Perez-y-Pepe-de-la-Corte-220x150.jpg 220w, https:\/\/www.sportchaco.com.ar\/wp-content\/uploads\/2025\/09\/Salvatierra-con-Villalba-Perez-y-Pepe-de-la-Corte.jpg 567w\" sizes=\"auto, (max-width: 300px) 100vw, 300px\" \/><\/p>\n<p><strong>H\u00e9ctor Salvatierra, con el profesor Villalba, don Osvaldo P\u00e9rez y Pepe de la Corte.<\/strong><\/p>\n<h2 style=\"font-weight: 400;\"><strong>Formador de campeones y de personas<\/strong><\/h2>\n<p style=\"font-weight: 400;\">A pesar de las dificultades, el entrenador destaca el talento chaque\u00f1o. Menciona con orgullo a figuras como\u00a0<strong>Rub\u00e9n \u00abTarzanito\u00bb Facal<\/strong>, a quien considera \u00abel nadador chaque\u00f1o m\u00e1s completo\u00bb por su versatilidad en todos los estilos. Tambi\u00e9n nombra a\u00a0<strong>Gustavo Nicoll<\/strong>, \u00abiniciador de competencias en aguas abiertas\u00bb, y a\u00a0<strong>Rafael Yurkevich<\/strong>, quien tuvo el m\u00e9rito de \u00abganarle a los invencibles hermanos Romero de Corrientes\u00bb. La lista contin\u00faa con el campe\u00f3n\u00a0<strong>Carlos Castellari<\/strong>\u00a0y la destacada\u00a0<strong>Fabiana Laurita<\/strong>.<\/p>\n<p style=\"font-weight: 400;\">Pero m\u00e1s all\u00e1 de los logros deportivos, Salvatierra atesora las alegr\u00edas de ver a sus pupilos triunfar. \u00abViene a mis recuerdos el d\u00eda que\u00a0<strong>Silvina Maximino<\/strong>\u00a0se consagr\u00f3 subcampeona nacional en el Torneo de la Rep\u00fablica\u00bb, comenta con emoci\u00f3n. Esa fue la primera vez que el Chaco subi\u00f3 a un podio nacional. El mismo sentimiento se repiti\u00f3 con los triunfos de Fabiana Laurita y de Alejandro, campe\u00f3n argentino de saltos ornamentales. \u00abMe emociona y celebro los triunfos de mis chicos, tanto en la nataci\u00f3n como en su vida personal\u00bb, confiesa.<\/p>\n<h2 style=\"font-weight: 400;\"><strong>Nataci\u00f3n, la disciplina m\u00e1s completa<\/strong><\/h2>\n<p style=\"font-weight: 400;\">Para Salvatierra, la nataci\u00f3n es una pr\u00e1ctica exigente y met\u00f3dica, que debe ser abordada con conciencia y voluntad. La considera la disciplina m\u00e1s completa, ya que fortalece todos los m\u00fasculos, aumenta la capacidad respiratoria y refuerza la musculatura de sost\u00e9n, entre otros beneficios.<\/p>\n<p style=\"font-weight: 400;\">Aunque se dice que la nataci\u00f3n es un deporte individual, Salvatierra tiene una visi\u00f3n distinta. \u00c9l se esfuerza por fomentar el compa\u00f1erismo y el respeto en el grupo, promoviendo una \u00abgimnasia para una correcta relaci\u00f3n\u00bb con los dem\u00e1s. Su m\u00e9todo busca infundir \u00abel sentido del honor y el orgullo en la competencia y machacar el respeto que se debe tener por el vencedor\u00bb.<\/p>\n<h2 style=\"font-weight: 400;\"><\/h2>\n<h2 style=\"font-weight: 400;\"><strong>La filosof\u00eda del esfuerzo: A las 5 de la ma\u00f1ana en la pileta<\/strong><\/h2>\n<p style=\"font-weight: 400;\">Para H\u00e9ctor Salvatierra, el \u00e9xito no era una casualidad, sino el resultado de un m\u00e9todo tan simple como radical: el esfuerzo sostenido. Su carrera como entrenador de nataci\u00f3n despeg\u00f3 en el Club de Regatas y se consolid\u00f3 en \u00a0Hind\u00fa Club donde marc\u00f3 una \u00e9poca. Mientras en provincias vecinas sus colegas entrenaban con vol\u00famenes de 8.000 o 9.000 metros, Salvatierra elev\u00f3 la vara a niveles nunca antes vistos en la regi\u00f3n.<\/p>\n<p style=\"font-weight: 400;\">Su enfoque era tan inusual que lo llev\u00f3 a ser tildado de \u00abloco\u00bb. \u00abA m\u00ed, cuando yo empec\u00e9 con ese sistema, los correntinos dijeron que yo era un loco. \u00bfC\u00f3mo iba a llevar un chico a las cinco de la ma\u00f1ana?\u00bb, cuenta. Sin embargo, el tiempo le dio la raz\u00f3n. Sus nadadores, como el joven Pablo G\u00f3mez Almeida, de apenas 11 a\u00f1os, estaban entrenando con un volumen de 20.000 metros por d\u00eda. \u00abPablito ten\u00eda 11 a\u00f1os y a las cinco de la ma\u00f1ana estaba en la pileta. Despu\u00e9s sal\u00eda, se iba al colegio normal, y a las cinco de la tarde estaba nadando de vuelta\u00bb, recuerda Salvatierra, ilustrando la dedicaci\u00f3n que exig\u00eda.<\/p>\n<h2 style=\"font-weight: 400;\"><strong>Los nadadores que marcaron una era<\/strong><\/h2>\n<p style=\"font-weight: 400;\">Bajo su tutela, surgieron talentos que colocaron al Chaco en el mapa de la nataci\u00f3n nacional e internacional. Entre ellos, destaca\u00a0<strong>Carlos Castellari<\/strong>, a quien considera el mejor nadador que entren\u00f3. Castellari era una anomal\u00eda: un \u00abflaco que le pod\u00edas contar las costillas\u00bb con una resistencia y versatilidad asombrosas. \u00abLo pod\u00edas hacer correr 100 metros como si quisiera una carrera de 2 kil\u00f3metros\u00bb, relata Salvatierra, destacando su habilidad para ser tanto velocista como fondista.<\/p>\n<h2 style=\"font-weight: 400;\"><strong>La leyenda de la pileta ol\u00edmpica del Hind\u00fa<\/strong><\/h2>\n<p style=\"font-weight: 400;\">Salvatierra tambi\u00e9n rememora una de las historias m\u00e1s incre\u00edbles de la nataci\u00f3n chaque\u00f1a: la construcci\u00f3n de la pileta ol\u00edmpica del Hind\u00fa Club. Lamentablemente la historia marca su desaparici\u00f3n. Cuando faltaba poco para la inauguraci\u00f3n. Todav\u00eda era \u00abun pozo rodeado de yuyos\u00bb, el presidente de la instituci\u00f3n, don Alberto Perosio, le pidi\u00f3 que solicitara una fecha para un torneo internacional. El profesor, incr\u00e9dulo, pregunt\u00f3: \u00ab\u00bfQu\u00e9 pileta ol\u00edmpica? Si tenemos un pozo hecho nada m\u00e1s\u00bb.<\/p>\n<p style=\"font-weight: 400;\">Pero la respuesta de Perosio fue contundente: \u00abVos pedile para el 8 de diciembre una fecha&#8230; \u201csi este se\u00f1or dec\u00eda que el 8 de diciembre hay una pileta ol\u00edmpica, el 8 de diciembre hay una pileta ol\u00edmpica\u00bb. Y as\u00ed fue. El 8 de diciembre de 1980, una pileta de 50 metros, totalmente iluminada, con sala de m\u00e1quinas subterr\u00e1nea y partidores ol\u00edmpicos, se erigi\u00f3 en tiempo r\u00e9cord. Salvatierra lamenta que esa obra, que calific\u00f3 como \u00abirrepetible\u00bb, haya desaparecido, un lugar que fue \u00abun lugar fant\u00e1stico\u00bb para el deporte.<\/p>\n<p><img loading=\"lazy\" decoding=\"async\" class=\"alignnone size-medium wp-image-24718 aligncenter\" src=\"https:\/\/www.sportchaco.com.ar\/wp-content\/uploads\/2025\/09\/Salvatierra-agosto-81-2-273x300.jpg\" alt=\"\" width=\"273\" height=\"300\" srcset=\"https:\/\/www.sportchaco.com.ar\/wp-content\/uploads\/2025\/09\/Salvatierra-agosto-81-2-273x300.jpg 273w, https:\/\/www.sportchaco.com.ar\/wp-content\/uploads\/2025\/09\/Salvatierra-agosto-81-2-931x1024.jpg 931w, https:\/\/www.sportchaco.com.ar\/wp-content\/uploads\/2025\/09\/Salvatierra-agosto-81-2-768x845.jpg 768w, https:\/\/www.sportchaco.com.ar\/wp-content\/uploads\/2025\/09\/Salvatierra-agosto-81-2-1396x1536.jpg 1396w, https:\/\/www.sportchaco.com.ar\/wp-content\/uploads\/2025\/09\/Salvatierra-agosto-81-2.jpg 1603w\" sizes=\"auto, (max-width: 273px) 100vw, 273px\" \/><\/p>\n<p style=\"font-weight: 400;\"><strong>La m\u00edstica de las aguas abiertas<\/strong><\/p>\n<p style=\"font-weight: 400;\">Para Salvatierra, la nataci\u00f3n de aguas abiertas en el imponente r\u00edo Paran\u00e1 es un arte en s\u00ed mismo, un desaf\u00edo que va m\u00e1s all\u00e1 de la resistencia f\u00edsica. \u00abEl 50% de la fuerza y el 50% de la vida\u00bb, afirma. A diferencia de una pileta con carriles, en el r\u00edo es fundamental \u00absaber leer el r\u00edo\u00bb, conocer la corriente, los remansos, y las indicaciones del gu\u00eda. Esta complejidad es lo que hace de la nataci\u00f3n de aguas abiertas un deporte tan especial y de los nadadores chaque\u00f1os, forjados en el Paran\u00e1, verdaderos expertos.<\/p>\n<p style=\"font-weight: 400;\">H\u00e9ctor Salvatierra no solo fue un profesor que ense\u00f1aba a nadar, fue un mentor, un estratega y un \u00abloco\u00bb que cre\u00eda en la disciplina por encima de todo. Su legado es un testimonio del poder del trabajo duro y la dedicaci\u00f3n, que marc\u00f3 a una generaci\u00f3n de nadadores y dej\u00f3 una huella imborrable en la historia deportiva del Chaco.<\/p>\n<p style=\"font-weight: 400;\"><strong>La filosof\u00eda del \u00abLoco\u00bb de la Nataci\u00f3n<\/strong><\/p>\n<p style=\"font-weight: 400;\">El punto m\u00e1s destacado de su carrera como entrenador es su\u00a0<strong>m\u00e9todo de entrenamiento de alto volumen<\/strong>, que le vali\u00f3 el apodo de \u00abloco\u00bb. A diferencia de otros entrenadores que hac\u00edan nadar a sus pupilos 8,000 metros, Salvatierra los exig\u00eda hasta 20,000 metros por d\u00eda, con sesiones que iniciaban a las cinco de la ma\u00f1ana. Esta disciplina, que en su momento fue considerada una locura, fue la base del \u00e9xito de sus nadadores.<\/p>\n<p>&nbsp;<\/p>\n<p><strong>Homenaje de la C\u00e1mara de Diputados<\/strong><\/p>\n<h2 style=\"font-weight: 400;\"><\/h2>\n<h2 style=\"font-weight: 400;\"><strong>Los Nadadores Legendarios que hicieron \u00e9poca<\/strong><\/h2>\n<p style=\"font-weight: 400;\"><strong>Marcos Ca\u00f1ete: \u00danico campe\u00f3n Sudamericano<\/strong><\/p>\n<p><img loading=\"lazy\" decoding=\"async\" class=\"size-medium wp-image-24713 aligncenter\" src=\"https:\/\/www.sportchaco.com.ar\/wp-content\/uploads\/2025\/09\/Marcos-canete-5-3-83-campeon-argentino-300x225.jpg\" alt=\"\" width=\"300\" height=\"225\" srcset=\"https:\/\/www.sportchaco.com.ar\/wp-content\/uploads\/2025\/09\/Marcos-canete-5-3-83-campeon-argentino-300x225.jpg 300w, https:\/\/www.sportchaco.com.ar\/wp-content\/uploads\/2025\/09\/Marcos-canete-5-3-83-campeon-argentino-1024x768.jpg 1024w, https:\/\/www.sportchaco.com.ar\/wp-content\/uploads\/2025\/09\/Marcos-canete-5-3-83-campeon-argentino-768x576.jpg 768w, https:\/\/www.sportchaco.com.ar\/wp-content\/uploads\/2025\/09\/Marcos-canete-5-3-83-campeon-argentino-1536x1152.jpg 1536w, https:\/\/www.sportchaco.com.ar\/wp-content\/uploads\/2025\/09\/Marcos-canete-5-3-83-campeon-argentino-2048x1536.jpg 2048w\" sizes=\"auto, (max-width: 300px) 100vw, 300px\" \/><\/p>\n<p style=\"font-weight: 400;\"><strong>\u00danico Campe\u00f3n Sudamericano del Chaco:<\/strong>\u00a0Salvatierra lo identifica como el\u00a0<strong>\u00fanico nadador chaque\u00f1o<\/strong>\u00a0en haber obtenido el t\u00edtulo de campe\u00f3n sudamericano, lo cual resalta su singular logro en la historia deportiva de la provincia.<strong>\u00a0Campe\u00f3n Argentino de Aguas Abiertas:<\/strong>\u00a0Adem\u00e1s de su t\u00edtulo sudamericano, Ca\u00f1ete tambi\u00e9n se coron\u00f3 como\u00a0<strong>campe\u00f3n argentino de Aguas Abiertas<\/strong>, demostrando su dominio en esta disciplina.<strong>\u00a0Parte de una Generaci\u00f3n de Oro:<\/strong>\u00a0Salvatierra lo incluye en la lista de los nadadores m\u00e1s sobresalientes del Club Hind\u00fa, junto a figuras como Carlos Castellari y Rafael Yurkevich. Ca\u00f1ete form\u00f3 parte de un \u00abequipo muy s\u00f3lido\u00bb que, seg\u00fan Salvatierra, \u00abpod\u00eda competir donde quer\u00edamos\u00bb.<\/p>\n<h2 style=\"font-weight: 400;\"><\/h2>\n<h2 style=\"font-weight: 400;\"><strong>Carlos Castellari: El nadador completo<\/strong><\/h2>\n<p><img loading=\"lazy\" decoding=\"async\" class=\"size-medium wp-image-24714 aligncenter\" src=\"https:\/\/www.sportchaco.com.ar\/wp-content\/uploads\/2025\/09\/castellari-3-300x200.jpg\" alt=\"\" width=\"300\" height=\"200\" srcset=\"https:\/\/www.sportchaco.com.ar\/wp-content\/uploads\/2025\/09\/castellari-3-300x200.jpg 300w, https:\/\/www.sportchaco.com.ar\/wp-content\/uploads\/2025\/09\/castellari-3.jpg 600w\" sizes=\"auto, (max-width: 300px) 100vw, 300px\" \/><\/p>\n<h2 style=\"font-weight: 400;\">Salvatierra considera a Castellari su\u00a0<strong>mejor nadador<\/strong>\u00a0debido a su incre\u00edble versatilidad. No era solo un velocista ni un fondista; era capaz de nadar pruebas de 100 metros con la misma eficacia que una de 2 kil\u00f3metros. A pesar de su f\u00edsico delgado, pose\u00eda una\u00a0<strong>resistencia y una t\u00e9cnica impecables<\/strong>\u00a0que lo llevaron a ser\u00a0<strong>campe\u00f3n sudamericano y campe\u00f3n argentino<\/strong>. Su disciplina lo hac\u00eda levantarse a las 5 a.m. para saltar la cerca del club y entrenar sin que nadie lo viera, mostrando una dedicaci\u00f3n \u00fanica.<\/h2>\n<h2 style=\"font-weight: 400;\"><strong>Franco Galeano: El rey de las aguas abiertas<\/strong><\/h2>\n<p><img loading=\"lazy\" decoding=\"async\" class=\"size-medium wp-image-24715 aligncenter\" src=\"https:\/\/www.sportchaco.com.ar\/wp-content\/uploads\/2025\/09\/Salvatierra-con-Galeano-300x218.jpg\" alt=\"\" width=\"300\" height=\"218\" srcset=\"https:\/\/www.sportchaco.com.ar\/wp-content\/uploads\/2025\/09\/Salvatierra-con-Galeano-300x218.jpg 300w, https:\/\/www.sportchaco.com.ar\/wp-content\/uploads\/2025\/09\/Salvatierra-con-Galeano.jpg 567w\" sizes=\"auto, (max-width: 300px) 100vw, 300px\" \/><\/p>\n<p style=\"font-weight: 400;\">Franco Galeano fue la figura m\u00e1s destacada en la disciplina de\u00a0<strong>aguas abiertas<\/strong>. Salvatierra lo describe como el\u00a0<strong>mejor nadador de aguas abiertas de Argentina<\/strong>\u00a0en su momento. La habilidad de Galeano se hizo evidente al derrotar a\u00a0<strong>Alejandro Lecot<\/strong>, una leyenda de este deporte, en una carrera de 40 kil\u00f3metros, la m\u00e1s antigua del mundo en su tipo. La victoria de\u00a0<strong>Galeano\u00a0<\/strong>fue tan contundente que provoc\u00f3 una pol\u00e9mica solicitud de control anti-doping, lo cual, seg\u00fan Salvatierra, fue un intento de desacreditar su \u00e9xito. El talento de Galeano no solo se basaba en la resistencia f\u00edsica, sino tambi\u00e9n en su capacidad para \u00ableer el r\u00edo\u00bb y entender las corrientes, una habilidad esencial para competir en aguas abiertas.<\/p>\n<p style=\"font-weight: 400;\">&#8212;&#8212;&#8212;&#8212;-<\/p>\n<h2 style=\"font-weight: 400;\"><strong>Rafael Yurkevich fue el pionero<\/strong><\/h2>\n<p><img loading=\"lazy\" decoding=\"async\" class=\"size-medium wp-image-24716 aligncenter\" src=\"https:\/\/www.sportchaco.com.ar\/wp-content\/uploads\/2025\/09\/Rafael-Yurkevich-con-Ramon-Villanueva-290x300.jpg\" alt=\"\" width=\"290\" height=\"300\" srcset=\"https:\/\/www.sportchaco.com.ar\/wp-content\/uploads\/2025\/09\/Rafael-Yurkevich-con-Ramon-Villanueva-290x300.jpg 290w, https:\/\/www.sportchaco.com.ar\/wp-content\/uploads\/2025\/09\/Rafael-Yurkevich-con-Ramon-Villanueva-989x1024.jpg 989w, https:\/\/www.sportchaco.com.ar\/wp-content\/uploads\/2025\/09\/Rafael-Yurkevich-con-Ramon-Villanueva-768x795.jpg 768w, https:\/\/www.sportchaco.com.ar\/wp-content\/uploads\/2025\/09\/Rafael-Yurkevich-con-Ramon-Villanueva-1484x1536.jpg 1484w, https:\/\/www.sportchaco.com.ar\/wp-content\/uploads\/2025\/09\/Rafael-Yurkevich-con-Ramon-Villanueva-1978x2048.jpg 1978w\" sizes=\"auto, (max-width: 290px) 100vw, 290px\" \/><\/p>\n<p><strong>Rafael Yurkevich con Ram\u00f3n Villanueva hace unos a\u00f1os en el C\u00edrculo<\/strong><\/p>\n<p style=\"font-weight: 400;\">Considera a\u00a0<strong>Rafael Yurkevich<\/strong>\u00a0una figura clave en la historia de la nataci\u00f3n del Chaco, especialmente en la disciplina de aguas abiertas. Salvatierra lo valora por ser un pionero y un competidor de \u00e9lite.<strong>\u00a0Pionero en Aguas Abiertas:<\/strong>\u00a0Salvatierra le atribuye a Yurkevich haber iniciado el \u00abderrotero de Agua Abierta\u00bb para el club Hind\u00fa, abriendo el camino para otros grandes nadadores en esta disciplina.<strong>\u00a0Dominio y competitividad:<\/strong>\u00a0Yurkevich era un nadador extremadamente dominante. Salvatierra relata una an\u00e9cdota en la que Yurkevich gan\u00f3 una carrera en Corrientes contra los hermanos Romero de Paran\u00e1, atrayendo a una multitud tan grande que un pont\u00f3n casi se hund\u00eda por la cantidad de gente.<strong>\u00a0Causa del retiro de otros nadadores:<\/strong>\u00a0Salvatierra afirma que el nivel de Yurkevich era tan alto que su \u00e9xito hizo que otros competidores se retiraran. En el di\u00e1logo, menciona que Guillermo Sobrado dej\u00f3 de nadar cuando vio que ya no pod\u00eda alcanzar el nivel de Yurkevich ni en entrenamientos ni en carreras.<\/p>\n<p style=\"font-weight: 400;\"><strong>Manuel San Vicente: El Regreso<\/strong><\/p>\n<p><img loading=\"lazy\" decoding=\"async\" class=\"alignnone size-medium wp-image-24717 aligncenter\" src=\"https:\/\/www.sportchaco.com.ar\/wp-content\/uploads\/2025\/09\/SAN-VICENTE-4-300x212.jpg\" alt=\"\" width=\"300\" height=\"212\" srcset=\"https:\/\/www.sportchaco.com.ar\/wp-content\/uploads\/2025\/09\/SAN-VICENTE-4-300x212.jpg 300w, https:\/\/www.sportchaco.com.ar\/wp-content\/uploads\/2025\/09\/SAN-VICENTE-4-1024x723.jpg 1024w, https:\/\/www.sportchaco.com.ar\/wp-content\/uploads\/2025\/09\/SAN-VICENTE-4-768x542.jpg 768w, https:\/\/www.sportchaco.com.ar\/wp-content\/uploads\/2025\/09\/SAN-VICENTE-4-1536x1084.jpg 1536w, https:\/\/www.sportchaco.com.ar\/wp-content\/uploads\/2025\/09\/SAN-VICENTE-4-2048x1446.jpg 2048w\" sizes=\"auto, (max-width: 300px) 100vw, 300px\" \/><\/p>\n<p style=\"font-weight: 400;\">Un punto conmovedor es el relato de c\u00f3mo Salvatierra volvi\u00f3 a entrenar hace una d\u00e9cada a\u00a0<strong>Manuel San Vicente<\/strong>, un ex nadador entonces de 76 a\u00f1os con marcapasos, para que volviera a cruzar el r\u00edo, un desaf\u00edo que complet\u00f3 en 1 hora y 50 minutos. Esto demuestra que su pasi\u00f3n por la nataci\u00f3n y su creencia en el potencial humano perduran m\u00e1s all\u00e1 del tiempo.<\/p>\n<p style=\"font-weight: 400;\"><strong>\u00a0<\/strong><\/p>\n<p style=\"font-weight: 400;\"><strong>\u00a0<\/strong><\/p>\n<p style=\"font-weight: 400;\"><strong>El futuro del deporte: una tarea de todos<\/strong><\/p>\n<p style=\"font-weight: 400;\">Al reflexionar sobre el apoyo al deporte, Salvatierra es enf\u00e1tico: \u00abTodos tenemos que trabajar y apoyar para que la cultura deportiva se inserte en la formaci\u00f3n integral de la personalidad espiritual, intelectual y f\u00edsica\u00bb. Para \u00e9l, la atenci\u00f3n a la cultura deportiva debe ser prioritaria y estar presente desde las etapas de la educaci\u00f3n primaria y secundaria, que es donde se forjan los h\u00e1bitos que perdurar\u00e1n en el tiempo.<\/p>\n<p style=\"font-weight: 400;\">Su visi\u00f3n es clara: los clubes deben fortalecer sus departamentos deportivos y dotarlos de los medios humanos y materiales necesarios para una planificaci\u00f3n de base s\u00f3lida. \u00abLa nataci\u00f3n, en particular, exige voluntad y sacrificio\u00bb, concluye Salvatierra, convencido de que solo as\u00ed se puede avanzar y permitir que los deportistas alcancen su m\u00e1ximo potencial. Su legado es un recordatorio de que la pasi\u00f3n, la dedicaci\u00f3n y el apoyo de la comunidad son la verdadera clave del \u00e9xito deportivo y humano.<\/p>\n<p style=\"font-weight: 400;\"><img loading=\"lazy\" decoding=\"async\" class=\"alignnone size-medium wp-image-24719\" src=\"https:\/\/www.sportchaco.com.ar\/wp-content\/uploads\/2025\/09\/Salvatierra-guia-en-el-parana-300x193.jpg\" alt=\"\" width=\"300\" height=\"193\" srcset=\"https:\/\/www.sportchaco.com.ar\/wp-content\/uploads\/2025\/09\/Salvatierra-guia-en-el-parana-300x193.jpg 300w, https:\/\/www.sportchaco.com.ar\/wp-content\/uploads\/2025\/09\/Salvatierra-guia-en-el-parana.jpg 567w\" sizes=\"auto, (max-width: 300px) 100vw, 300px\" \/><\/p>\n<h2 style=\"font-weight: 400;\"><\/h2>\n<h2 style=\"font-weight: 400;\"><strong>Salvatierra periodista\u00a0\u00a0<\/strong><\/h2>\n<p style=\"font-weight: 400;\">La experiencia de H\u00e9ctor Salvatierra como periodista fue breve pero significativa, desarroll\u00e1ndose en el\u00a0<strong>diario Crisol<\/strong>, un medio de tipo cooperativista, que luego tuvo un due\u00f1o y una vida ef\u00edmera. Su incursi\u00f3n en este campo comenz\u00f3 cuando le asignaron la tarea de cubrir la informaci\u00f3n de las\u00a0<strong>carreras de caballos<\/strong>, un nicho que en ese momento no era cubierto por los medios locales del Chaco, ni siquiera por el prestigioso diario El Territorio.<\/p>\n<p style=\"font-weight: 400;\">Para realizar su trabajo, Salvatierra se dedicaba de lleno: cruzaba a la provincia de Corrientes en la balsa muy temprano por la ma\u00f1ana para observar de cerca los entrenamientos de los caballos. Su dedicaci\u00f3n lo llev\u00f3 a cubrir otros deportes y, finalmente, a convertirse en el\u00a0<strong>Jefe de Deportes<\/strong>\u00a0del diario Crisol, consolidando as\u00ed una faceta poco conocida de su vida, tan apasionada como la que demostraba en las piletas.<\/p>\n<h2 style=\"font-weight: 400;\"><\/h2>\n<h2 style=\"font-weight: 400;\"><strong>Homenaje a H\u00e9ctor Salvatierra por su destacada trayectoria como entrenador<\/strong><\/h2>\n<p><img decoding=\"async\" src=\"https:\/\/mail.google.com\/mail\/u\/0?ui=2&amp;ik=a4c91777c5&amp;attid=0.1&amp;permmsgid=msg-a:r9129598155740703682&amp;th=198f2d3b18b967b0&amp;view=fimg&amp;fur=ip&amp;permmsgid=msg-a:r9129598155740703682&amp;sz=s0-l75-ft&amp;attbid=ANGjdJ9GX2yuJVb3aS8O9jGA4x06ewEh9CKJ_4vXw7sFPCQ6To9ndDScrAlBMTBMEMowpHNH6-j2LUseXcLPnwJdhYXfYBTK-HwSMUFQs9pI-pxkhjTFHTTP_Lm2sRM&amp;disp=emb&amp;realattid=ii_mevl8qj20&amp;zw\" alt=\"Un grupo de personas sentadas en una sala El contenido generado por IA puede ser incorrecto.\" \/><\/p>\n<p style=\"font-weight: 400;\">De acuerdo a lo establecido en el proyecto de resoluci\u00f3n N\u00b0 2824\/13, la C\u00e1mara de Diputados reconoci\u00f3 la distinguida y meritoria trayectoria p\u00fablica de Don H\u00e9ctor Edgardo Salvatierra como entrenador de nataci\u00f3n. Estuvieron presentes, adem\u00e1s del homenajeado, el diputado del bloque Bases y Principios Dr. Jorge Varisco, el presidente del Club Regatas Resistencia Eldo Aguilar, las diputadas con mandato cumplido Norma L\u00f3pez y Marilyn Crist\u00f3fani, familiares, amigos e invitados especiales.<\/p>\n<p><img decoding=\"async\" src=\"https:\/\/mail.google.com\/mail\/u\/0?ui=2&amp;ik=a4c91777c5&amp;attid=0.6&amp;permmsgid=msg-a:r9129598155740703682&amp;th=198f2d3b18b967b0&amp;view=fimg&amp;fur=ip&amp;permmsgid=msg-a:r9129598155740703682&amp;sz=s0-l75-ft&amp;attbid=ANGjdJ_Q9gk241AFeUqocGJiZTA-_57jI2s4X_NJttcbJrRzTfItPMKDFe499YrV8uN1EfQGQ-jfm--Me4GZ0eDx0nZgt9sykZDMoW_mhmp3WW7KykuUWjf4g190FUU&amp;disp=emb&amp;realattid=ii_mevl8qo96&amp;zw\" alt=\"image.png\" \/><\/p>\n<p><strong>LUIS DARIO MOLODEZKY<\/strong><\/p>\n","protected":false},"excerpt":{"rendered":"<p>&nbsp; En el coraz\u00f3n de la nataci\u00f3n en la provincia del Chaco, el nombre de H\u00e9ctor Salvatierra resuena con la fuerza de un legado. Hoy, en un ejercicio de memoria y pasi\u00f3n deportiva, revivimos la historia de este entrenador y formador, cuya visi\u00f3n trascendi\u00f3 las piletas para forjar el car\u00e1cter y el temple de innumerables &hellip;<\/p>\n","protected":false},"author":2,"featured_media":24712,"comment_status":"open","ping_status":"open","sticky":false,"template":"","format":"standard","meta":{"footnotes":""},"categories":[65],"tags":[],"class_list":["post-24711","post","type-post","status-publish","format-standard","has-post-thumbnail","hentry","category-natacion"],"_links":{"self":[{"href":"https:\/\/www.sportchaco.com.ar\/index.php?rest_route=\/wp\/v2\/posts\/24711","targetHints":{"allow":["GET"]}}],"collection":[{"href":"https:\/\/www.sportchaco.com.ar\/index.php?rest_route=\/wp\/v2\/posts"}],"about":[{"href":"https:\/\/www.sportchaco.com.ar\/index.php?rest_route=\/wp\/v2\/types\/post"}],"author":[{"embeddable":true,"href":"https:\/\/www.sportchaco.com.ar\/index.php?rest_route=\/wp\/v2\/users\/2"}],"replies":[{"embeddable":true,"href":"https:\/\/www.sportchaco.com.ar\/index.php?rest_route=%2Fwp%2Fv2%2Fcomments&post=24711"}],"version-history":[{"count":2,"href":"https:\/\/www.sportchaco.com.ar\/index.php?rest_route=\/wp\/v2\/posts\/24711\/revisions"}],"predecessor-version":[{"id":24744,"href":"https:\/\/www.sportchaco.com.ar\/index.php?rest_route=\/wp\/v2\/posts\/24711\/revisions\/24744"}],"wp:featuredmedia":[{"embeddable":true,"href":"https:\/\/www.sportchaco.com.ar\/index.php?rest_route=\/wp\/v2\/media\/24712"}],"wp:attachment":[{"href":"https:\/\/www.sportchaco.com.ar\/index.php?rest_route=%2Fwp%2Fv2%2Fmedia&parent=24711"}],"wp:term":[{"taxonomy":"category","embeddable":true,"href":"https:\/\/www.sportchaco.com.ar\/index.php?rest_route=%2Fwp%2Fv2%2Fcategories&post=24711"},{"taxonomy":"post_tag","embeddable":true,"href":"https:\/\/www.sportchaco.com.ar\/index.php?rest_route=%2Fwp%2Fv2%2Ftags&post=24711"}],"curies":[{"name":"wp","href":"https:\/\/api.w.org\/{rel}","templated":true}]}}