{"id":24727,"date":"2025-09-01T11:12:38","date_gmt":"2025-09-01T14:12:38","guid":{"rendered":"https:\/\/www.sportchaco.com.ar\/?p=24727"},"modified":"2025-09-01T18:48:07","modified_gmt":"2025-09-01T21:48:07","slug":"fallecio-coco-yunes-dirigente-deportivo-y-politico","status":"publish","type":"post","link":"https:\/\/www.sportchaco.com.ar\/?p=24727","title":{"rendered":"Falleci\u00f3 \u00abCoco\u00bb Yunes, dirigente deportivo y pol\u00edtico"},"content":{"rendered":"<div class=\"user-query-container user-query-bubble-container ng-star-inserted\">\n<div id=\"user-query-content-8\" class=\"query-content ng-star-inserted\" data-hveid=\"0\" data-ved=\"0CAAQ3ucQahgKEwi03L-liLaPAxUAAAAAHQAAAAAQsAE\">\n<div class=\"query-text gds-body-l\" dir=\"ltr\" role=\"heading\" aria-level=\"2\">\n<p><strong>01-09-2025<\/strong><\/p>\n<p class=\"query-text-line ng-star-inserted\"><img loading=\"lazy\" decoding=\"async\" class=\"aligncenter size-full wp-image-20491\" src=\"https:\/\/www.sportchaco.com.ar\/wp-content\/uploads\/2025\/06\/PARQUE-SOLAR_720x90-01.gif\" alt=\"\" width=\"720\" height=\"90\" \/><\/p>\n<\/div>\n<\/div>\n<\/div>\n<div>\n<div class=\"response-container ng-tns-c1346728417-66 response-container-with-gpi ng-star-inserted response-container-has-multiple-responses\" data-hveid=\"1\">\n<div class=\"response-container-header ng-tns-c1346728417-66 ng-star-inserted\">\n<div class=\"response-container-header-controls ng-tns-c1346728417-66\">\n<div class=\"response-tts-container ng-star-inserted\" data-test-draft-id=\"rc_bd44c90a8ddd9e4b\">\n<div class=\"mat-mdc-tooltip-trigger tts-button-container mat-mdc-tooltip-disabled\" data-test-id=\"disabled-tooltip\">El ex diputado nacional y referente del Movimiento de Afirmaci\u00f3n Yrigoyenista falleci\u00f3 este fin de semana. Tambi\u00e9n fue un reconocido presidente de Chaco For Ever.<\/div>\n<\/div>\n<\/div>\n<\/div>\n<div class=\"presented-response-container ng-tns-c1346728417-66\">\n<div class=\"avatar-gutter ng-tns-c1346728417-66 ng-star-inserted\">\n<div class=\"avatar_spinner_animation ng-tns-c3526068667-68 ng-star-inserted\">\n<section class=\"body\">\n<section class=\"content\">\n<div class=\"main-text\">\n<p>&nbsp;<\/p>\n<p>Identificado con el Movimiento de Afirmaci\u00f3n Yrigoyenista (MAY-UCR), Yunes fue una figura de peso en la vida partidaria de la Uni\u00f3n C\u00edvica Radical chaque\u00f1a desde los a\u00f1os \u201880. Enlas elecciones legislativas del 3 de noviembre de 1985 fue electo diputado nacional por Chaco, desempe\u00f1\u00e1ndose en la C\u00e1mara Baja entre 1985 y 1989.<\/p>\n<p>La corriente interna que integraba, el MAY, tuvo fuerte gravitaci\u00f3n en la pol\u00edtica provincial hasta mediados de los a\u00f1os \u201890. En 2022, al cumplirse 40 a\u00f1os de la creaci\u00f3n del movimiento, la prensa local lo record\u00f3 como uno de los principales referentes hist\u00f3ricos.<\/p>\n<h2>Entre la gloria y la cr\u00edsis<\/h2>\n<p>En el \u00e1mbito deportivo, Yunes dej\u00f3 su huella como presidente de Chaco For Ever en distintos per\u00edodos. Estuvo al frente de la instituci\u00f3n a comienzos de los \u201890, en el ciclo posterior al hist\u00f3rico ascenso a Primera Divisi\u00f3n en 1989.\u00a0Fue parte de la conducci\u00f3n durante la recordada permanencia en la m\u00e1xima categor\u00eda tras el desempate del 25 de mayo de 1990.\u00a0 De car\u00e1cter fuerte y confrontativo, se recuerda su \u00e9poca de delegado en la Liga Chaque\u00f1a de F\u00fatbol formando dupla con Luis Angel Maffei.<\/p>\n<p>M\u00e1s tarde, volvi\u00f3 a la presidencia en 1992-1993 y de manera interina en 1996. En 1994, bajo su gesti\u00f3n, la instituci\u00f3n cedi\u00f3 la administraci\u00f3n a la empresa Sol de Am\u00e9rica S.A., una decisi\u00f3n que a\u00f1os despu\u00e9s ser\u00eda recordada en la prensa nacional y en la historiograf\u00eda del club como parte de un contexto de crisis deportiva e institucional.<\/p>\n<p>Yunes fue parte de una generaci\u00f3n de dirigentes que marcaron tanto la pol\u00edtica provincial como la vida institucional del f\u00fatbol chaque\u00f1o. Su fallecimiento provoc\u00f3 pesar en el radicalismo local y en la familia de For Ever, donde ser\u00e1 recordado por su fuerte impronta dirigencial en momentos claves de la historia del club.<\/p>\n<\/div>\n<\/section>\n<\/section>\n<\/div>\n<\/div>\n<div class=\"response-container-content ng-tns-c1346728417-66\">\n<div class=\"ng-tns-c4255501878-67\">De acuerdo con la informaci\u00f3n disponible, Jorge Yunes fue un dirigente de Chaco For Ever y se desempe\u00f1\u00f3 como diputado nacional, aunque los detalles sobre su carrera son limitados en fuentes p\u00fablicas. Aqu\u00ed est\u00e1 lo que se sabe sobre \u00e9l:<\/div>\n<div><\/div>\n<div class=\"ng-tns-c4255501878-67\"><b>Decisi\u00f3n notable:<\/b> Durante su mandato, tom\u00f3 la decisi\u00f3n de nombrar a Rub\u00e9n Glar\u00eda como entrenador del equipo, con el objetivo de prepararlo para competir en la Primera Divisi\u00f3n A del f\u00fatbol argentino, desplazando al t\u00b4\u00b4ecnicocampe\u00f3n Oscar Angel Palavecino. Esta decisi\u00f3n fue considerada sorpresiva en ese momento debido a los antecedentes de Glar\u00eda.<\/div>\n<div><\/div>\n<div class=\"ng-tns-c4255501878-67\"><strong>Fuente: Datachaco y propias.<\/strong><\/div>\n<div class=\"response-content ng-tns-c1346728417-66\">\n<div id=\"model-response-message-contentr_88b392fa85fc252d\" class=\"markdown markdown-main-panel enable-updated-hr-color\" dir=\"ltr\">\n<p>&nbsp;<\/p>\n<p><img decoding=\"async\" src=\"https:\/\/www.diariochaco.com\/content\/bucket\/8\/644158w790h593c.jpg.webp\" \/><\/p>\n<p><strong>Coco Yunes con Amadeo Ra\u00fal Carrizo (Foto Diario Chaco)<\/strong><\/p>\n<\/div>\n<h2>Voces deportivas<\/h2>\n<p>Jorge Yunes ten\u00eda su caracter, controvertido, y solo para que los que no conocieron su voz, dejo el testimonio de algunos cruces que tuvimos. Sin embargo, ya esw\u00bf historia.<strong> Como dec\u00eda el tambi\u00e9n desaparecido Manolo Bord\u00f3n, su interlocutor, fue en otra radio, en otro siglo<\/strong>.<\/p>\n<div style=\"width: 640px;\" class=\"wp-video\"><video class=\"wp-video-shortcode\" id=\"video-24727-1\" width=\"640\" height=\"360\" preload=\"metadata\" controls=\"controls\"><source type=\"video\/mp4\" src=\"https:\/\/www.sportchaco.com.ar\/wp-content\/uploads\/2025\/09\/Audio-conflicto-con-Yunes-cin-Manolo.mp4?_=1\" \/><a href=\"https:\/\/www.sportchaco.com.ar\/wp-content\/uploads\/2025\/09\/Audio-conflicto-con-Yunes-cin-Manolo.mp4\">https:\/\/www.sportchaco.com.ar\/wp-content\/uploads\/2025\/09\/Audio-conflicto-con-Yunes-cin-Manolo.mp4<\/a><\/video><\/div>\n<div style=\"width: 640px;\" class=\"wp-video\"><video class=\"wp-video-shortcode\" id=\"video-24727-2\" width=\"640\" height=\"360\" preload=\"metadata\" controls=\"controls\"><source type=\"video\/mp4\" src=\"https:\/\/www.sportchaco.com.ar\/wp-content\/uploads\/2025\/09\/Audio-conflicto-con-yunes-con-Manolo.mp4?_=2\" \/><a href=\"https:\/\/www.sportchaco.com.ar\/wp-content\/uploads\/2025\/09\/Audio-conflicto-con-yunes-con-Manolo.mp4\">https:\/\/www.sportchaco.com.ar\/wp-content\/uploads\/2025\/09\/Audio-conflicto-con-yunes-con-Manolo.mp4<\/a><\/video><\/div>\n<\/div>\n<\/div>\n<\/div>\n<\/div>\n<\/div>\n","protected":false},"excerpt":{"rendered":"<p>01-09-2025 El ex diputado nacional y referente del Movimiento de Afirmaci\u00f3n Yrigoyenista falleci\u00f3 este fin de semana. Tambi\u00e9n fue un reconocido presidente de Chaco For Ever. &nbsp; Identificado con el Movimiento de Afirmaci\u00f3n Yrigoyenista (MAY-UCR), Yunes fue una figura de peso en la vida partidaria de la Uni\u00f3n C\u00edvica Radical chaque\u00f1a desde los a\u00f1os \u201880. &hellip;<\/p>\n","protected":false},"author":2,"featured_media":24728,"comment_status":"open","ping_status":"open","sticky":false,"template":"","format":"standard","meta":{"footnotes":""},"categories":[44],"tags":[],"class_list":["post-24727","post","type-post","status-publish","format-standard","has-post-thumbnail","hentry","category-varios"],"_links":{"self":[{"href":"https:\/\/www.sportchaco.com.ar\/index.php?rest_route=\/wp\/v2\/posts\/24727","targetHints":{"allow":["GET"]}}],"collection":[{"href":"https:\/\/www.sportchaco.com.ar\/index.php?rest_route=\/wp\/v2\/posts"}],"about":[{"href":"https:\/\/www.sportchaco.com.ar\/index.php?rest_route=\/wp\/v2\/types\/post"}],"author":[{"embeddable":true,"href":"https:\/\/www.sportchaco.com.ar\/index.php?rest_route=\/wp\/v2\/users\/2"}],"replies":[{"embeddable":true,"href":"https:\/\/www.sportchaco.com.ar\/index.php?rest_route=%2Fwp%2Fv2%2Fcomments&post=24727"}],"version-history":[{"count":7,"href":"https:\/\/www.sportchaco.com.ar\/index.php?rest_route=\/wp\/v2\/posts\/24727\/revisions"}],"predecessor-version":[{"id":24743,"href":"https:\/\/www.sportchaco.com.ar\/index.php?rest_route=\/wp\/v2\/posts\/24727\/revisions\/24743"}],"wp:featuredmedia":[{"embeddable":true,"href":"https:\/\/www.sportchaco.com.ar\/index.php?rest_route=\/wp\/v2\/media\/24728"}],"wp:attachment":[{"href":"https:\/\/www.sportchaco.com.ar\/index.php?rest_route=%2Fwp%2Fv2%2Fmedia&parent=24727"}],"wp:term":[{"taxonomy":"category","embeddable":true,"href":"https:\/\/www.sportchaco.com.ar\/index.php?rest_route=%2Fwp%2Fv2%2Fcategories&post=24727"},{"taxonomy":"post_tag","embeddable":true,"href":"https:\/\/www.sportchaco.com.ar\/index.php?rest_route=%2Fwp%2Fv2%2Ftags&post=24727"}],"curies":[{"name":"wp","href":"https:\/\/api.w.org\/{rel}","templated":true}]}}