{"id":2478,"date":"2023-11-03T17:48:25","date_gmt":"2023-11-03T20:48:25","guid":{"rendered":"https:\/\/www.sportchaco.com.ar\/?p=2478"},"modified":"2023-11-03T17:50:06","modified_gmt":"2023-11-03T20:50:06","slug":"2478","status":"publish","type":"post","link":"https:\/\/www.sportchaco.com.ar\/?p=2478","title":{"rendered":"Nuevas obras deportivas, de seguridad y de contenci\u00f3n social en el sudoeste provincial"},"content":{"rendered":"<nav class=\"foco_bgnavw navbar navbar-expand-lg fixed-top\" role=\"banner\">\n<div class=\"container\">\n<div id=\"navbarSupportedContent\" class=\"collapse navbar-collapse\">\n<div id=\"search-wrapper\"><\/div>\n<\/div>\n<\/div>\n<\/nav>\n<div class=\"col-12 col-md-2 p-0\"><\/div>\n<div class=\"main-content-wrapper row\">\n<div class=\"col-md-10\">\n<div class=\"row justify-content-center\">\n<div class=\"col-12 col-md-9\">\n<div class=\"single-blog-content mb-100\">\n<div class=\"\">\n<h1 class=\"\"><\/h1>\n<p><strong>Las obras se encuentran en Campo Largo, Charata y Las Bre\u00f1as. \u00abHicimos mucha inversi\u00f3n en infraestructura, en equipamiento, en recursos humanos, con el objetivo de garantizar la mejor calidad de atenci\u00f3n, con mucho andamiaje, mucho amor, mucho cari\u00f1o puesto de manifiesto para atender demandas sociales diversas y dispersas\u00bb, dijo el mandatario. (Agencia Foco)<\/strong><\/p>\n<div>\n<div id=\"carouselExampleControls\" class=\"carousel slide\" data-ride=\"carousel\">\n<div class=\"carousel-inner\">\n<div class=\"carousel-item active\"><\/div>\n<\/div>\n<\/div>\n<p>&nbsp;<\/p>\n<p>&nbsp;<\/p>\n<\/div>\n<div class=\"sharethis-inline-share-buttons pb-3\"><\/div>\n<p>El gobernador\u00a0Jorge Capitanich inaugur\u00f3 este viernes diversas obras de infraestructura deportiva, de seguridad y de contenci\u00f3n social en el sudoeste chaque\u00f1o:\u00a0en\u00a0Campo Largo\u00a0la refacci\u00f3n de la comisar\u00eda ($57.563.869) y la Residencia de Adultos Mayores ($43.911.608), en\u00a0Charata\u00a0el Espacio Convivencial Alternativo para ni\u00f1os y ni\u00f1as ($48.399.059) y en\u00a0Las Bre\u00f1as\u00a0la remodelaci\u00f3n del club Ambalab ($22.000.000).<\/p>\n<p>\u201cHicimos mucha inversi\u00f3n en infraestructura, en equipamiento, en recursos humanos con el objetivo de garantizar la mejor calidad de atenci\u00f3n, con mucho andamiaje, mucho amor, mucho cari\u00f1o puesto de manifiesto para atender demandas sociales diversas y dispersas. La de hoy fue una jornada con un alt\u00edsimo impacto desde el punto de vista del rol del Estado, de la garant\u00eda del ejercicio del derecho para garantizar inclusi\u00f3n social, sobre todo con los m\u00e1s vulnerables\u201d, manifest\u00f3 Capitanich.<\/p>\n<p>La Residencia de Adultos Mayores, se realiz\u00f3 a partir de la refuncionalizaci\u00f3n e intervenci\u00f3n del antiguo edificio de la municipalidad, que\u00a0albergar\u00e1 alrededor de 14 adultos mayores. La provincia del Chaco pasa a tener\u00a026 residencias con aproximadamente 600 adultos mayores incluidos socialmente. \u201cEs un servicio gratuito con todas las provisiones correspondientes como infraestructura, alimentaci\u00f3n y dem\u00e1s atenciones correspondientes\u201d, dijo el gobernador.<\/p>\n<p>En cuanto a la\u00a0comisar\u00eda, el mandatario expres\u00f3 que se trata de la remodelaci\u00f3n y reconstrucci\u00f3n integral de un edificio emblem\u00e1tico que tendr\u00e1 ahora, capacidad instalada para\u00a020 detenidos con la infraestructura correspondiente y tambi\u00e9n para los cerca de 25 agentes.\u00a0Adem\u00e1s, Capitanich destac\u00f3 la inversi\u00f3n en seguridad remarcando el cumplimiento de los ascensos, la reivindicaci\u00f3n del refrigerio, las mejoras salariales, intervenci\u00f3n en 77 comisar\u00edas, entre otros aspectos.<\/p>\n<p>\u201cEsto es parte de la inversi\u00f3n en seguridad p\u00fablica que hoy est\u00e1 entre el 6,2 y 6,5% del presupuesto total. Estamos finalizando nuestro gobierno con una multiplicidad de obras que quedan en la conciencia colectiva de nuestros pueblos\u201d, se\u00f1al\u00f3. Ambas obras fueron financiadas por el Ministerio de Planificaci\u00f3n, Econom\u00eda e Infraestructura.<\/p>\n<p>&nbsp;<\/p>\n<p><img decoding=\"async\" class=\"img-fluid\" src=\"http:\/\/agenciafoco.com.ar\/media\/cache\/quality\/uploads\/noticias\/65454a0f56943240512957.jpg\" \/><\/p>\n<p>&nbsp;<\/p>\n<p>En\u00a0Las Bre\u00f1as, el gobernador inaugur\u00f3 las refacciones del Club Ambalab,\u00a0una obra\u00a0financiada por Loter\u00eda Chaque\u00f1a\u00a0que incluy\u00f3 el cerramiento lateral del gimnasio cubierto y colocaci\u00f3n de piso de parquet en el microestadio, iluminaci\u00f3n y sendas peatonales. \u201cNuestro plan de infraestructura lleg\u00f3 a cerca de 500 instituciones en 12 a\u00f1os y en el transcurso de estos \u00faltimos cuatro a\u00f1os la inversi\u00f3n fue de cerca de 17 mil millones de pesos de inversi\u00f3n\u201d, indic\u00f3.<\/p>\n<p>Al mismo tiempo, destac\u00f3 que la\u00a0infraestructura deportiva garantiza inclusi\u00f3n social, promueve valores y garantiza la prevenci\u00f3n de uno de los principales flagelos de las sociedades modernas\u00a0como es el consumo problem\u00e1tico; y remarc\u00f3 hechos trascendentales en materia deportiva como la ley de sponsorizaci\u00f3n deportiva, vinculando empresas e instituciones deportivas y la asignaci\u00f3n universal deportiva, entre otros.<\/p>\n<p>El presidente del club, Diego Kucharuk, record\u00f3 que las obras comenzaron con el techado, el cerramiento del estadio y culmin\u00f3 con el piso de parquet. \u201cAhora el gobernador nos dio la buena noticia que se van terminar los vestuarios\u201d, celebr\u00f3. Destac\u00f3 que si bien es un club nuevo, ya\u00a0cuenta con 150 ni\u00f1os practican mini b\u00e1squet hasta U13 y asegur\u00f3 que gracias a las obras van aumentando la cantidad de socios. \u201cEs un sue\u00f1o cumplido gracias al gobierno del Chaco, a trav\u00e9s de Loter\u00eda Chaque\u00f1a y al Instituto de Deportes Chaque\u00f1o, que con la ley de sponsorizaci\u00f3n pudimos comprar compras, por ejemplo el gimnasio, pelotas de b\u00e1squet y viajes tambi\u00e9n para los chicos\u201d, coment\u00f3.<\/p>\n<p>Por \u00faltimo,\u00a0en Charata el mandatario habilit\u00f3 el Espacio de Convivencia Alternativo destinado a ni\u00f1os y ni\u00f1as que se encuentran a la espera de ser adoptados\u00a0y de manera transitoria se les brinda un ambiente saludable para que puedan ir desarroll\u00e1ndose de manera l\u00fadica y segura. Involucra afectivamente a ni\u00f1os y ni\u00f1as de 45 d\u00edas hasta 18 a\u00f1os con la modalidad de vinculaciones que es importante para las familias adoptantes.<\/p>\n<p>Por su parte, la ministra de Desarrollo Social, P\u00eda Chiacchio Cavana expres\u00f3 que \u201ces importante difundir los procesos de adopci\u00f3n\u201d, pero que \u201chasta tanto podamos garantizar el derecho a tener una vida familiar, ellas y ellos est\u00e1n ac\u00e1, en una nueva casa, con todas las condiciones que se merecen, que necesitan, accediendo a la educaci\u00f3n, a la salud y con un equipo enorme del ministerio que les cuida, que les acompa\u00f1a, que les contiene hasta que puedan egresar del ECA\u201d.<\/p>\n<p>\u201cLa mayor\u00eda de los chicos y chicas est\u00e1n en situaci\u00f3n de judicializaci\u00f3n y a la espera de una familia. Por primera vez tenemos un edificio propio para garantizar que ninguna ni\u00f1a, ning\u00fan ni\u00f1o, est\u00e9 en la calle. Que todos puedan vivir en un hogar en compa\u00f1\u00eda con el Estado hasta que podamos garantizar que puedan egresar de ac\u00e1 con una familia\u201d, sostuvo.<\/p>\n<p>Acompa\u00f1aron al gobernador, los intendentes de Presidencia de La Plaza, Diego Bernachea; Campo Largo, Manuel Su\u00e1rez; Adriana Stacchiotti de Gancedo y Alejandra Campos de Charata.<\/p>\n<p>&nbsp;<\/p>\n<p><img decoding=\"async\" class=\"img-fluid\" src=\"http:\/\/agenciafoco.com.ar\/media\/cache\/quality\/uploads\/noticias\/65454a0f59d6e834938431.jpg\" \/><\/p>\n<\/div>\n<p>Foto: <span style=\"font-weight: bold;\">Nuevas obras deportivas, de seguridad y de contenci\u00f3n social en el sudoeste provincial<\/span><strong>\u00a0en Campo Largo, Charata y Las Bre\u00f1as.<\/strong><\/p>\n<\/div>\n<div class=\"row border-top\">\n<h3 class=\"\"><\/h3>\n<\/div>\n<\/div>\n<\/div>\n<\/div>\n<\/div>\n","protected":false},"excerpt":{"rendered":"<p>Las obras se encuentran en Campo Largo, Charata y Las Bre\u00f1as. \u00abHicimos mucha inversi\u00f3n en infraestructura, en equipamiento, en recursos humanos, con el objetivo de garantizar la mejor calidad de atenci\u00f3n, con mucho andamiaje, mucho amor, mucho cari\u00f1o puesto de manifiesto para atender demandas sociales diversas y dispersas\u00bb, dijo el mandatario. (Agencia Foco) &nbsp; &nbsp; &hellip;<\/p>\n","protected":false},"author":2,"featured_media":2479,"comment_status":"open","ping_status":"open","sticky":false,"template":"","format":"standard","meta":{"footnotes":""},"categories":[44],"tags":[],"class_list":["post-2478","post","type-post","status-publish","format-standard","has-post-thumbnail","hentry","category-varios"],"_links":{"self":[{"href":"https:\/\/www.sportchaco.com.ar\/index.php?rest_route=\/wp\/v2\/posts\/2478","targetHints":{"allow":["GET"]}}],"collection":[{"href":"https:\/\/www.sportchaco.com.ar\/index.php?rest_route=\/wp\/v2\/posts"}],"about":[{"href":"https:\/\/www.sportchaco.com.ar\/index.php?rest_route=\/wp\/v2\/types\/post"}],"author":[{"embeddable":true,"href":"https:\/\/www.sportchaco.com.ar\/index.php?rest_route=\/wp\/v2\/users\/2"}],"replies":[{"embeddable":true,"href":"https:\/\/www.sportchaco.com.ar\/index.php?rest_route=%2Fwp%2Fv2%2Fcomments&post=2478"}],"version-history":[{"count":3,"href":"https:\/\/www.sportchaco.com.ar\/index.php?rest_route=\/wp\/v2\/posts\/2478\/revisions"}],"predecessor-version":[{"id":2482,"href":"https:\/\/www.sportchaco.com.ar\/index.php?rest_route=\/wp\/v2\/posts\/2478\/revisions\/2482"}],"wp:featuredmedia":[{"embeddable":true,"href":"https:\/\/www.sportchaco.com.ar\/index.php?rest_route=\/wp\/v2\/media\/2479"}],"wp:attachment":[{"href":"https:\/\/www.sportchaco.com.ar\/index.php?rest_route=%2Fwp%2Fv2%2Fmedia&parent=2478"}],"wp:term":[{"taxonomy":"category","embeddable":true,"href":"https:\/\/www.sportchaco.com.ar\/index.php?rest_route=%2Fwp%2Fv2%2Fcategories&post=2478"},{"taxonomy":"post_tag","embeddable":true,"href":"https:\/\/www.sportchaco.com.ar\/index.php?rest_route=%2Fwp%2Fv2%2Ftags&post=2478"}],"curies":[{"name":"wp","href":"https:\/\/api.w.org\/{rel}","templated":true}]}}