{"id":24796,"date":"2025-09-04T09:19:18","date_gmt":"2025-09-04T12:19:18","guid":{"rendered":"https:\/\/www.sportchaco.com.ar\/?p=24796"},"modified":"2025-09-04T12:05:53","modified_gmt":"2025-09-04T15:05:53","slug":"rafael-almaraz-el-arbitro-chaqueno-que-cerro-35-anos-de-carrera-con-una-ovacion","status":"publish","type":"post","link":"https:\/\/www.sportchaco.com.ar\/?p=24796","title":{"rendered":"Rafael Almaraz, el \u00e1rbitro chaque\u00f1o que cerr\u00f3 35 a\u00f1os de carrera con una ovaci\u00f3n"},"content":{"rendered":"<p><strong>04-09-2025<\/strong><\/p>\n<p><img loading=\"lazy\" decoding=\"async\" class=\"aligncenter size-full wp-image-20491\" src=\"https:\/\/www.sportchaco.com.ar\/wp-content\/uploads\/2025\/06\/PARQUE-SOLAR_720x90-01.gif\" alt=\"\" width=\"720\" height=\"90\" \/><\/p>\n<p><strong>El hist\u00f3rico juez de la Liga Chaque\u00f1a Rafael Almaraz, por Luis Dar\u00edo Molodezky<\/strong><strong>\u00a0<img loading=\"lazy\" decoding=\"async\" class=\"alignnone wp-image-24798\" src=\"https:\/\/www.sportchaco.com.ar\/wp-content\/uploads\/2025\/09\/Luis-carita-287x300.jpg\" alt=\"\" width=\"74\" height=\"78\" srcset=\"https:\/\/www.sportchaco.com.ar\/wp-content\/uploads\/2025\/09\/Luis-carita-287x300.jpg 287w, https:\/\/www.sportchaco.com.ar\/wp-content\/uploads\/2025\/09\/Luis-carita.jpg 430w\" sizes=\"auto, (max-width: 74px) 100vw, 74px\" \/><\/strong><\/p>\n<p>El \u00faltimo fin de semana, Rafael Almaraz dirigi\u00f3 su \u00faltimo partido y puso punto final a una carrera de m\u00e1s de 35 a\u00f1os en el arbitraje. Emblema de la Liga Chaque\u00f1a de F\u00fatbol y con una d\u00e9cada en la \u00f3rbita profesional de AFA, Almaraz se retir\u00f3 con un emotivo reconocimiento que lo sorprendi\u00f3: \u201cNo pens\u00e9 que iba a ser as\u00ed, me super\u00f3 ver tanta gente acompa\u00f1\u00e1ndome\u201d.<\/p>\n<p><img decoding=\"async\" src=\"https:\/\/scontent.fcnq2-2.fna.fbcdn.net\/v\/t39.30808-6\/540785698_3675276489448711_17968131422767956_n.jpg?_nc_cat=103&amp;ccb=1-7&amp;_nc_sid=127cfc&amp;_nc_ohc=JPAh6fpAgkIQ7kNvwE9F41k&amp;_nc_oc=AdldpanVCGs9R5iXRbRzjXa84a-efZOHRnd4Qk-PVsTXm__B73uMWYJ9OmbRMrJuETM&amp;_nc_zt=23&amp;_nc_ht=scontent.fcnq2-2.fna&amp;_nc_gid=QzEEQU62v7oKsRgkzDRwHA&amp;oh=00_AfYsCOenFMKkBHglQAJhph92AW7g8C55Jcrc1AEEGHzwcg&amp;oe=68BD8311\" alt=\"Puede ser una imagen de 5 personas, personas jugando al f\u00fatbol, personas jugando al f\u00fatbol, c\u00e9sped y texto\" \/><\/p>\n<p><strong>Rafael Almaraz y toda su familia en la despedida como \u00e1rbitro. Un pleno<\/strong><\/p>\n<p><strong>LA VIDA COMO ARBITRO<br \/>\n<\/strong>Nacido en una familia con tradici\u00f3n arbitral, Almaraz se incorpor\u00f3 de manera casi casual al referato en su juventud, cuando un jefe lo incentiv\u00f3 a tomarlo como una salida laboral. Lo que comenz\u00f3 como una alternativa se convirti\u00f3 en vocaci\u00f3n: \u201cDescubr\u00ed que era lo m\u00edo, me sal\u00eda natural. Gracias a Dios hice una carrera extensa y reconocida a nivel provincial\u201d, record\u00f3.<\/p>\n<p>Durante sus a\u00f1os en las canchas, fue conocido por su particular estilo: cercano a los jugadores, dialoguista y con gestos que buscaban descomprimir la tensi\u00f3n de los partidos. Incluso, confes\u00f3 que en m\u00e1s de una ocasi\u00f3n arbitr\u00f3 sin tarjetas en los bolsillos. \u201cSiempre trat\u00e9 de que el jugador me entienda, de evitar la sanci\u00f3n disciplinaria. Si hab\u00eda que imponerme, lo hac\u00eda con autoridad, pero primero buscaba hablar\u201d, explic\u00f3.<\/p>\n<p>Su trayectoria incluy\u00f3 diez a\u00f1os como \u00e1rbitro asistente en torneos nacionales bajo la \u00f3rbita de AFA. Sin embargo, m\u00e1s all\u00e1 de la experiencia en el profesionalismo, su mayor legado qued\u00f3 en el arbitraje local, donde form\u00f3 y acompa\u00f1\u00f3 a nuevas camadas de jueces. \u201cMuchos de los que hoy est\u00e1n en primera divisi\u00f3n se criaron conmigo. Siempre trat\u00e9 de abrir puertas y aconsejar a los que ven\u00edan detr\u00e1s\u201d, afirm\u00f3.<\/p>\n<p><img decoding=\"async\" src=\"https:\/\/scontent.fcnq2-1.fna.fbcdn.net\/v\/t39.30808-6\/540268098_3675276469448713_3945002669264372858_n.jpg?_nc_cat=101&amp;ccb=1-7&amp;_nc_sid=127cfc&amp;_nc_ohc=beZusjWemsoQ7kNvwGHzfG_&amp;_nc_oc=Adn-WsmTNiF91g05tZ-kAFVx-X0yicVBheafJy2D-QWylhnEC18WpS7KB4aPG76MKRA&amp;_nc_zt=23&amp;_nc_ht=scontent.fcnq2-1.fna&amp;_nc_gid=8JYrxVCNwhO6WayMr7TXYQ&amp;oh=00_AfZeP5n-AaCzaK_1v5E4JBlKtMMk0rHQZXVNrKn4N3xjjA&amp;oe=68BD65D0\" alt=\"Puede ser una imagen de 9 personas, personas jugando al f\u00fatbol y texto\" \/><\/p>\n<p><strong>Directivos y ex directivos de clubes y Liga acompa\u00f1ando a Almaraz<br \/>\n<\/strong>La decisi\u00f3n de dejar la actividad hab\u00eda surgido en 2019, pero la pandemia lo llev\u00f3 a postergar su retiro. \u201cVolv\u00ed a dirigir y me sent\u00ed muy bien. La gente me recibi\u00f3 con cari\u00f1o y mis hijos me pidieron que siguiera un a\u00f1o m\u00e1s. Termin\u00e9 qued\u00e1ndome cuatro\u201d, cont\u00f3 entre risas.<\/p>\n<p>El adi\u00f3s definitivo lleg\u00f3 este a\u00f1o, en un encuentro cargado de emociones, donde recibi\u00f3 placas, camisetas y el reconocimiento de colegas, dirigentes, periodistas y amigos. \u201cYo me imaginaba retir\u00e1ndome en una cancha, pero lo que viv\u00ed me super\u00f3. No pens\u00e9 que iba a haber tanta gente\u201d, expres\u00f3 conmovido.<\/p>\n<p>Almaraz tambi\u00e9n record\u00f3 con afecto a figuras que marcaron su camino, como Od\u00f3n P\u00e9rez, a quien describi\u00f3 como \u201cel m\u00e1ximo exponente del arbitraje chaque\u00f1o\u201d y a Fernando \u201cTiti\u201d Brillada, de quien dijo: \u201c\u00c9ramos muy allegados, fue un golpe muy duro su partida\u201d.<\/p>\n<p>Con el silbato colgado, ahora acompa\u00f1a a su hijo, que juega en las inferiores de Sarmiento, y asegura que seguir\u00e1 cerca del f\u00fatbol: \u201cEstoy a disposici\u00f3n para lo que necesiten, no me voy a borrar. El arbitraje fue mi vocaci\u00f3n y lo seguir\u00e1 siendo de alguna manera\u201d.<\/p>\n<p><img decoding=\"async\" src=\"https:\/\/scontent.fcnq2-2.fna.fbcdn.net\/v\/t39.30808-6\/541114052_3675276552782038_712543453997674951_n.jpg?_nc_cat=103&amp;ccb=1-7&amp;_nc_sid=127cfc&amp;_nc_ohc=z0jqwE-71tgQ7kNvwGaaRi7&amp;_nc_oc=Adl3V8O_Za716ZDWEj-LC2CJDCajt90LQRoLUEA_ZMSKQ5lgqYQt6O3E9fsHAwoT-WM&amp;_nc_zt=23&amp;_nc_ht=scontent.fcnq2-2.fna&amp;_nc_gid=nM_HcnuICaIt7kdcF7Qs7g&amp;oh=00_AfZs_e7qa-Ik7hzA6F6ip6oA_hE3hooxT3mR5jubjAQygg&amp;oe=68BD61D6\" alt=\"Puede ser una imagen de 5 personas, personas jugando al f\u00fatbol, personas jugando al f\u00fatbol y texto\" \/><\/p>\n<p><strong>Rale Almaraz con sus asistentes en el partido despedida<\/strong><\/p>\n<p><strong>PITAZOS<br \/>\n<\/strong>Dej\u00f3 algunas frases&#8230;<br \/>\n# En esta historia fue fundamental Don Od\u00f3n P\u00e9rez, sin el tal vez esto no hubiese sido posible&#8230;<br \/>\n# Pude haber llegado a dirigir a nivel Nacional cuando llego el momento una lesi\u00f3n me lo impidi\u00f3&#8230;<br \/>\n# Sin dudas que los \u00e1rbitros de nuestra Liga son superiores a los colegas de esta regi\u00f3n&#8230;<br \/>\n# \u201cEsta camiseta (con la que dirigi\u00f3) es de mi gran amigo Fernando \u00abTiti\u00bb Brillada y tengo 5000 pedidos por ella&#8230; Pero la guardo con mucho amor.<br \/>\n# Ahora que ya soy un ex\u00e1rbitro voy a acompa\u00f1ar a mi hijo que es Jugador de Futbol&#8230;<br \/>\n# La verdad que no puedo creer el marco de gente en mi \u00faltimo partido, algo habr\u00e9 hecho bien para vivir estos momentos&#8230;<\/p>\n<p><strong> <img loading=\"lazy\" decoding=\"async\" class=\"\" src=\"https:\/\/scontent.fcnq2-1.fna.fbcdn.net\/v\/t39.30808-6\/540777641_3675276449448715_4069690157116708733_n.jpg?_nc_cat=100&amp;ccb=1-7&amp;_nc_sid=127cfc&amp;_nc_ohc=lvvoV-N-kzQQ7kNvwGi7EJp&amp;_nc_oc=AdnKyxaI3WNc7MN2TCxFPG_eS2lxK_BVc51Er0-8W_gHwu8wMrQRyF4SX4bKoVP-74k&amp;_nc_zt=23&amp;_nc_ht=scontent.fcnq2-1.fna&amp;_nc_gid=DhMKMru5F2AmKtf5eQmSIg&amp;oh=00_AfaortmICCUkGTMPuas5dvcfNjwJkgJIEO5vRG0u46s6zw&amp;oe=68BD76D0\" alt=\"Puede ser una imagen de 5 personas, personas jugando al f\u00fatbol, personas jugando al f\u00fatbol y texto\" width=\"271\" height=\"346\" \/><\/strong><img loading=\"lazy\" decoding=\"async\" class=\"\" src=\"https:\/\/scontent.fcnq2-1.fna.fbcdn.net\/v\/t39.30808-6\/540621045_3675276352782058_2633145422729240696_n.jpg?_nc_cat=107&amp;ccb=1-7&amp;_nc_sid=127cfc&amp;_nc_ohc=Ik6-UwZRyKkQ7kNvwEIs44I&amp;_nc_oc=AdlGp5J2pU3mBq3yQDjOeel9hDSq7Rraq2BO21fQFScIAAKyGIrfnBGgoXiSJTmlLQ8&amp;_nc_zt=23&amp;_nc_ht=scontent.fcnq2-1.fna&amp;_nc_gid=3fpfJyMT5MnJZ-Cvejb8Lw&amp;oh=00_Afbs_mMycsdcazX9vvVfwf5SW9o9NJKigQA-YB_-PY1Itg&amp;oe=68BD943B\" alt=\"Puede ser una imagen de 4 personas, personas jugando al f\u00fatbol, personas jugando al f\u00fatbol y texto\" width=\"225\" height=\"349\" \/><\/p>\n<p><strong>En las fotos Central Norte con Norniella y Talavera entregaron una plaqueta. En la siguiente la despedida de Pardo Fern\u00e1ndez<\/strong><\/p>\n<p><strong>AN\u00c9CDOTAS<br \/>\n<\/strong><strong>&#8230;Cl\u00e1sico Tirol-Juventud<\/strong> en el \u00abEl Toto\u00bb, colmado, ganaba \u00abLa Juve\u00bb 1-0, en la \u00faltima jugada, cae un jugador local&#8230;Penal, gol empata Tirol y final. En su vestuario el reclamo de la gente de Juventud y la explicaci\u00f3n&#8230;\u00bbMuchachos, f\u00edjense, afuera las dos hinchadas juntas por la Avenida, todos felices y contentos con el empate\u00bb&#8230;<\/p>\n<p><strong>Partido \u00abpicante\u00bb en Resistencia<\/strong>, cae un jugador con el rostro totalmente ensangrentado y nada&#8230;\u00bbSiga, siga\u00bb. \u00a1Luego se detiene el juego y el capit\u00e1n le reclama la agresi\u00f3n a su compa\u00f1ero&#8230;\u201d Arbitro usted lo vio&#8230;!\u201d No, no lo vi, \u00bfusted lo vio? D\u00edgame quien fue o lo hecho a usted&#8230;y el capit\u00e1n se\u00f1ala al agresor que fue expulsado. \u00abEl Rafa\u00bb aseguro \u00abEse jugador no tuvo c\u00f3digos al mandar al frente a un colega\u201d.<\/p>\n<p><strong>Cancha de Central Norte<\/strong> dirigiendo un partido de la Liga, le reclaman un supuesto penal, que no consideraba. Al recibir la protesta le dice, \u201cUn segundo que consulto con el VAR\u201d. Se da vuelta, hace la se\u00f1a del televisor que hacen los \u00e1rbitros y le contesta: \u201cAqu\u00ed me dicen que no fue penal\u201d.<\/p>\n<p><strong><br \/>\nRELACION CON LOS JUGADORES Y SIN TARJETAS<br \/>\n<\/strong>En varias ocasiones entr\u00f3 al campo de juego sin tarjetas, para autoexigirse de no tener que amonestar o expulsar a nadie. Y tambi\u00e9n lo aplic\u00f3 en su despedida. Nada de tarjetas: Para \u00e9l, la clave del \u00e9xito fue su estilo: siempre directo, pero respetuoso. \u00abEl hecho de haber jugado siempre al f\u00fatbol, de tener un poco de &#8216;calle&#8217;, me ayud\u00f3. Me aboqu\u00e9 a eso, a que el encuentro saliera como tiene que ser. Siempre fui de hablarle al jugador, de acercarme para que entendiera que se estaba excediendo y evitar la tarjeta disciplinaria. Mi objetivo era que el jugador me entendiera\u00bb.<\/p>\n<p><em><strong>Colaboraci\u00f3n y fotos de Luis Leyes (Facebook)<\/strong><\/em><\/p>\n<p><img loading=\"lazy\" decoding=\"async\" class=\"aligncenter size-large wp-image-17122\" src=\"https:\/\/www.sportchaco.com.ar\/wp-content\/uploads\/2025\/03\/gob-va-13-02-24-1024x576.jpg\" alt=\"\" width=\"1024\" height=\"576\" srcset=\"https:\/\/www.sportchaco.com.ar\/wp-content\/uploads\/2025\/03\/gob-va-13-02-24-1024x576.jpg 1024w, https:\/\/www.sportchaco.com.ar\/wp-content\/uploads\/2025\/03\/gob-va-13-02-24-300x169.jpg 300w, https:\/\/www.sportchaco.com.ar\/wp-content\/uploads\/2025\/03\/gob-va-13-02-24-768x432.jpg 768w, https:\/\/www.sportchaco.com.ar\/wp-content\/uploads\/2025\/03\/gob-va-13-02-24-390x220.jpg 390w, https:\/\/www.sportchaco.com.ar\/wp-content\/uploads\/2025\/03\/gob-va-13-02-24.jpg 1440w\" sizes=\"auto, (max-width: 1024px) 100vw, 1024px\" \/><\/p>\n","protected":false},"excerpt":{"rendered":"<p>04-09-2025 El hist\u00f3rico juez de la Liga Chaque\u00f1a Rafael Almaraz, por Luis Dar\u00edo Molodezky\u00a0 El \u00faltimo fin de semana, Rafael Almaraz dirigi\u00f3 su \u00faltimo partido y puso punto final a una carrera de m\u00e1s de 35 a\u00f1os en el arbitraje. Emblema de la Liga Chaque\u00f1a de F\u00fatbol y con una d\u00e9cada en la \u00f3rbita profesional &hellip;<\/p>\n","protected":false},"author":2,"featured_media":24800,"comment_status":"open","ping_status":"open","sticky":false,"template":"","format":"standard","meta":{"footnotes":""},"categories":[5],"tags":[],"class_list":["post-24796","post","type-post","status-publish","format-standard","has-post-thumbnail","hentry","category-futbol"],"_links":{"self":[{"href":"https:\/\/www.sportchaco.com.ar\/index.php?rest_route=\/wp\/v2\/posts\/24796","targetHints":{"allow":["GET"]}}],"collection":[{"href":"https:\/\/www.sportchaco.com.ar\/index.php?rest_route=\/wp\/v2\/posts"}],"about":[{"href":"https:\/\/www.sportchaco.com.ar\/index.php?rest_route=\/wp\/v2\/types\/post"}],"author":[{"embeddable":true,"href":"https:\/\/www.sportchaco.com.ar\/index.php?rest_route=\/wp\/v2\/users\/2"}],"replies":[{"embeddable":true,"href":"https:\/\/www.sportchaco.com.ar\/index.php?rest_route=%2Fwp%2Fv2%2Fcomments&post=24796"}],"version-history":[{"count":3,"href":"https:\/\/www.sportchaco.com.ar\/index.php?rest_route=\/wp\/v2\/posts\/24796\/revisions"}],"predecessor-version":[{"id":24856,"href":"https:\/\/www.sportchaco.com.ar\/index.php?rest_route=\/wp\/v2\/posts\/24796\/revisions\/24856"}],"wp:featuredmedia":[{"embeddable":true,"href":"https:\/\/www.sportchaco.com.ar\/index.php?rest_route=\/wp\/v2\/media\/24800"}],"wp:attachment":[{"href":"https:\/\/www.sportchaco.com.ar\/index.php?rest_route=%2Fwp%2Fv2%2Fmedia&parent=24796"}],"wp:term":[{"taxonomy":"category","embeddable":true,"href":"https:\/\/www.sportchaco.com.ar\/index.php?rest_route=%2Fwp%2Fv2%2Fcategories&post=24796"},{"taxonomy":"post_tag","embeddable":true,"href":"https:\/\/www.sportchaco.com.ar\/index.php?rest_route=%2Fwp%2Fv2%2Ftags&post=24796"}],"curies":[{"name":"wp","href":"https:\/\/api.w.org\/{rel}","templated":true}]}}