{"id":24817,"date":"2025-09-03T19:15:34","date_gmt":"2025-09-03T22:15:34","guid":{"rendered":"https:\/\/www.sportchaco.com.ar\/?p=24817"},"modified":"2025-09-03T19:57:43","modified_gmt":"2025-09-03T22:57:43","slug":"la-liga-inicio-su-centenario-con-homenajes-a-expresidentes-y-familiares","status":"publish","type":"post","link":"https:\/\/www.sportchaco.com.ar\/?p=24817","title":{"rendered":"La Liga inici\u00f3 su Centenario con homenajes a expresidentes y familiares"},"content":{"rendered":"<p><strong>03-09-2025<\/strong><\/p>\n<p><img loading=\"lazy\" decoding=\"async\" class=\"aligncenter size-large wp-image-20099\" src=\"https:\/\/www.sportchaco.com.ar\/wp-content\/uploads\/2025\/06\/728x90-1024x127.gif\" alt=\"\" width=\"1024\" height=\"127\" srcset=\"https:\/\/www.sportchaco.com.ar\/wp-content\/uploads\/2025\/06\/728x90-1024x127.gif 1024w, https:\/\/www.sportchaco.com.ar\/wp-content\/uploads\/2025\/06\/728x90-300x37.gif 300w, https:\/\/www.sportchaco.com.ar\/wp-content\/uploads\/2025\/06\/728x90-768x95.gif 768w, https:\/\/www.sportchaco.com.ar\/wp-content\/uploads\/2025\/06\/728x90-1536x190.gif 1536w, https:\/\/www.sportchaco.com.ar\/wp-content\/uploads\/2025\/06\/728x90-2048x254.gif 2048w\" sizes=\"auto, (max-width: 1024px) 100vw, 1024px\" \/><\/p>\n<p>El acto que fue presidido por el actual titular de la entidad Puchi Mosqueda, fue altamente emotivo y estuvieron figuras que prestigiaron a la entidad, y sus familiares, piedras fundamentales de otros que aportaron much\u00edsimo a la entidad.<\/p>\n<p>En esta oportunidad ofrecemos algunas fotograf\u00edas que documentan el emotivo momento vivido en la calle Brown.<\/p>\n<p>Se anuncia para la semana pr\u00f3xima, el 10, una nueva sesi\u00f3n de homenajes en este caso a \u00e1rbitros y ex\u00e1rbitros de la entidad.<\/p>\n<p><img decoding=\"async\" src=\"https:\/\/scontent.fcnq2-2.fna.fbcdn.net\/v\/t39.30808-6\/542761629_3676009446042082_7066335341693844464_n.jpg?_nc_cat=108&amp;ccb=1-7&amp;_nc_sid=127cfc&amp;_nc_ohc=m8eaFLMYVY0Q7kNvwEAqmY6&amp;_nc_oc=Adnj0u3oKSoSF3FNWfk_aK2aulbEZWGiFaTECz23rWtmMdT0Wo2Eh_85lFdVPsDq1TY&amp;_nc_zt=23&amp;_nc_ht=scontent.fcnq2-2.fna&amp;_nc_gid=hNfrXYBjfIBmN2_x8V69Nw&amp;oh=00_AfYINMBm624ICe0rei1WYW-ZkeJma3Vp0J3W45Dw-Sk8hA&amp;oe=68BE857D\" alt=\"Puede ser una imagen de 9 personas\" \/><\/p>\n<p><strong>Galer\u00eda de presidentes de la Liga Chaque\u00f1a<\/strong><\/p>\n<p>PREMIACION:<\/p>\n<p>1- JOSE SOUILHE (1972)<br \/>\n2- MIGUEL ROFFE (1986-1987)<br \/>\n3- CESAR ACU\u00d1A (1988 \u2013 1993)<br \/>\n4- HECTOR BASILIO SILVA (1973 \u2013 1982)<br \/>\n5- AMERICO WILFREDO MAZZAFERRO (1994 \u2013 1997)<br \/>\n6- ANGEL GIGLI<br \/>\n7- JULIO FERNANDO ROMERO (2012 \u2013 2013)<br \/>\n8- JORGE ARCHENTI (2014 \u2013 2015)<br \/>\n9 MIGUEL ANGEL SOLIS (2016 \u2013 2017)<br \/>\n10- ROBERTO MERCADO ACOSTA (2020 \u20132021)<br \/>\n11- RAUL ALBERTO MOSQUEDA (2018 \u20132019)<\/p>\n<p>CRONOGRAMA DE EVENTOS:<br \/>\n10\/09\/25 &#8212;&#8212;&#8212;&#8212;&#8212;&#8212;&#8212;&#8212;&#8212;&#8212;&#8212;&#8212;&#8212;&#8212;&#8212;&#8211;ARBITROS<br \/>\n10\/25&#8212;&#8212;&#8212;&#8212;&#8212;&#8212;&#8212;&#8212;&#8212;&#8212;&#8212;&#8212;&#8212;&#8212;&#8212;&#8212;&#8212;-DIRIGENTES<br \/>\n10\/25&#8212;&#8212;&#8212;&#8212;&#8212;&#8212;&#8212;&#8212;&#8212;&#8212;&#8212;&#8212;&#8212;&#8212;&#8212;&#8212;&#8212;-MEDIOS\/PERIODISTAS<br \/>\n11\/25&#8212;&#8212;&#8212;&#8212;&#8212;&#8212;&#8212;&#8212;&#8212;&#8212;&#8212;&#8212;&#8212;&#8212;&#8212;&#8212;DIRIGENTES\/JUGADORES<br \/>\n12\/25&#8212;&#8212;&#8212;&#8212;&#8212;&#8212;&#8212;&#8212;&#8212;&#8212;&#8212;&#8212;&#8212;&#8212;&#8212;&#8212;&#8212;-CENA CENTENARIO<\/p>\n<p><strong>Presidentes de la Liga Chaque\u00f1a de Futbol<\/strong><br \/>\n1 Pedro Pablo Alarc\u00f3n 1925 (Fundador).<br \/>\n2 Adolfo Tomassi Testi 1954 -1958 \/ 1966 -1967.<br \/>\n3 Luis de las Casas 1961 &#8211; 1965 \/ 1968 &#8211; 1972.<br \/>\n4 Enrique Jos\u00e9 Souilhe 1972.<br \/>\n5 Miguel Roffe 1986 &#8211; 1987.<br \/>\n6 Cesar Acu\u00f1a 1988 &#8211; 1993.<br \/>\n7 Dr. Remo Pierotti 1959 &#8211; 1960.<br \/>\n8 H\u00e9ctor Basilio Silva 1973 &#8211; 1982<br \/>\n9 Carlos Alcides Bernardi 1982 \/ 1983.<br \/>\n10 Am\u00e9rico Wilfredo Mazzaferro 1994 \/ 1997.<br \/>\n11 Toledo H\u00e9ctor David 1984 \/ 1985.<br \/>\n12 Dr. Mario Gustavo Chapo Bortagaray<br \/>\n13 \u00c1ngel Gigli 1998 \/ 2012.<br \/>\n14 Julio Fernando Romero 2012 \/ 2013.<br \/>\n15 Jorge Archenti 2014 \/ 2015<br \/>\n16 Miguel \u00c1ngel Sol\u00eds 2016 \/ 2017<br \/>\n17 Lic. Ra\u00fal Alberto Mosqueda 2018 \/ 2019<br \/>\n18 Roberto Marcelo Acosta 2020 \/ 2021<br \/>\n19 Gustavo Alejandro Peloso 2022 \/ 2023<br \/>\n20 Lic. Ra\u00fal Alberto Mosqueda 2024 \/ 2025 (ACTUAL PRESIDENTE)<\/p>\n<p>&nbsp;<\/p>\n<p><img decoding=\"async\" src=\"https:\/\/scontent.fcnq2-2.fna.fbcdn.net\/v\/t39.30808-6\/541916670_3676009472708746_5730230003892518554_n.jpg?_nc_cat=111&amp;ccb=1-7&amp;_nc_sid=127cfc&amp;_nc_ohc=uB_KlApawaIQ7kNvwHRr4MK&amp;_nc_oc=Admx96SOfxVeJOTxEXUBgK3GJ3eOT-_FbQbFzHLS4nSTIkwnBd94C4GXJVJ_fSO_qks&amp;_nc_zt=23&amp;_nc_ht=scontent.fcnq2-2.fna&amp;_nc_gid=MxoZZpy3H8GeN2NVZe_zsA&amp;oh=00_AfZ9SDaLlakWKCOEKqMmGC6sHsKwI3MEeFcKQoaUwhHl5Q&amp;oe=68BEA1BE\" alt=\"Puede ser una imagen de 9 personas y personas sonriendo\" \/><\/p>\n<p><strong>El doctor Enrique Souhil\u00e9 con el vicepresidente de la Liga y titular de For Ever H\u00e9ctor G\u00f3mez<\/strong><\/p>\n<p>&nbsp;<\/p>\n<p><img decoding=\"async\" src=\"https:\/\/scontent.fcnq2-1.fna.fbcdn.net\/v\/t39.30808-6\/540731013_3676009496042077_2032712215854934845_n.jpg?_nc_cat=107&amp;ccb=1-7&amp;_nc_sid=127cfc&amp;_nc_ohc=1CzZEhh5VRwQ7kNvwGbbzYR&amp;_nc_oc=Adk13tfb_vF3xOIKC51ucwv6IEXb3itiprEwRgpez6uaE_G-qXFFtJ7VbY6Qz7lxtcY&amp;_nc_zt=23&amp;_nc_ht=scontent.fcnq2-1.fna&amp;_nc_gid=UWw-eBf6MFsC2DPsjqEOZg&amp;oh=00_Afa_pBXor-26aUFjdCaVznkoRzQF7yZl4qI2gLbx52EUbA&amp;oe=68BE81EE\" alt=\"Puede ser arte pop de 3 personas, acorde\u00f3n, piano y texto\" \/><\/p>\n<p><strong>Miguel Angel Sol\u00eds recibiendo rel reconocimiento de manos de Eduardo Mazo<\/strong><\/p>\n<p>&nbsp;<\/p>\n<p><img decoding=\"async\" src=\"https:\/\/scontent.fcnq2-2.fna.fbcdn.net\/v\/t39.30808-6\/541042733_3676009519375408_4378520145111175282_n.jpg?_nc_cat=108&amp;ccb=1-7&amp;_nc_sid=127cfc&amp;_nc_ohc=M2uGp4XnSGoQ7kNvwEKOSjR&amp;_nc_oc=Adltspv8rztR8TDKQz_Iu56vJmdH623F7tUwPdYS8oqe9zW9LBY4a1OZAuuh3MyLhx0&amp;_nc_zt=23&amp;_nc_ht=scontent.fcnq2-2.fna&amp;_nc_gid=2EMYe2Ik7e3ePLYLlazL8w&amp;oh=00_AfbAsfGlqENNsOkzFm25CmCAxGDKjDFI4Z7n_ypOztiw7A&amp;oe=68BE7772\" alt=\"Puede ser una imagen de 3 personas y texto\" \/><\/p>\n<p><strong>Jorge Archenti, con su reconocimiento como extitular de la Liga Chaque\u00f1a<\/strong><\/p>\n<p>&nbsp;<\/p>\n<p><img decoding=\"async\" src=\"https:\/\/scontent.fcnq2-1.fna.fbcdn.net\/v\/t39.30808-6\/541052912_3676009669375393_4628332400496271540_n.jpg?_nc_cat=106&amp;ccb=1-7&amp;_nc_sid=127cfc&amp;_nc_ohc=X4kDMIRbRSoQ7kNvwGw-uRX&amp;_nc_oc=AdnUU4Prsa3foFCLtF119Xq-dSsoFVO7UL4QQ9bB3DY_Tu7CvhpSTIQD1XtzQc9Tmr8&amp;_nc_zt=23&amp;_nc_ht=scontent.fcnq2-1.fna&amp;_nc_gid=VWTyJe8dmYpiZr0EYV11cA&amp;oh=00_AfYhpXALDsMWJneTCfMo9W8FqzbE8lvJxjDBE7PWPldMmw&amp;oe=68BE8A4E\" alt=\"Puede ser una imagen de 2 personas y texto\" \/><\/p>\n<p><strong>Angel Gigli recibe de manos del actual presdiente Ra\u00fal Mosqueda<\/strong><\/p>\n<p>&nbsp;<\/p>\n<p><img decoding=\"async\" src=\"https:\/\/scontent.fcnq2-1.fna.fbcdn.net\/v\/t39.30808-6\/541833133_3676009592708734_7841145802833131715_n.jpg?_nc_cat=101&amp;ccb=1-7&amp;_nc_sid=127cfc&amp;_nc_ohc=1NG2GtieWY4Q7kNvwGWpdP2&amp;_nc_oc=AdnfJe_CGKEsYDfET-As8RTyBOJh2L8EndJzvi8MBOTO41JHQfF0LfLXtgRIXgYLUa4&amp;_nc_zt=23&amp;_nc_ht=scontent.fcnq2-1.fna&amp;_nc_gid=4t4E1O8FnWX7X3hhVfL0QQ&amp;oh=00_AfaKmufTzbpmKh7q1CTcgTvLY1Ccwxykk9PCVj-CcwTvQA&amp;oe=68BE9919\" alt=\"Puede ser arte de 2 personas, diana y texto\" \/><\/p>\n<p><strong>El hijo de Am\u00e9rico Mazzaferro recibiendo el recordatorio de su padre.<\/strong><\/p>\n<p><img decoding=\"async\" src=\"https:\/\/scontent.fcnq2-2.fna.fbcdn.net\/v\/t39.30808-6\/539855385_3676009539375406_3923085392561518657_n.jpg?_nc_cat=111&amp;ccb=1-7&amp;_nc_sid=127cfc&amp;_nc_ohc=W3FJ6JPbip0Q7kNvwHmCPhv&amp;_nc_oc=Adl0XG04JIkY1j09i17OyoAQ2WuivDXRPw0Z9uNOq8q1nNdynztSuVmFgVA-aSNpZBY&amp;_nc_zt=23&amp;_nc_ht=scontent.fcnq2-2.fna&amp;_nc_gid=lO5e4_3pQQfM27fVHsf0Kg&amp;oh=00_AfZaI42oQEcFh15Q3-3ne2qv7Liz0cIT3hKQlBxTOhfCEQ&amp;oe=68BE9D62\" alt=\"Puede ser una imagen de 3 personas, televisor y texto\" \/><\/p>\n<p><strong>Familiares de H\u00e9ctor Basilio Silva, reconocido presidente de la Liga<\/strong><\/p>\n<p>&nbsp;<\/p>\n<p><img decoding=\"async\" src=\"https:\/\/scontent.fcnq2-1.fna.fbcdn.net\/v\/t39.30808-6\/541838403_3676009599375400_1780810165462445687_n.jpg?_nc_cat=106&amp;ccb=1-7&amp;_nc_sid=127cfc&amp;_nc_ohc=a5m3KrzVMooQ7kNvwHAd3zZ&amp;_nc_oc=AdlTY7wTJNPT6MwxgMSWHTPAs6rKU4bCXTzc2GtEb4KQJj8XxAaSn9NzWX7aOKddOlo&amp;_nc_zt=23&amp;_nc_ht=scontent.fcnq2-1.fna&amp;_nc_gid=4Sk824Ffqv3t3IYLKb38rw&amp;oh=00_AfZTWgi03Kwsz30vyRKeBxD637--lqcr7q9Iuyy4fzubDA&amp;oe=68BE9D44\" alt=\"Puede ser una imagen de 4 personas, diana y texto\" \/><\/p>\n<p><strong>Familiares de C\u00e9sar Acu\u00f1a, en el acto de reconocimiento recibiendo el homenaje.<\/strong><\/p>\n<p><img decoding=\"async\" src=\"https:\/\/scontent.fcnq2-1.fna.fbcdn.net\/v\/t39.30808-6\/540565151_3676009552708738_225787637804959806_n.jpg?_nc_cat=102&amp;ccb=1-7&amp;_nc_sid=127cfc&amp;_nc_ohc=DGNPXZnWcqwQ7kNvwEXikH7&amp;_nc_oc=AdnEmBri-8okN64B_Un_6p0V1h_VaF_JonqvLaoryyrGKZ4la3axjzHEDq6XxDdHsGk&amp;_nc_zt=23&amp;_nc_ht=scontent.fcnq2-1.fna&amp;_nc_gid=9WFxiBjQmTOwF8OEs4ZG3Q&amp;oh=00_AfbIeKgak4FrgOXA3k2WVyKYth3ekIIcfpff41De2fZ0sw&amp;oe=68BE7E5C\" alt=\"Puede ser una imagen de 2 personas y personas estudiando\" \/><\/p>\n<p><strong>Ra\u00fal Mosqueda y Jorge Archenti en primera fila, durante el reconocimiento a los expresidentes de la Liga Chaque\u00f1a<\/strong><\/p>\n<p>&nbsp;<\/p>\n","protected":false},"excerpt":{"rendered":"<p>03-09-2025 El acto que fue presidido por el actual titular de la entidad Puchi Mosqueda, fue altamente emotivo y estuvieron figuras que prestigiaron a la entidad, y sus familiares, piedras fundamentales de otros que aportaron much\u00edsimo a la entidad. En esta oportunidad ofrecemos algunas fotograf\u00edas que documentan el emotivo momento vivido en la calle Brown. &hellip;<\/p>\n","protected":false},"author":2,"featured_media":24819,"comment_status":"open","ping_status":"open","sticky":false,"template":"","format":"standard","meta":{"footnotes":""},"categories":[5],"tags":[],"class_list":["post-24817","post","type-post","status-publish","format-standard","has-post-thumbnail","hentry","category-futbol"],"_links":{"self":[{"href":"https:\/\/www.sportchaco.com.ar\/index.php?rest_route=\/wp\/v2\/posts\/24817","targetHints":{"allow":["GET"]}}],"collection":[{"href":"https:\/\/www.sportchaco.com.ar\/index.php?rest_route=\/wp\/v2\/posts"}],"about":[{"href":"https:\/\/www.sportchaco.com.ar\/index.php?rest_route=\/wp\/v2\/types\/post"}],"author":[{"embeddable":true,"href":"https:\/\/www.sportchaco.com.ar\/index.php?rest_route=\/wp\/v2\/users\/2"}],"replies":[{"embeddable":true,"href":"https:\/\/www.sportchaco.com.ar\/index.php?rest_route=%2Fwp%2Fv2%2Fcomments&post=24817"}],"version-history":[{"count":6,"href":"https:\/\/www.sportchaco.com.ar\/index.php?rest_route=\/wp\/v2\/posts\/24817\/revisions"}],"predecessor-version":[{"id":24832,"href":"https:\/\/www.sportchaco.com.ar\/index.php?rest_route=\/wp\/v2\/posts\/24817\/revisions\/24832"}],"wp:featuredmedia":[{"embeddable":true,"href":"https:\/\/www.sportchaco.com.ar\/index.php?rest_route=\/wp\/v2\/media\/24819"}],"wp:attachment":[{"href":"https:\/\/www.sportchaco.com.ar\/index.php?rest_route=%2Fwp%2Fv2%2Fmedia&parent=24817"}],"wp:term":[{"taxonomy":"category","embeddable":true,"href":"https:\/\/www.sportchaco.com.ar\/index.php?rest_route=%2Fwp%2Fv2%2Fcategories&post=24817"},{"taxonomy":"post_tag","embeddable":true,"href":"https:\/\/www.sportchaco.com.ar\/index.php?rest_route=%2Fwp%2Fv2%2Ftags&post=24817"}],"curies":[{"name":"wp","href":"https:\/\/api.w.org\/{rel}","templated":true}]}}