{"id":24836,"date":"2025-09-03T22:30:31","date_gmt":"2025-09-04T01:30:31","guid":{"rendered":"https:\/\/www.sportchaco.com.ar\/?p=24836"},"modified":"2025-09-03T22:33:19","modified_gmt":"2025-09-04T01:33:19","slug":"efemerides-del-4-de-septiembre-2","status":"publish","type":"post","link":"https:\/\/www.sportchaco.com.ar\/?p=24836","title":{"rendered":"Efem\u00e9rides del 4 de septiembre"},"content":{"rendered":"<div class=\"container fullwidth-entry-title-wrapper\">\n<div class=\"container-wrapper fullwidth-entry-title\">\n<header class=\"entry-header-outer\">\n<div class=\"entry-header\">\n<h1 class=\"post-title entry-title\"><\/h1>\n<div class=\"single-post-meta post-meta clearfix\"><\/div>\n<\/div>\n<\/header>\n<\/div>\n<\/div>\n<div id=\"content\" class=\"site-content container\">\n<div id=\"main-content-row\" class=\"tie-row main-content-row\">\n<div class=\"main-content tie-col-md-8 tie-col-xs-12\" role=\"main\">\n<article id=\"the-post\" class=\"container-wrapper post-content tie-standard\">\n<div class=\"featured-area\">\n<div class=\"featured-area-inner\"><\/div>\n<\/div>\n<div class=\"entry-content entry clearfix\">\n<h5><strong>Esta es la Efem\u00e9rides del Deporte en el Chaco de un 4 de septiembre del periodista Luis Dar\u00edo Molodezky.<\/strong><\/h5>\n<p>&nbsp;<\/p>\n<p style=\"text-align: center;\"><strong><img loading=\"lazy\" decoding=\"async\" class=\"alignnone size-medium wp-image-24837\" src=\"https:\/\/www.sportchaco.com.ar\/wp-content\/uploads\/2025\/09\/Luis-Dario-11-08-2025-3-e1756949304150-300x242.jpeg\" alt=\"\" width=\"300\" height=\"242\" srcset=\"https:\/\/www.sportchaco.com.ar\/wp-content\/uploads\/2025\/09\/Luis-Dario-11-08-2025-3-e1756949304150-300x242.jpeg 300w, https:\/\/www.sportchaco.com.ar\/wp-content\/uploads\/2025\/09\/Luis-Dario-11-08-2025-3-e1756949304150-1024x825.jpeg 1024w, https:\/\/www.sportchaco.com.ar\/wp-content\/uploads\/2025\/09\/Luis-Dario-11-08-2025-3-e1756949304150-768x619.jpeg 768w, https:\/\/www.sportchaco.com.ar\/wp-content\/uploads\/2025\/09\/Luis-Dario-11-08-2025-3-e1756949304150.jpeg 1204w\" sizes=\"auto, (max-width: 300px) 100vw, 300px\" \/><\/strong><\/p>\n<p><strong>1926\u00a0<\/strong>\/ Se funda el Boxing Club Chaco por iniciativa de Luis E. Gabardini y Jos\u00e9 Quintana. Su primer presidente fue precisamente Gabardini y vice Ricardo Moro, secretario Fernando Ros, tesorero Hilario Bistoletti; vocales Miguel Centuri\u00f3n, Reynaldo Gronda, Fernando Valencia y Andr\u00e9s Andrade.<\/p>\n<p><strong>1950\u00a0<\/strong>\/ La pareja Delgado-Pedutto gana el torneo de dobles de tenis en el Club de Regatas.<\/p>\n<p><strong>1995 \/<\/strong>\u00a0Falleci\u00f3 en Mor\u00f3n, Buenos Aires, Julio El\u00edas Musimessi. Nacido en Resistencia de ni\u00f1o y jovencito jug\u00f3 en Central Norte Argentino. En 1940 debuta en la primera de Central Norte, en un partido que Sarmiento le gana al ferroviario 6 a 3. Luego de estar a pr\u00e9stamo en Boca Unidos, el ferroviario lo transfiere a Newell\u2019s Old Boys de Rosario. Finalmente lo adquiere Boca Juniors, donde fue campe\u00f3n en 1954. Jug\u00f3 la Copa Am\u00e9rica para Argentina en 1955 dirigido por Guillermo St\u00e1bile. Hab\u00eda Nacido en Resistencia un 9 de Julio de 1924.\u00a0 Tras fracasar con algunos emprendimientos gastron\u00f3micos, fue t\u00e9cnico y cantinero en el club Belgrano de S\u00e1enz Pe\u00f1a, entre otros equipos. Hab\u00eda nacido un 9 de julio de 1924. Tuvo un programa chamamecero en LR2 Radio Argentina, donde populariz\u00f3 el tema que rezaba \u00abDale Boca, viva Boca, el cuadrito de mi amor\u201d<\/p>\n<p><strong>2022 \/<\/strong>\u00a0El equipo de Chaco representado por el club Comercio de Santa Sylvina, se consagr\u00f3 campe\u00f3n argentino de Bochas de tercera categor\u00eda -modalidad tercetos- al derrotar en la final a Santiago del Estero 14 a 6, en el torneo disputado en C\u00f3rdoba. El equipo A de nuestra provincia estuvo integrado por Javier Landriel, Ismael Barrientos, Antonio Vargas y al delegado y t\u00e9cnico Carlos Retamoso.<\/p>\n<p><img loading=\"lazy\" decoding=\"async\" class=\"alignnone size-medium wp-image-24838 aligncenter\" src=\"https:\/\/www.sportchaco.com.ar\/wp-content\/uploads\/2025\/09\/Bochas-Chaco-2022-campeon-300x200.jpg\" alt=\"\" width=\"300\" height=\"200\" srcset=\"https:\/\/www.sportchaco.com.ar\/wp-content\/uploads\/2025\/09\/Bochas-Chaco-2022-campeon-300x200.jpg 300w, https:\/\/www.sportchaco.com.ar\/wp-content\/uploads\/2025\/09\/Bochas-Chaco-2022-campeon.jpg 600w\" sizes=\"auto, (max-width: 300px) 100vw, 300px\" \/><\/p>\n<\/div>\n<div id=\"chat-history\" class=\"chat-history-scroll-container\">\n<div id=\"f6228b859788b992\" class=\"conversation-container message-actions-hover-boundary ng-star-inserted\">\n<div>\n<div class=\"response-container ng-tns-c3124555952-44 response-container-with-gpi ng-star-inserted response-container-has-multiple-responses\" data-hveid=\"1\">\n<div class=\"presented-response-container ng-tns-c3124555952-44\">\n<div class=\"response-container-content ng-tns-c3124555952-44\">\n<div class=\"response-content ng-tns-c3124555952-44\">\n<div id=\"model-response-message-contentr_f6228b859788b992\" class=\"markdown markdown-main-panel enable-updated-hr-color\" dir=\"ltr\">\n<h3>Argentina<\/h3>\n<p>&nbsp;<\/p>\n<ul>\n<li><b>1936 &#8211; Nacimiento de Carlos \u00abTimoteo\u00bb Griguol:<\/b> Nace en Las Palmas, C\u00f3rdoba, una de las figuras m\u00e1s importantes del f\u00fatbol argentino. Como director t\u00e9cnico, fue campe\u00f3n con Rosario Central (1973) y Ferro Carril Oeste (1982 y 1984), y dirigi\u00f3 a un recordado equipo de Gimnasia en la d\u00e9cada de los 90.<\/li>\n<li><b>1996 &#8211; Fallece Julio El\u00edas Musimessi:<\/b> Muere el c\u00e9lebre arquero chaque\u00f1o que fue campe\u00f3n con Boca Juniors en 1954 y defendi\u00f3 la camiseta de la Selecci\u00f3n Argentina en la Copa Am\u00e9rica de 1955. Tambi\u00e9n se destac\u00f3 como cantante de chamam\u00e9, con el popular tema \u00abDale Boca, viva Boca\u00bb.<\/li>\n<li><b>2004 &#8211; \u00daltimo partido de Marcelo Bielsa:<\/b> El \u00abLoco\u00bb Bielsa dirige por \u00faltima vez a la Selecci\u00f3n Argentina en un partido por las Eliminatorias para el Mundial 2006. El equipo albiceleste le gan\u00f3 a Per\u00fa por 3 a 1 en Lima, en lo que fue la despedida de un ciclo que incluy\u00f3 la medalla de oro en los Juegos Ol\u00edmpicos de Atenas 2004.<\/li>\n<\/ul>\n<p>&nbsp;<\/p>\n<h3>En el mundo<\/h3>\n<p>&nbsp;<\/p>\n<ul>\n<li><b>1972 &#8211; Mark Spitz hace historia:<\/b> El nadador estadounidense Mark Spitz se convierte en el primer atleta en ganar siete medallas de oro en unos mismos Juegos Ol\u00edmpicos, durante la edici\u00f3n de M\u00fanich.<\/li>\n<li><b>1994 &#8211; El Taekwondo se vuelve Ol\u00edmpico:<\/b> El Comit\u00e9 Ol\u00edmpico Internacional (COI) decide, en su sesi\u00f3n en Par\u00eds, incluir a la disciplina del Taekwondo como deporte ol\u00edmpico oficial. Debido a esto, el 4 de septiembre es conmemorado como el <b>D\u00eda Internacional del Taekwondo<\/b>.<\/li>\n<li><b>2016 &#8211; El Papa Francisco canoniza a la Madre Teresa de Calcuta:<\/b> Aunque no es un evento deportivo per se, la canonizaci\u00f3n de la Madre Teresa de Calcuta es un acontecimiento global que ocurri\u00f3 en esta fecha.<\/li>\n<\/ul>\n<\/div>\n<div class=\"response-footer gap complete\"><\/div>\n<\/div>\n<\/div>\n<\/div>\n<div class=\"response-container-footer ng-tns-c3124555952-44\">\n<div class=\"actions-container-v2 ng-tns-c2555935782-47\">\n<div class=\"buttons-container-v2 ng-tns-c2555935782-47 ng-star-inserted\">\n<div class=\"thumb-animation\" hidden=\"\"><\/div>\n<div class=\"thumb-animation\" hidden=\"\"><\/div>\n<div class=\"regenerate-animation\" hidden=\"\"><\/div>\n<div class=\"tooltip-anchor-point ng-tns-c2555935782-47 ng-star-inserted\"><\/div>\n<p>&nbsp;<\/p>\n<div class=\"menu-button-wrapper ng-tns-c2555935782-47 ng-star-inserted\">\n<div class=\"more-menu-button-container ng-tns-c2555935782-47\"><\/div>\n<\/div>\n<div class=\"spacer ng-tns-c2555935782-47 ng-star-inserted\"><\/div>\n<\/div>\n<\/div>\n<\/div>\n<\/div>\n<\/div>\n<div class=\"restart-chat-button-scroll-placeholder ng-star-inserted\"><\/div>\n<\/div>\n<\/div>\n<div class=\"hidden-content-image-cache\"><img decoding=\"async\" class=\"user-icon\" src=\"https:\/\/lh3.googleusercontent.com\/a\/ACg8ocJOwaEUYpMsXMJQ0TRkmChT4_QR4mFG9Wn7KXKef_KdAU5Kc4zk=s64-c\" alt=\"imagen de perfil\" \/><\/div>\n<div class=\"condensed-tos-disclaimer ng-star-inserted\">\n<div class=\"header gds-title-l\">\n<p>&nbsp;<\/p>\n<\/div>\n<\/div>\n<div class=\"entry-content entry clearfix\">\n<p>&nbsp;<\/p>\n<\/div>\n<\/article>\n<\/div>\n<\/div>\n<\/div>\n","protected":false},"excerpt":{"rendered":"<p>Esta es la Efem\u00e9rides del Deporte en el Chaco de un 4 de septiembre del periodista Luis Dar\u00edo Molodezky. &nbsp; 1926\u00a0\/ Se funda el Boxing Club Chaco por iniciativa de Luis E. Gabardini y Jos\u00e9 Quintana. Su primer presidente fue precisamente Gabardini y vice Ricardo Moro, secretario Fernando Ros, tesorero Hilario Bistoletti; vocales Miguel Centuri\u00f3n, &hellip;<\/p>\n","protected":false},"author":2,"featured_media":24839,"comment_status":"open","ping_status":"open","sticky":false,"template":"","format":"standard","meta":{"footnotes":""},"categories":[45,39],"tags":[],"class_list":["post-24836","post","type-post","status-publish","format-standard","has-post-thumbnail","hentry","category-efemerides-dia-por-dia","category-septiembre"],"_links":{"self":[{"href":"https:\/\/www.sportchaco.com.ar\/index.php?rest_route=\/wp\/v2\/posts\/24836","targetHints":{"allow":["GET"]}}],"collection":[{"href":"https:\/\/www.sportchaco.com.ar\/index.php?rest_route=\/wp\/v2\/posts"}],"about":[{"href":"https:\/\/www.sportchaco.com.ar\/index.php?rest_route=\/wp\/v2\/types\/post"}],"author":[{"embeddable":true,"href":"https:\/\/www.sportchaco.com.ar\/index.php?rest_route=\/wp\/v2\/users\/2"}],"replies":[{"embeddable":true,"href":"https:\/\/www.sportchaco.com.ar\/index.php?rest_route=%2Fwp%2Fv2%2Fcomments&post=24836"}],"version-history":[{"count":5,"href":"https:\/\/www.sportchaco.com.ar\/index.php?rest_route=\/wp\/v2\/posts\/24836\/revisions"}],"predecessor-version":[{"id":24844,"href":"https:\/\/www.sportchaco.com.ar\/index.php?rest_route=\/wp\/v2\/posts\/24836\/revisions\/24844"}],"wp:featuredmedia":[{"embeddable":true,"href":"https:\/\/www.sportchaco.com.ar\/index.php?rest_route=\/wp\/v2\/media\/24839"}],"wp:attachment":[{"href":"https:\/\/www.sportchaco.com.ar\/index.php?rest_route=%2Fwp%2Fv2%2Fmedia&parent=24836"}],"wp:term":[{"taxonomy":"category","embeddable":true,"href":"https:\/\/www.sportchaco.com.ar\/index.php?rest_route=%2Fwp%2Fv2%2Fcategories&post=24836"},{"taxonomy":"post_tag","embeddable":true,"href":"https:\/\/www.sportchaco.com.ar\/index.php?rest_route=%2Fwp%2Fv2%2Ftags&post=24836"}],"curies":[{"name":"wp","href":"https:\/\/api.w.org\/{rel}","templated":true}]}}