{"id":24849,"date":"2025-09-04T10:54:15","date_gmt":"2025-09-04T13:54:15","guid":{"rendered":"https:\/\/www.sportchaco.com.ar\/?p=24849"},"modified":"2025-09-04T18:56:21","modified_gmt":"2025-09-04T21:56:21","slug":"fallecio-miguel-angel-ortola","status":"publish","type":"post","link":"https:\/\/www.sportchaco.com.ar\/?p=24849","title":{"rendered":"Falleci\u00f3 Miguel Angel Ortol\u00e1"},"content":{"rendered":"<article class=\"text-token-text-primary w-full focus:outline-none scroll-mt-(--header-height)\" dir=\"auto\" tabindex=\"-1\" data-turn-id=\"14299dea-2375-4a3e-8267-eb8690bd4031\" data-testid=\"conversation-turn-7\" data-scroll-anchor=\"false\" data-turn=\"user\">\n<div class=\"text-base my-auto mx-auto pt-12 [--thread-content-margin:--spacing(4)] @[37rem]:[--thread-content-margin:--spacing(6)] @[72rem]:[--thread-content-margin:--spacing(16)] px-(--thread-content-margin)\">\n<div class=\"[--thread-content-max-width:32rem] @[34rem]:[--thread-content-max-width:40rem] @[64rem]:[--thread-content-max-width:48rem] mx-auto max-w-(--thread-content-max-width) flex-1 group\/turn-messages focus-visible:outline-hidden relative flex w-full min-w-0 flex-col\" tabindex=\"-1\">\n<div class=\"flex max-w-full flex-col grow\">\n<div class=\"min-h-8 text-message relative flex w-full flex-col items-end gap-2 text-start break-words whitespace-normal [.text-message+&amp;]:mt-5\" dir=\"auto\" data-message-author-role=\"user\" data-message-id=\"14299dea-2375-4a3e-8267-eb8690bd4031\">\n<div class=\"flex w-full flex-col gap-1 empty:hidden items-end rtl:items-start\">\n<h3 class=\"user-message-bubble-color relative max-w-[var(--user-chat-width,70%)] rounded-[18px] px-4 py-1.5 data-[multiline]:py-3\"><\/h3>\n<\/div>\n<\/div>\n<\/div>\n<\/div>\n<\/div>\n<\/article>\n<article class=\"text-token-text-primary w-full focus:outline-none scroll-mt-[calc(var(--header-height)+min(200px,max(70px,20svh)))]\" dir=\"auto\" tabindex=\"-1\" data-turn-id=\"request-WEB:b3512a82-3e24-467c-984b-c1b6c4577870-3\" data-testid=\"conversation-turn-8\" data-scroll-anchor=\"false\" data-turn=\"assistant\">\n<h3 class=\"sr-only\"><\/h3>\n<div class=\"text-base my-auto mx-auto [--thread-content-margin:--spacing(4)] @[37rem]:[--thread-content-margin:--spacing(6)] @[72rem]:[--thread-content-margin:--spacing(16)] px-(--thread-content-margin)\">\n<div class=\"[--thread-content-max-width:32rem] @[34rem]:[--thread-content-max-width:40rem] @[64rem]:[--thread-content-max-width:48rem] mx-auto max-w-(--thread-content-max-width) flex-1 group\/turn-messages focus-visible:outline-hidden relative flex w-full min-w-0 flex-col agent-turn\" tabindex=\"-1\">\n<div class=\"flex max-w-full flex-col grow\">\n<div class=\"min-h-8 text-message relative flex w-full flex-col items-end gap-2 text-start break-words whitespace-normal [.text-message+&amp;]:mt-5\" dir=\"auto\" data-message-author-role=\"assistant\" data-message-id=\"a00f744f-9fec-4362-88f2-fa813f0e45df\" data-message-model-slug=\"gpt-5\">\n<div class=\"flex w-full flex-col gap-1 empty:hidden first:pt-[3px]\">\n<div class=\"markdown prose dark:prose-invert w-full break-words light markdown-new-styling\">\n<p>&nbsp;<\/p>\n<hr data-start=\"235\" data-end=\"238\" \/>\n<h2 data-start=\"240\" data-end=\"273\">Miguel \u00c1ngel Ortol\u00e1<\/h2>\n<p data-start=\"275\" data-end=\"487\">Miguel \u00c1ngel Ortol\u00e1\u00a0 naci\u00f3 el 16 de marzo de 1968 en Tres Isletas, Chaco, fue volante por izquierda con mucha llegada\u00a0 a lo largo de su carrera profesional<\/p>\n<h3 class=\"sr-only\">A los 57 a\u00f1os fallleci\u00f3 en Misiones, el exfutbolista chaque\u00f1o Miguel Angel Ortol\u00e1, tras un cancer que lo persigui\u00f3 en los \u00faltimos a\u00f1os. Nacido en Tres Isletas, lleg\u00f3 a Resistencia para sumarse a Chaco For Ever, donde integr\u00f3 el plantel que luego se consagrara campe\u00f3n del torneo de ascenso 1988\/1989.\u00a0 luego de pelearla hasta el final como buen Chaque\u00f1o, partio el gran Miguel \u00abPunchi\u00bb Ortola.<\/h3>\n<div class=\"text-base my-auto mx-auto [--thread-content-margin:--spacing(4)] @[37rem]:[--thread-content-margin:--spacing(6)] @[72rem]:[--thread-content-margin:--spacing(16)] px-(--thread-content-margin)\">\n<div class=\"[--thread-content-max-width:32rem] @[34rem]:[--thread-content-max-width:40rem] @[64rem]:[--thread-content-max-width:48rem] mx-auto max-w-(--thread-content-max-width) flex-1 group\/turn-messages focus-visible:outline-hidden relative flex w-full min-w-0 flex-col agent-turn\" tabindex=\"-1\">\n<div class=\"flex max-w-full flex-col grow\">\n<div class=\"min-h-8 text-message relative flex w-full flex-col items-end gap-2 text-start break-words whitespace-normal [.text-message+&amp;]:mt-5\" dir=\"auto\" data-message-author-role=\"assistant\" data-message-id=\"a00f744f-9fec-4362-88f2-fa813f0e45df\" data-message-model-slug=\"gpt-5\">\n<div class=\"flex w-full flex-col gap-1 empty:hidden first:pt-[3px]\">\n<div class=\"markdown prose dark:prose-invert w-full break-words light markdown-new-styling\">\n<p>&nbsp;<\/p>\n<\/div>\n<\/div>\n<\/div>\n<\/div>\n<\/div>\n<\/div>\n<h3 data-start=\"489\" data-end=\"526\">Trayectoria profesional y clubes<\/h3>\n<p data-start=\"528\" data-end=\"567\">Seg\u00fan su trayectoria compilada en BDFA:<\/p>\n<div class=\"_tableContainer_1rjym_1\">\n<div class=\"_tableWrapper_1rjym_13 group flex w-fit flex-col-reverse\" tabindex=\"-1\">\n<table class=\"w-fit min-w-(--thread-content-width)\" data-start=\"569\" data-end=\"1527\">\n<thead data-start=\"569\" data-end=\"663\">\n<tr data-start=\"569\" data-end=\"663\">\n<th data-start=\"569\" data-end=\"587\" data-col-size=\"sm\">Temporada<\/th>\n<th data-start=\"587\" data-end=\"617\" data-col-size=\"sm\">Club<\/th>\n<th data-start=\"617\" data-end=\"643\" data-col-size=\"sm\">Divisi\u00f3n<\/th>\n<th data-start=\"643\" data-end=\"654\" data-col-size=\"sm\">Partidos<\/th>\n<th data-start=\"654\" data-end=\"663\" data-col-size=\"sm\">Goles<\/th>\n<\/tr>\n<\/thead>\n<tbody data-start=\"760\" data-end=\"1527\">\n<tr data-start=\"760\" data-end=\"855\">\n<td data-start=\"760\" data-end=\"778\" data-col-size=\"sm\">1989\u20131991<\/td>\n<td data-start=\"778\" data-end=\"808\" data-col-size=\"sm\"><strong data-start=\"780\" data-end=\"798\">Chaco For Ever<\/strong><\/td>\n<td data-start=\"808\" data-end=\"835\" data-col-size=\"sm\">Primera Divisi\u00f3n<\/td>\n<td data-start=\"835\" data-end=\"846\" data-col-size=\"sm\">40<\/td>\n<td data-col-size=\"sm\" data-start=\"846\" data-end=\"855\">4<\/td>\n<\/tr>\n<tr data-start=\"856\" data-end=\"951\">\n<td data-start=\"856\" data-end=\"874\" data-col-size=\"sm\">1992\u20131995<\/td>\n<td data-start=\"874\" data-end=\"904\" data-col-size=\"sm\"><strong data-start=\"876\" data-end=\"898\">Ferro Carril Oeste<\/strong><\/td>\n<td data-start=\"904\" data-end=\"931\" data-col-size=\"sm\">Primera Divisi\u00f3n<\/td>\n<td data-start=\"931\" data-end=\"942\" data-col-size=\"sm\">52<\/td>\n<td data-col-size=\"sm\" data-start=\"942\" data-end=\"951\">2<\/td>\n<\/tr>\n<tr data-start=\"952\" data-end=\"1047\">\n<td data-start=\"952\" data-end=\"970\" data-col-size=\"sm\">1995\u20131997<\/td>\n<td data-start=\"970\" data-end=\"1000\" data-col-size=\"sm\"><strong data-start=\"972\" data-end=\"987\">El Porvenir<\/strong><\/td>\n<td data-start=\"1000\" data-end=\"1027\" data-col-size=\"sm\">Primera B (Tercera)<\/td>\n<td data-start=\"1027\" data-end=\"1038\" data-col-size=\"sm\">27<\/td>\n<td data-col-size=\"sm\" data-start=\"1038\" data-end=\"1047\">4<\/td>\n<\/tr>\n<tr data-start=\"1048\" data-end=\"1143\">\n<td data-start=\"1048\" data-end=\"1066\" data-col-size=\"sm\">1997<\/td>\n<td data-start=\"1066\" data-end=\"1099\" data-col-size=\"sm\"><strong data-start=\"1068\" data-end=\"1088\">Deportivo Cuenca<\/strong> (Ecuador)<\/td>\n<td data-start=\"1099\" data-end=\"1123\" data-col-size=\"sm\">Serie A ecuatoriana<\/td>\n<td data-col-size=\"sm\" data-start=\"1123\" data-end=\"1134\">19<\/td>\n<td data-col-size=\"sm\" data-start=\"1134\" data-end=\"1143\">6<\/td>\n<\/tr>\n<tr data-start=\"1144\" data-end=\"1239\">\n<td data-start=\"1144\" data-end=\"1162\" data-col-size=\"sm\">1998\u20131999<\/td>\n<td data-start=\"1162\" data-end=\"1192\" data-col-size=\"sm\"><strong data-start=\"1164\" data-end=\"1186\">Deportivo Italiano<\/strong><\/td>\n<td data-start=\"1192\" data-end=\"1219\" data-col-size=\"sm\">Primera B (Tercera)<\/td>\n<td data-col-size=\"sm\" data-start=\"1219\" data-end=\"1230\">28<\/td>\n<td data-col-size=\"sm\" data-start=\"1230\" data-end=\"1239\">5<\/td>\n<\/tr>\n<tr data-start=\"1240\" data-end=\"1335\">\n<td data-start=\"1240\" data-end=\"1258\" data-col-size=\"sm\">2000\u20132001<\/td>\n<td data-start=\"1258\" data-end=\"1288\" data-col-size=\"sm\"><strong data-start=\"1260\" data-end=\"1273\">Temperley<\/strong><\/td>\n<td data-start=\"1288\" data-end=\"1315\" data-col-size=\"sm\">Primera B (Tercera)<\/td>\n<td data-col-size=\"sm\" data-start=\"1315\" data-end=\"1326\">2<\/td>\n<td data-col-size=\"sm\" data-start=\"1326\" data-end=\"1335\">0<\/td>\n<\/tr>\n<tr data-start=\"1336\" data-end=\"1431\">\n<td data-start=\"1336\" data-end=\"1354\" data-col-size=\"sm\">2001\u20132002<\/td>\n<td data-start=\"1354\" data-end=\"1384\" data-col-size=\"sm\"><strong data-start=\"1356\" data-end=\"1368\">Dock Sud<\/strong><\/td>\n<td data-col-size=\"sm\" data-start=\"1384\" data-end=\"1411\">Primera C (Cuarta)<\/td>\n<td data-col-size=\"sm\" data-start=\"1411\" data-end=\"1422\">7<\/td>\n<td data-col-size=\"sm\" data-start=\"1422\" data-end=\"1431\">1<\/td>\n<\/tr>\n<tr data-start=\"1432\" data-end=\"1527\">\n<td data-start=\"1432\" data-end=\"1450\" data-col-size=\"sm\"><strong data-start=\"1434\" data-end=\"1445\">Totales<\/strong><\/td>\n<td data-start=\"1450\" data-end=\"1480\" data-col-size=\"sm\">\u2014<\/td>\n<td data-start=\"1480\" data-end=\"1507\" data-col-size=\"sm\">\u2014<\/td>\n<td data-col-size=\"sm\" data-start=\"1507\" data-end=\"1518\"><strong data-start=\"1509\" data-end=\"1516\">185<\/strong><\/td>\n<td data-col-size=\"sm\" data-start=\"1518\" data-end=\"1527\"><strong data-start=\"1520\" data-end=\"1526\">22<\/strong><\/td>\n<\/tr>\n<\/tbody>\n<\/table>\n<\/div>\n<\/div>\n<p data-start=\"1529\" data-end=\"1566\"><span class=\"\" data-state=\"closed\"><img decoding=\"async\" src=\"https:\/\/scontent.fcnq2-2.fna.fbcdn.net\/v\/t39.30808-6\/486067171_2108321332945876_8458065258673517404_n.jpg?stp=c0.185.720.720a_dst-jpg_s565x565_tt6&amp;_nc_cat=111&amp;ccb=1-7&amp;_nc_sid=a5f93a&amp;_nc_eui2=AeF2q1wzv8WDGm95vdckpHow4LOCatIo_3jgs4Jq0ij_eNQ5lYkMG0Z3shysrWDHQm4&amp;_nc_ohc=S_3k3sFNFfQQ7kNvwF-hWO9&amp;_nc_oc=AdntG-wxzEuFcDJUI9tsZ9uoM3izAxFHGGDVNji5eh-BmEp7yGciaxzxy3pwVx9HZjE&amp;_nc_zt=23&amp;_nc_ht=scontent.fcnq2-2.fna&amp;_nc_gid=DoPecnjVud9oGIXY7BwzWQ&amp;oh=00_AfaKqC2j1bQTXw54HdSWApR_h-DceqM-8wdXHMSrhOsLGA&amp;oe=68BF587B\" alt=\"No hay ninguna descripci\u00f3n de la foto disponible.\" \/><\/span><\/p>\n<p data-start=\"1529\" data-end=\"1566\">Foto de 2016 con su esposa y su beb\u00e9<\/p>\n<h3 data-start=\"1568\" data-end=\"1601\">Actuaci\u00f3n destacada y legado<\/h3>\n<ul data-start=\"1603\" data-end=\"2009\">\n<li data-start=\"1603\" data-end=\"1758\">\n<p data-start=\"1605\" data-end=\"1758\">Fue parte del <strong data-start=\"1619\" data-end=\"1664\">primer Chaco For Ever que jug\u00f3 en Primera<\/strong>, logrando un ascenso hist\u00f3rico en la temporada 1989\/90 .<\/p>\n<\/li>\n<li data-start=\"1759\" data-end=\"2009\">\n<p data-start=\"1761\" data-end=\"2009\">En ese torneo de Primera, su equipo fue recordado por recibir muchos goles (56 en 38 partidos), pero tambi\u00e9n por una impactante <strong data-start=\"1889\" data-end=\"1929\">victoria 5\u20130 sobre Racing de C\u00f3rdoba<\/strong>, donde Ortol\u00e1 convirti\u00f3 un gol memorable.<\/p>\n<\/li>\n<\/ul>\n<div><img decoding=\"async\" class=\"bg-token-main-surface-tertiary m-0 h-full w-full object-cover\" src=\"https:\/\/www.diarionorte.com\/content\/bucket\/5\/285875w790h633c.jpg.webp\" alt=\"https:\/\/www.diarionorte.com\/content\/bucket\/5\/285875w790h633c.jpg.webp\" \/><\/div>\n<p data-start=\"42\" data-end=\"233\"><strong data-start=\"66\" data-end=\"89\">Miguel \u00c1ngel Ortol\u00e1<\/strong> durante su \u00e9poca como jugador (vistiendo la camiseta de Ferro Carril Oeste), una postal que refleja su paso por el f\u00fatbol de Primera Divisi\u00f3n.<\/p>\n<hr data-start=\"2011\" data-end=\"2014\" \/>\n<h2 data-start=\"2016\" data-end=\"2033\">Resumen Final<\/h2>\n<p data-start=\"2035\" data-end=\"2083\">Miguel \u00c1ngel Ortol\u00e1 fue un volante chaque\u00f1o que:<\/p>\n<ul data-start=\"2084\" data-end=\"2481\">\n<li data-start=\"2084\" data-end=\"2159\">\n<p data-start=\"2086\" data-end=\"2159\">Debut\u00f3 en Chaco For Ever y form\u00f3 parte de su memorable ascenso a Primera.<\/p>\n<\/li>\n<li data-start=\"2160\" data-end=\"2231\">\n<p data-start=\"2162\" data-end=\"2231\">Luego jug\u00f3 en Ferro Carril Oeste (con m\u00e1s de 50 partidos en Primera).<\/p>\n<\/li>\n<li data-start=\"2232\" data-end=\"2336\">\n<p data-start=\"2234\" data-end=\"2336\">Continu\u00f3 su carrera en equipos del ascenso argentino como El Porvenir, Italiano, Temperley y Dock Sud.<\/p>\n<\/li>\n<li data-start=\"2337\" data-end=\"2417\">\n<p data-start=\"2339\" data-end=\"2417\">Tambi\u00e9n tuvo un paso internacional exitoso por el Deportivo Cuenca de Ecuador.<\/p>\n<\/li>\n<li data-start=\"2418\" data-end=\"2481\">\n<p data-start=\"2420\" data-end=\"2481\">Cerr\u00f3 su trayectoria con un total de 185 partidos y 22 goles.<\/p>\n<\/li>\n<\/ul>\n<p data-start=\"2483\" data-end=\"2594\">\n<\/div>\n<\/div>\n<\/div>\n<\/div>\n<\/div>\n<\/div>\n<\/article>\n<article class=\"text-token-text-primary w-full focus:outline-none scroll-mt-(--header-height)\" dir=\"auto\" tabindex=\"-1\" data-turn-id=\"97ea230d-ca9d-4ecd-ad4f-8edc44656aeb\" data-testid=\"conversation-turn-9\" data-scroll-anchor=\"false\" data-turn=\"user\">\n<div class=\"text-base my-auto mx-auto pt-12 [--thread-content-margin:--spacing(4)] @[37rem]:[--thread-content-margin:--spacing(6)] @[72rem]:[--thread-content-margin:--spacing(16)] px-(--thread-content-margin)\">\n<div class=\"[--thread-content-max-width:32rem] @[34rem]:[--thread-content-max-width:40rem] @[64rem]:[--thread-content-max-width:48rem] mx-auto max-w-(--thread-content-max-width) flex-1 group\/turn-messages focus-visible:outline-hidden relative flex w-full min-w-0 flex-col\" tabindex=\"-1\">\n<div class=\"flex justify-end\"><\/div>\n<\/div>\n<\/div>\n<\/article>\n<article class=\"text-token-text-primary w-full focus:outline-none scroll-mt-[calc(var(--header-height)+min(200px,max(70px,20svh)))]\" dir=\"auto\" tabindex=\"-1\" data-turn-id=\"request-WEB:b3512a82-3e24-467c-984b-c1b6c4577870-4\" data-testid=\"conversation-turn-10\" data-scroll-anchor=\"false\" data-turn=\"assistant\">\n<h6 class=\"sr-only\"><\/h6>\n<div class=\"text-base my-auto mx-auto [--thread-content-margin:--spacing(4)] @[37rem]:[--thread-content-margin:--spacing(6)] @[72rem]:[--thread-content-margin:--spacing(16)] px-(--thread-content-margin)\">\n<div class=\"[--thread-content-max-width:32rem] @[34rem]:[--thread-content-max-width:40rem] @[64rem]:[--thread-content-max-width:48rem] mx-auto max-w-(--thread-content-max-width) flex-1 group\/turn-messages focus-visible:outline-hidden relative flex w-full min-w-0 flex-col agent-turn\" tabindex=\"-1\">\n<div class=\"flex max-w-full flex-col grow\">\n<div class=\"min-h-8 text-message relative flex w-full flex-col items-end gap-2 text-start break-words whitespace-normal [.text-message+&amp;]:mt-5\" dir=\"auto\" data-message-author-role=\"assistant\" data-message-id=\"d80cc750-4af2-4e70-be82-0b0ed71fda84\" data-message-model-slug=\"gpt-5\">\n<div class=\"flex w-full flex-col gap-1 empty:hidden first:pt-[3px]\">\n<div class=\"markdown prose dark:prose-invert w-full break-words light markdown-new-styling\">\n<div><img decoding=\"async\" class=\"bg-token-main-surface-tertiary m-0 h-full w-full object-cover\" src=\"https:\/\/www.primeraedicion.com.ar\/wp-content\/uploads\/2023\/10\/Miguel-Angel-Ortola.jpg\" alt=\"https:\/\/www.primeraedicion.com.ar\/wp-content\/uploads\/2023\/10\/Miguel-Angel-Ortola.jpg\" \/><\/div>\n<p data-start=\"42\" data-end=\"197\"><strong>Una imagen reciente de Miguel \u00c1ngel Ortol\u00e1 como entrenador, durante su gesti\u00f3n en el Club Social y Deportivo Nacional de Puerto Piray.<\/strong><\/p>\n<p><img loading=\"lazy\" decoding=\"async\" class=\"alignnone size-medium wp-image-24850\" src=\"https:\/\/www.sportchaco.com.ar\/wp-content\/uploads\/2025\/09\/Ortola-beneficio-300x300.jpg\" alt=\"\" width=\"300\" height=\"300\" \/><\/p>\n<p><strong>Sus excompa\u00f1eros y amigos nunca lo dejaron solo<\/strong><\/p>\n<hr data-start=\"199\" data-end=\"202\" \/>\n<h2 data-start=\"204\" data-end=\"249\">Como entrenador y trayectoria en Misiones<\/h2>\n<h3 data-start=\"251\" data-end=\"300\"><strong data-start=\"255\" data-end=\"300\">Club Deportivo Vicov (Eldorado, Misiones)<\/strong><\/h3>\n<ul data-start=\"301\" data-end=\"797\">\n<li data-start=\"301\" data-end=\"599\">\n<p data-start=\"303\" data-end=\"599\"><strong data-start=\"303\" data-end=\"311\">2021<\/strong>: Miguel \u00c1ngel Ortol\u00e1 regres\u00f3 a dirigir a <strong data-start=\"353\" data-end=\"372\">Deportivo Vicov<\/strong>, el club que lo vio desplegarse como DT anteriormente. En declaraciones se\u00f1al\u00f3: <em data-start=\"453\" data-end=\"562\">\u201cEstoy muy contento por volver a dirigir, algo que quer\u00eda\u2026 poder hacerlo en este club es algo muy valioso\u201d.<\/em><span class=\"\" data-state=\"closed\"><span class=\"ms-1 inline-flex max-w-full items-center relative top-[-0.094rem] animate-[show_150ms_ease-in]\" data-testid=\"webpage-citation-pill\"><a class=\"flex h-4.5 overflow-hidden rounded-xl px-2 text-[9px] font-medium text-token-text-secondary! bg-[#F4F4F4]! dark:bg-[#303030]! transition-colors duration-150 ease-in-out\" href=\"https:\/\/www.primeraedicion.com.ar\/nota\/100488312\/ortola-un-historico-que-vuelve-a-dirigir-a-deportivo-vicov\/?utm_source=chatgpt.com\" target=\"_blank\" rel=\"noopener\"><span class=\"relative start-0 bottom-0 flex h-full w-full items-center\"><span class=\"flex h-4 w-full items-center justify-between overflow-hidden\"><span class=\"max-w-full grow truncate overflow-hidden text-center\">Primera Edici\u00f3n<\/span><\/span><\/span><\/a><\/span><\/span><\/p>\n<\/li>\n<li data-start=\"600\" data-end=\"797\">\n<p data-start=\"602\" data-end=\"797\">Tambi\u00e9n dirigi\u00f3 al primer equipo en etapas anteriores, incluyendo una pretemporada en <strong data-start=\"688\" data-end=\"696\">2013<\/strong>, prepar\u00e1ndolos para el Torneo Provincial de la Uni\u00f3n Misionera.<\/p>\n<\/li>\n<\/ul>\n<h3 data-start=\"799\" data-end=\"864\"><strong data-start=\"803\" data-end=\"864\">Club Social y Deportivo Nacional (Puerto Piray, Misiones)<\/strong><\/h3>\n<ul data-start=\"865\" data-end=\"1532\">\n<li data-start=\"865\" data-end=\"1197\">\n<p data-start=\"867\" data-end=\"1197\"><strong data-start=\"867\" data-end=\"880\">2023\u20132024<\/strong>: Se hizo cargo de <strong data-start=\"899\" data-end=\"927\">Nacional de Puerto Piray<\/strong>, participando en el <strong data-start=\"948\" data-end=\"983\">Torneo Regional Federal Amateur<\/strong>. En octubre de 2023, afirm\u00f3 que el debut ser\u00eda dif\u00edcil pero mostr\u00f3 confianza: <em data-start=\"1062\" data-end=\"1094\">\u201cTenemos grandes expectativas\u201d<\/em>, remarcando su intenci\u00f3n de jugar un f\u00fatbol intenso y asociativo<\/p>\n<\/li>\n<li data-start=\"1198\" data-end=\"1532\">\n<p data-start=\"1200\" data-end=\"1532\"><strong data-start=\"1200\" data-end=\"1216\">Febrero 2024<\/strong>: Tras un breve alejamiento, Ortol\u00e1 volvi\u00f3 a la direcci\u00f3n del equipo. Su misi\u00f3n era reconstruir el plantel en un contexto con recursos limitados, enfoc\u00e1ndose en aprovechar jugadores locales y mantener protagonismo tanto en la liga local como en el torneo provincial de la FeMiFu<\/p>\n<\/li>\n<\/ul>\n<hr data-start=\"1534\" data-end=\"1537\" \/>\n<h2 data-start=\"1539\" data-end=\"1560\">Resumen en tablas<\/h2>\n<div class=\"_tableContainer_1rjym_1\">\n<div class=\"_tableWrapper_1rjym_13 group flex w-fit flex-col-reverse\" tabindex=\"-1\">\n<table class=\"w-fit min-w-(--thread-content-width)\" data-start=\"1562\" data-end=\"2091\">\n<thead data-start=\"1562\" data-end=\"1691\">\n<tr data-start=\"1562\" data-end=\"1691\">\n<th data-start=\"1562\" data-end=\"1588\" data-col-size=\"sm\">Rol<\/th>\n<th data-start=\"1588\" data-end=\"1620\" data-col-size=\"sm\">Club<\/th>\n<th data-start=\"1620\" data-end=\"1643\" data-col-size=\"sm\">Per\u00edodo aproximado<\/th>\n<th data-start=\"1643\" data-end=\"1691\" data-col-size=\"md\">Contexto<\/th>\n<\/tr>\n<\/thead>\n<tbody data-start=\"1821\" data-end=\"2091\">\n<tr data-start=\"1821\" data-end=\"1949\">\n<td data-start=\"1821\" data-end=\"1846\" data-col-size=\"sm\">Entrenador \u2013 regreso<\/td>\n<td data-col-size=\"sm\" data-start=\"1846\" data-end=\"1878\">Deportivo Vicov (Eldorado)<\/td>\n<td data-col-size=\"sm\" data-start=\"1878\" data-end=\"1901\">2013; 2021<\/td>\n<td data-col-size=\"md\" data-start=\"1901\" data-end=\"1949\">Pretemporada y regreso como DT principal<\/td>\n<\/tr>\n<tr data-start=\"1950\" data-end=\"2091\">\n<td data-start=\"1950\" data-end=\"1975\" data-col-size=\"sm\">Entrenador<\/td>\n<td data-start=\"1975\" data-end=\"2007\" data-col-size=\"sm\">Nacional de Puerto Piray<\/td>\n<td data-col-size=\"sm\" data-start=\"2007\" data-end=\"2030\">2023\u20132024<\/td>\n<td data-col-size=\"md\" data-start=\"2030\" data-end=\"2091\">Torneo Regional y Provincial \u2013 reconstrucci\u00f3n del plantel<\/td>\n<\/tr>\n<\/tbody>\n<\/table>\n<\/div>\n<\/div>\n<hr data-start=\"2093\" data-end=\"2096\" \/>\n<h3 data-start=\"2098\" data-end=\"2113\"><\/h3>\n<p data-start=\"2115\" data-end=\"2526\">Miguel \u00c1ngel Ortol\u00e1, tras una destacada carrera como volante en primera divisi\u00f3n, continu\u00f3 vincul\u00e1ndose al f\u00fatbol desde el banco t\u00e9cnico en Misiones. Se destac\u00f3 por su compromiso con clubes como Vicov y Nacional de Puerto Piray, a los que volvi\u00f3 a dirigir en escenarios competitivos del f\u00fatbol regional y provincial, siempre con \u00e9nfasis en formaci\u00f3n, protagonismo local y resiliencia ante condiciones complejas.<\/p>\n<\/div>\n<\/div>\n<\/div>\n<\/div>\n<\/div>\n<\/div>\n<\/article>\n<article class=\"text-token-text-primary w-full focus:outline-none scroll-mt-(--header-height)\" dir=\"auto\" tabindex=\"-1\" data-turn-id=\"7b80e8a4-1922-4096-a77c-3f02e88ae8a2\" data-testid=\"conversation-turn-11\" data-scroll-anchor=\"false\" data-turn=\"user\">\n<div class=\"text-base my-auto mx-auto pt-12 [--thread-content-margin:--spacing(4)] @[37rem]:[--thread-content-margin:--spacing(6)] @[72rem]:[--thread-content-margin:--spacing(16)] px-(--thread-content-margin)\">\n<div class=\"[--thread-content-max-width:32rem] @[34rem]:[--thread-content-max-width:40rem] @[64rem]:[--thread-content-max-width:48rem] mx-auto max-w-(--thread-content-max-width) flex-1 group\/turn-messages focus-visible:outline-hidden relative flex w-full min-w-0 flex-col\" tabindex=\"-1\">\n<div class=\"flex max-w-full flex-col grow\">\n<div class=\"min-h-8 text-message relative flex w-full flex-col items-end gap-2 text-start break-words whitespace-normal [.text-message+&amp;]:mt-5\" dir=\"auto\" data-message-author-role=\"user\" data-message-id=\"7b80e8a4-1922-4096-a77c-3f02e88ae8a2\">\n<div class=\"flex w-full flex-col gap-1 empty:hidden items-end rtl:items-start\">\n<div class=\"user-message-bubble-color relative max-w-[var(--user-chat-width,70%)] rounded-[18px] px-4 py-1.5 data-[multiline]:py-3\"><\/div>\n<\/div>\n<\/div>\n<\/div>\n<\/div>\n<\/div>\n<\/article>\n<article class=\"text-token-text-primary w-full focus:outline-none scroll-mt-[calc(var(--header-height)+min(200px,max(70px,20svh)))]\" dir=\"auto\" tabindex=\"-1\" data-turn-id=\"request-WEB:b3512a82-3e24-467c-984b-c1b6c4577870-5\" data-testid=\"conversation-turn-12\" data-scroll-anchor=\"true\" data-turn=\"assistant\">\n<h6 class=\"sr-only\"><\/h6>\n<div class=\"text-base my-auto mx-auto pb-10 [--thread-content-margin:--spacing(4)] @[37rem]:[--thread-content-margin:--spacing(6)] @[72rem]:[--thread-content-margin:--spacing(16)] px-(--thread-content-margin)\">\n<div class=\"[--thread-content-max-width:32rem] @[34rem]:[--thread-content-max-width:40rem] @[64rem]:[--thread-content-max-width:48rem] mx-auto max-w-(--thread-content-max-width) flex-1 group\/turn-messages focus-visible:outline-hidden relative flex w-full min-w-0 flex-col agent-turn\" tabindex=\"-1\">\n<div class=\"flex max-w-full flex-col grow\">\n<div class=\"min-h-8 text-message relative flex w-full flex-col items-end gap-2 text-start break-words whitespace-normal [.text-message+&amp;]:mt-5\" dir=\"auto\" data-message-author-role=\"assistant\" data-message-id=\"9436cc34-0e4b-47f1-87f2-8b98cf99ac68\" data-message-model-slug=\"gpt-5\">\n<div class=\"flex w-full flex-col gap-1 empty:hidden first:pt-[3px]\">\n<div class=\"markdown prose dark:prose-invert w-full break-words light markdown-new-styling\">\n<p data-start=\"0\" data-end=\"202\">\u00a1Por supuesto! Aqu\u00ed te comparto informaci\u00f3n m\u00e1s precisa sobre c\u00f3mo le fue a Miguel \u00c1ngel Ortol\u00e1 como entrenador, especialmente durante su paso por Nacional de Puerto Piray y Deportivo Vicov en Misiones.<\/p>\n<hr data-start=\"204\" data-end=\"207\" \/>\n<hr data-start=\"2203\" data-end=\"2206\" \/>\n<h2 data-start=\"2208\" data-end=\"2257\">Resumen de su trayectoria como DT en Misiones<\/h2>\n<div class=\"_tableContainer_1rjym_1\">\n<div class=\"_tableWrapper_1rjym_13 group flex w-fit flex-col-reverse\" tabindex=\"-1\">\n<table class=\"w-fit min-w-(--thread-content-width)\" data-start=\"2259\" data-end=\"2792\">\n<thead data-start=\"2259\" data-end=\"2392\">\n<tr data-start=\"2259\" data-end=\"2392\">\n<th data-start=\"2259\" data-end=\"2291\" data-col-size=\"sm\">Club<\/th>\n<th data-start=\"2291\" data-end=\"2306\" data-col-size=\"sm\">Per\u00edodo<\/th>\n<th data-start=\"2306\" data-end=\"2392\" data-col-size=\"md\">Logros destacables<\/th>\n<\/tr>\n<\/thead>\n<tbody data-start=\"2527\" data-end=\"2792\">\n<tr data-start=\"2527\" data-end=\"2658\">\n<td data-start=\"2527\" data-end=\"2559\" data-col-size=\"sm\">Nacional de Puerto Piray<\/td>\n<td data-col-size=\"sm\" data-start=\"2559\" data-end=\"2574\">Nov 2023<\/td>\n<td data-col-size=\"md\" data-start=\"2574\" data-end=\"2658\">Debut\u00f3 con un empate (0-0); luego gan\u00f3 2-1 a Central Iguaz\u00fa y qued\u00f3 puntero.<\/td>\n<\/tr>\n<tr data-start=\"2659\" data-end=\"2792\">\n<td data-start=\"2659\" data-end=\"2691\" data-col-size=\"sm\">Deportivo Vicov (Eldorado)<\/td>\n<td data-start=\"2691\" data-end=\"2706\" data-col-size=\"sm\">2021<\/td>\n<td data-start=\"2706\" data-end=\"2792\" data-col-size=\"md\">Regres\u00f3 al club, apost\u00f3 por la formaci\u00f3n juvenil y asumi\u00f3 un desaf\u00edo en transici\u00f3n.<\/td>\n<\/tr>\n<\/tbody>\n<\/table>\n<p><img loading=\"lazy\" decoding=\"async\" class=\"alignnone wp-image-24852 aligncenter\" src=\"https:\/\/www.sportchaco.com.ar\/wp-content\/uploads\/2025\/09\/ortolafe-1-181x300.jpg\" alt=\"\" width=\"250\" height=\"414\" srcset=\"https:\/\/www.sportchaco.com.ar\/wp-content\/uploads\/2025\/09\/ortolafe-1-181x300.jpg 181w, https:\/\/www.sportchaco.com.ar\/wp-content\/uploads\/2025\/09\/ortolafe-1.jpg 720w\" sizes=\"auto, (max-width: 250px) 100vw, 250px\" \/><\/p>\n<\/div>\n<\/div>\n<\/div>\n<\/div>\n<\/div>\n<\/div>\n<\/div>\n<\/div>\n<\/article>\n","protected":false},"excerpt":{"rendered":"<p>&nbsp; Miguel \u00c1ngel Ortol\u00e1 Miguel \u00c1ngel Ortol\u00e1\u00a0 naci\u00f3 el 16 de marzo de 1968 en Tres Isletas, Chaco, fue volante por izquierda con mucha llegada\u00a0 a lo largo de su carrera profesional A los 57 a\u00f1os fallleci\u00f3 en Misiones, el exfutbolista chaque\u00f1o Miguel Angel Ortol\u00e1, tras un cancer que lo persigui\u00f3 en los \u00faltimos a\u00f1os. &hellip;<\/p>\n","protected":false},"author":2,"featured_media":24851,"comment_status":"open","ping_status":"open","sticky":false,"template":"","format":"standard","meta":{"footnotes":""},"categories":[72],"tags":[],"class_list":["post-24849","post","type-post","status-publish","format-standard","has-post-thumbnail","hentry","category-futbol-puro"],"_links":{"self":[{"href":"https:\/\/www.sportchaco.com.ar\/index.php?rest_route=\/wp\/v2\/posts\/24849","targetHints":{"allow":["GET"]}}],"collection":[{"href":"https:\/\/www.sportchaco.com.ar\/index.php?rest_route=\/wp\/v2\/posts"}],"about":[{"href":"https:\/\/www.sportchaco.com.ar\/index.php?rest_route=\/wp\/v2\/types\/post"}],"author":[{"embeddable":true,"href":"https:\/\/www.sportchaco.com.ar\/index.php?rest_route=\/wp\/v2\/users\/2"}],"replies":[{"embeddable":true,"href":"https:\/\/www.sportchaco.com.ar\/index.php?rest_route=%2Fwp%2Fv2%2Fcomments&post=24849"}],"version-history":[{"count":6,"href":"https:\/\/www.sportchaco.com.ar\/index.php?rest_route=\/wp\/v2\/posts\/24849\/revisions"}],"predecessor-version":[{"id":24864,"href":"https:\/\/www.sportchaco.com.ar\/index.php?rest_route=\/wp\/v2\/posts\/24849\/revisions\/24864"}],"wp:featuredmedia":[{"embeddable":true,"href":"https:\/\/www.sportchaco.com.ar\/index.php?rest_route=\/wp\/v2\/media\/24851"}],"wp:attachment":[{"href":"https:\/\/www.sportchaco.com.ar\/index.php?rest_route=%2Fwp%2Fv2%2Fmedia&parent=24849"}],"wp:term":[{"taxonomy":"category","embeddable":true,"href":"https:\/\/www.sportchaco.com.ar\/index.php?rest_route=%2Fwp%2Fv2%2Fcategories&post=24849"},{"taxonomy":"post_tag","embeddable":true,"href":"https:\/\/www.sportchaco.com.ar\/index.php?rest_route=%2Fwp%2Fv2%2Ftags&post=24849"}],"curies":[{"name":"wp","href":"https:\/\/api.w.org\/{rel}","templated":true}]}}