{"id":2487,"date":"2023-11-03T18:01:46","date_gmt":"2023-11-03T21:01:46","guid":{"rendered":"https:\/\/www.sportchaco.com.ar\/?p=2487"},"modified":"2023-11-03T18:01:46","modified_gmt":"2023-11-03T21:01:46","slug":"boca-busca-la-septima-libertadores-ante-el-flu","status":"publish","type":"post","link":"https:\/\/www.sportchaco.com.ar\/?p=2487","title":{"rendered":"Boca busca la s\u00e9ptima Libertadores ante el Flu"},"content":{"rendered":"<div class=\"wrapper-header\">\n<div class=\"container-xl\">\n<div class=\"row\">\n<div class=\"col-12\">\n<div class=\"head-content mb-4\">\n<div class=\"my-3\">\n<div class=\"social mt-3\"><\/div>\n<\/div>\n<p class=\"speak\"><strong>La final de la edici\u00f3n 2023 del torneo m\u00e1s importante de Sudam\u00e9rica a nivel de clubes se jugar\u00e1 este s\u00e1bado desde las 17 con el arbitraje del colombiano Wilmar Rold\u00e1n y televisaci\u00f3n de Telef\u00e9, ESPN, Fox Sports y las plataformas Star+ y PlutoTV.<\/strong><\/p>\n<\/div>\n<\/div>\n<\/div>\n<\/div>\n<\/div>\n<div class=\"wrapper-editable-content\">\n<div class=\"wrapper-info-note\">\n<div class=\"col-md-12\">\n<div class=\"wrapper-author-social\">\n<div class=\"author-box mb-4\">\n<div class=\"info\"><\/div>\n<\/div>\n<\/div>\n<\/div>\n<\/div>\n<div>\n<div class=\"wrapper-editable-content\">\n<div class=\"container-md\">\n<div class=\"row\">\n<div class=\"col-md-12 speak\">\n<div class=\"paragraph\">\n<figure class=\"mb-3\">\n<div class=\"media-icons\"><\/div><figcaption><\/figcaption><\/figure>\n<p><strong>Boca Juniors<\/strong>, seis veces campe\u00f3n de Am\u00e9rica, enfrentar\u00e1 a\u00a0<strong>Fluminense<\/strong>, de Brasil, en una final que opondr\u00e1 a equipos de estilos dis\u00edmiles y en la que los \u00abXeneizes\u00bb\u00a0<strong>intentar\u00e1n conquistar su ansiada s\u00e9ptima Copa Libertadores en un escenario m\u00edtico como el Maracan\u00e1 de R\u00edo de Janeiro.<\/strong><\/p>\n<p>La final de la edici\u00f3n 2023 del torneo m\u00e1s importante de Sudam\u00e9rica a nivel de clubes se jugar\u00e1 este s\u00e1bado desde las 17 con el arbitraje del colombiano Wilmar Rold\u00e1n y televisaci\u00f3n de Telef\u00e9, ESPN, Fox Sports y las plataformas Star+ y PlutoTV.<\/p>\n<p>Boca, que se coron\u00f3 por sexta y \u00faltima vez en 2007,\u00a0<strong>intentar\u00e1 cortar la hegemon\u00eda reciente de los equipos brasile\u00f1os<\/strong>, que se quedaron con las recientes cuatro ediciones de la Libertadores, dos ganadas por Flamengo (2019 y 2022) y otras dos por Palmeiras (2020 y 2021).<\/p>\n<p>Adem\u00e1s, el \u00abXeneize\u00bb intentar\u00e1 igualar el registro de Independiente de Avellaneda, que se mantiene como el m\u00e1s ganador de la Libertadores con sus siete trofeos obtenidos entre 1964 y 1984.<\/p>\n<div class=\"twitter-tweet twitter-tweet-rendered\"><\/div>\n<p>El equipo boquense que dirige\u00a0<strong>Jorge Almir\u00f3n<\/strong>\u00a0protagoniz\u00f3 una campa\u00f1a impecable en la fase de grupos y se adjudic\u00f3 el F, luego en los mano a mano elimin\u00f3 a Nacional de Montevideo, Racing Club y Palmeiras, con la curiosidad que todas las definiciones fueron por penales y se agigant\u00f3 la figura del arquero Sergio \u00abChiquito\u00bb Romero.<\/p>\n<p>Su rival, el \u00abFlu\u00bb, que lo m\u00e1s cerca que estuvo de ganar la Libertadores fue en 2008 cuando perdi\u00f3 la final con la Liga de Quito que dirig\u00eda el \u00abPat\u00f3n\u00bb Bauza, se adjudic\u00f3 el grupo D (gole\u00f3 a River por 5 a 1 en el Maracan\u00e1) y luego dej\u00f3 en el camino a Argentinos Juniors, Olimpia de Paraguay e Internacional de Porto Alegre.<\/p>\n<p><strong>Resumen de finales de Libertadores entre equipos de Argentina y Brasil<\/strong><\/p>\n<p><strong>2019\u00a0<\/strong>Flamengo (B) a River Plate (A)<\/p>\n<p><strong>2017\u00a0<\/strong>Gremio (B) a Lan\u00fas (A)<\/p>\n<p><strong>2012\u00a0<\/strong>Corinthians (B) a Boca Juniors (A)<\/p>\n<p><strong>2009\u00a0<\/strong>Estudiantes (A) a Cruzeiro (B)<\/p>\n<p><strong>2007\u00a0<\/strong>Boca Juniors (A) a Gremio (B)<\/p>\n<p><strong>2003\u00a0<\/strong>Boca Juniors (A) a Santos (B)<\/p>\n<p><strong>2000\u00a0<\/strong>Boca Juniors (A) a Palmeiras (B)<\/p>\n<p><strong>1994\u00a0<\/strong>V\u00e9lez Sarsfield (A) a San Pablo (B)<\/p>\n<p><strong>1992\u00a0<\/strong>San Pablo (B) a Newell&#8217;s (A)<\/p>\n<p><strong>1984\u00a0<\/strong>Independiente (A) a Gremio (B)<\/p>\n<p><strong>1977\u00a0<\/strong>Boca Juniors (A) a Cruzeiro (B)<\/p>\n<p><strong>1976\u00a0<\/strong>Cruzeiro (B) a River Plate (A)<\/p>\n<p><strong>1974\u00a0<\/strong>Independiente (A) a San Pablo (B)<\/p>\n<p><strong>1968\u00a0<\/strong>Estudiantes (A) a Palmeiras (B)<\/p>\n<p><strong>1963\u00a0<\/strong>Santos (B) a Boca Juniors (A)<\/p>\n<h1>Almir\u00f3n defini\u00f3 el equipo de Boca para la final de Libertadores con Fluminense<\/h1>\n<p class=\"description\">El Xeneize entren\u00f3 en el predio de Vasco da Gama y el t\u00e9cnico dispuso el once que arrancar\u00e1 en el Maracan\u00e1.<\/p>\n<div class=\"article-info\">\n<div class=\"article-info-left\">\n<div class=\"article-autor-info\">\n<div class=\"article-autor-name\"><\/div>\n<\/div>\n<\/div>\n<\/div>\n<figure class=\"rat16x9\"><img decoding=\"async\" title=\"Barco\" src=\"https:\/\/media.tycsports.com\/files\/2023\/11\/03\/641003\/barco_416x234.webp?v=3\" srcset=\"https:\/\/media.tycsports.com\/files\/2023\/11\/03\/641003\/barco_416x234.webp?v=3 480w ,https:\/\/media.tycsports.com\/files\/2023\/11\/03\/641003\/barco_862x485.webp?v=3 1080w \" alt=\"Barco\" \/><\/figure>\n<p class=\"capital\"><b>Boca\u00a0<\/b>tuvo este viernes su \u00faltimo entrenamiento antes de la final de ma\u00f1ana contra\u00a0<b>Fluminense<\/b>, en el Maracan\u00e1, donde buscar\u00e1 conquistar la s\u00e9ptima\u00a0<b>Copa Libertadores<\/b>\u00a0de su rica historia.<\/p>\n<p>El ensayo comenz\u00f3 a las 10 en el predio de Vasco da Gama y\u00a0<b>Jorge Almir\u00f3n<\/b>\u00a0dispuso un once sin sorpresas, que es el que arrancar\u00e1 el juego el s\u00e1bado a las 17.<\/p>\n<div class=\"watchto-wrap\">\n<div class=\"watchto\">\n<div class=\"watchto-text\"><\/div>\n<\/div>\n<\/div>\n<section class=\"fluidMedia\">\n<div id=\"video-genoa-640949\" class=\"player-nota-wrapper genoa-async lazycontainer\" data-contentid=\"1532964\" data-share=\"https:\/\/www.tycsports.com\/boca-juniors\/boca-tiene-su-ultimo-ensayo-antes-de-la-gran-final-de-libertadores-con-fluminense-id545406.html\">\n<div class=\"player-nota-overlay\"><\/div>\n<p><img loading=\"lazy\" decoding=\"async\" class=\"\" src=\"https:\/\/media.tycsports.com\/files\/2023\/11\/03\/640949\/boca-rumbo-al-entrenamiento-previo-a-la-final_416x234.webp\" alt=\"Boca rumbo al entrenamiento previo a la final\" width=\"894\" height=\"503\" data-src=\"https:\/\/media.tycsports.com\/files\/2023\/11\/03\/640949\/boca-rumbo-al-entrenamiento-previo-a-la-final_416x234.webp\" \/><\/div>\n<\/section>\n<p>El DT\u00a0har\u00e1 una variante en relaci\u00f3n al equipo que super\u00f3 a Palmeiras en semifinales:\u00a0<b>Nicol\u00e1s Valentini<\/b>, recuperado del golpe que lo sac\u00f3 de la cancha en el cl\u00e1sico con Racing, estar\u00e1 en lugar del suspendido<b>\u00a0Marcos Rojo<\/b>, expulsado en la vuelta de semis.<\/p>\n<p>De esta forma, el DT mantendr\u00e1 el esquema 4-4-2 con la presencia confirmada de Valent\u00edn Barco, que ayer entren\u00f3 a la par y la dupla de delanteros conformada por Miguel Merentiel y Edinson Cavani.<\/p>\n<figure class=\"w-100\"><img decoding=\"async\" title=\"Adv\u00edncula\" src=\"https:\/\/media.tycsports.com\/files\/2023\/11\/03\/641004\/advincula_w416.webp\" srcset=\"https:\/\/media.tycsports.com\/files\/2023\/11\/03\/641004\/advincula_w416.webp 480w, https:\/\/media.tycsports.com\/files\/2023\/11\/03\/641004\/advincula_w862.webp 1080w\" alt=\"Adv\u00edncula\" data-src=\"https:\/\/media.tycsports.com\/files\/2023\/11\/03\/641004\/advincula_w416.webp\" data-srcset=\"https:\/\/media.tycsports.com\/files\/2023\/11\/03\/641004\/advincula_w416.webp 480w, https:\/\/media.tycsports.com\/files\/2023\/11\/03\/641004\/advincula_w862.webp 1080w\" \/><\/figure>\n<p>&nbsp;<\/p>\n<h2>\u00a0Boca<\/h2>\n<p>Sergio Romero; Lu\u00eds Adv\u00edncula, Nicol\u00e1s Figal, Nicol\u00e1s Valentini, Frank Fabra; Cristian Medina, Ezequiel Fern\u00e1ndez, Pol Fern\u00e1ndez, Valent\u00edn Barco; Miguel Merentiel y Edinson Cavani. DT: Jorge Almir\u00f3n.<\/p>\n<div class=\"watchto-wrap\">\n<div class=\"watchto\"><\/div>\n<\/div>\n<h2>\u00a0Fluminense<\/h2>\n<p>F\u00e1bio; Samuel Xavier, Nino, Felipe Melo, Marcelo; Matheus Martinelli, Andr\u00e9, Ganso, Keno; Jhon Arias y Germ\u00e1n Cano.<\/p>\n<\/div>\n<\/div>\n<\/div>\n<\/div>\n<\/div>\n<\/div>\n<\/div>\n","protected":false},"excerpt":{"rendered":"<p>La final de la edici\u00f3n 2023 del torneo m\u00e1s importante de Sudam\u00e9rica a nivel de clubes se jugar\u00e1 este s\u00e1bado desde las 17 con el arbitraje del colombiano Wilmar Rold\u00e1n y televisaci\u00f3n de Telef\u00e9, ESPN, Fox Sports y las plataformas Star+ y PlutoTV. Boca Juniors, seis veces campe\u00f3n de Am\u00e9rica, enfrentar\u00e1 a\u00a0Fluminense, de Brasil, en &hellip;<\/p>\n","protected":false},"author":2,"featured_media":2488,"comment_status":"open","ping_status":"open","sticky":false,"template":"","format":"standard","meta":{"footnotes":""},"categories":[5,6],"tags":[],"class_list":["post-2487","post","type-post","status-publish","format-standard","has-post-thumbnail","hentry","category-futbol","category-internacionales"],"_links":{"self":[{"href":"https:\/\/www.sportchaco.com.ar\/index.php?rest_route=\/wp\/v2\/posts\/2487","targetHints":{"allow":["GET"]}}],"collection":[{"href":"https:\/\/www.sportchaco.com.ar\/index.php?rest_route=\/wp\/v2\/posts"}],"about":[{"href":"https:\/\/www.sportchaco.com.ar\/index.php?rest_route=\/wp\/v2\/types\/post"}],"author":[{"embeddable":true,"href":"https:\/\/www.sportchaco.com.ar\/index.php?rest_route=\/wp\/v2\/users\/2"}],"replies":[{"embeddable":true,"href":"https:\/\/www.sportchaco.com.ar\/index.php?rest_route=%2Fwp%2Fv2%2Fcomments&post=2487"}],"version-history":[{"count":1,"href":"https:\/\/www.sportchaco.com.ar\/index.php?rest_route=\/wp\/v2\/posts\/2487\/revisions"}],"predecessor-version":[{"id":2489,"href":"https:\/\/www.sportchaco.com.ar\/index.php?rest_route=\/wp\/v2\/posts\/2487\/revisions\/2489"}],"wp:featuredmedia":[{"embeddable":true,"href":"https:\/\/www.sportchaco.com.ar\/index.php?rest_route=\/wp\/v2\/media\/2488"}],"wp:attachment":[{"href":"https:\/\/www.sportchaco.com.ar\/index.php?rest_route=%2Fwp%2Fv2%2Fmedia&parent=2487"}],"wp:term":[{"taxonomy":"category","embeddable":true,"href":"https:\/\/www.sportchaco.com.ar\/index.php?rest_route=%2Fwp%2Fv2%2Fcategories&post=2487"},{"taxonomy":"post_tag","embeddable":true,"href":"https:\/\/www.sportchaco.com.ar\/index.php?rest_route=%2Fwp%2Fv2%2Ftags&post=2487"}],"curies":[{"name":"wp","href":"https:\/\/api.w.org\/{rel}","templated":true}]}}