{"id":24882,"date":"2025-09-04T22:41:26","date_gmt":"2025-09-05T01:41:26","guid":{"rendered":"https:\/\/www.sportchaco.com.ar\/?p=24882"},"modified":"2025-09-04T22:42:36","modified_gmt":"2025-09-05T01:42:36","slug":"un-nuevo-capitulo-para-la-faped","status":"publish","type":"post","link":"https:\/\/www.sportchaco.com.ar\/?p=24882","title":{"rendered":"Un nuevo cap\u00edtulo para la FAPED"},"content":{"rendered":"<div class=\"xdj266r x14z9mp xat24cr x1lziwak x1vvkbs x126k92a\">\n<div dir=\"auto\"><\/div>\n<\/div>\n<div class=\"x14z9mp xat24cr x1lziwak x1vvkbs xtlvy1s x126k92a\">\n<div dir=\"auto\"><strong>\u00a0La Federaci\u00f3n Argentina de Periodistas Deportivos dio un paso trascendental con la firma en escriban\u00eda, en Capital Federal, de la solicitud para obtener una nueva Personer\u00eda Jur\u00eddica.<\/strong><\/div>\n<div dir=\"auto\"><\/div>\n<\/div>\n<div class=\"x14z9mp xat24cr x1lziwak x1vvkbs xtlvy1s x126k92a\">\n<div dir=\"auto\">\u00a0Este proceso hab\u00eda sido aprobado previamente en Santiago del Estero, durante una reuni\u00f3n de la Comisi\u00f3n Directiva con representantes de distintos c\u00edrculos del pa\u00eds, donde se vot\u00f3 comenzar de cero para encarar esta refundaci\u00f3n institucional. En esta instancia participaron activamente los c\u00edrculos de Chaco, Necochea y San Pedro, acompa\u00f1ando la decisi\u00f3n de manera formal.<\/div>\n<div dir=\"auto\"><\/div>\n<\/div>\n<div class=\"x14z9mp xat24cr x1lziwak x1vvkbs xtlvy1s x126k92a\">\n<div dir=\"auto\">\u00bfPor qu\u00e9 es importante?<\/div>\n<div dir=\"auto\">\u00a0Otorga un marco legal actualizado y transparente.<\/div>\n<div dir=\"auto\">\u00a0Fortalece la legitimidad para gestionar convenios, apoyos y v\u00ednculos con organismos nacionales e internacionales.<\/div>\n<div dir=\"auto\">\u00a0Refuerza la representatividad de las y los periodistas deportivos en todo el pa\u00eds.\u00a0Este hito se complementar\u00e1 con la presentaci\u00f3n formal en el Congreso Internacional de octubre en Chubut, donde se compartir\u00e1 este avance con la comunidad period\u00edstica deportiva de todo el continente.<\/div>\n<div dir=\"auto\"><\/div>\n<\/div>\n<div class=\"x14z9mp xat24cr x1lziwak x1vvkbs xtlvy1s x126k92a\">\n<div dir=\"auto\">\u00a0Desde la FAPED nos complace anunciar esta renovaci\u00f3n, en continuidad con la historia de 77 a\u00f1os recorridos, con la mirada puesta en el futuro del periodismo deportivo argentino.<\/div>\n<div dir=\"auto\" style=\"text-align: center;\"><\/div>\n<div dir=\"auto\"><img decoding=\"async\" src=\"https:\/\/scontent.fcnq2-2.fna.fbcdn.net\/v\/t51.82787-15\/540768738_18381100384134042_8351692158047863107_n.jpg?_nc_cat=111&amp;ccb=1-7&amp;_nc_sid=127cfc&amp;_nc_eui2=AeEJcz52EQn9ILxfafUPU1YSfTadBN7N4KR9Np0E3s3gpD_c3dTLEooVL52f8obrcyg&amp;_nc_ohc=QQw7hiAiGuoQ7kNvwGQwd0y&amp;_nc_oc=AdlyzWaaEO3zVre7Z2cx2mraHRWFrXTDKn3nkmQ7DkZDUMAkk3jMyFpgaLfjoTR6U9w&amp;_nc_zt=23&amp;_nc_ht=scontent.fcnq2-2.fna&amp;_nc_gid=nw2yPMCmXBbE_2QTtlnCvQ&amp;oh=00_AfZBkdJS5Bzk87K4Po4oy51kAY7nl99zw1H-MCFPi_o_Iw&amp;oe=68C00BFF\" alt=\"Puede ser una imagen de 4 personas, personas estudiando, mesa y texto\" \/><\/div>\n<\/div>\n<div dir=\"auto\">Fotos: El presidente del C\u00edrculo Willy Rodr\u00edguez en la firma de las actas de la nueva FAPED.<\/div>\n","protected":false},"excerpt":{"rendered":"<p>\u00a0La Federaci\u00f3n Argentina de Periodistas Deportivos dio un paso trascendental con la firma en escriban\u00eda, en Capital Federal, de la solicitud para obtener una nueva Personer\u00eda Jur\u00eddica. \u00a0Este proceso hab\u00eda sido aprobado previamente en Santiago del Estero, durante una reuni\u00f3n de la Comisi\u00f3n Directiva con representantes de distintos c\u00edrculos del pa\u00eds, donde se vot\u00f3 comenzar &hellip;<\/p>\n","protected":false},"author":2,"featured_media":24883,"comment_status":"open","ping_status":"open","sticky":false,"template":"","format":"standard","meta":{"footnotes":""},"categories":[44],"tags":[],"class_list":["post-24882","post","type-post","status-publish","format-standard","has-post-thumbnail","hentry","category-varios"],"_links":{"self":[{"href":"https:\/\/www.sportchaco.com.ar\/index.php?rest_route=\/wp\/v2\/posts\/24882","targetHints":{"allow":["GET"]}}],"collection":[{"href":"https:\/\/www.sportchaco.com.ar\/index.php?rest_route=\/wp\/v2\/posts"}],"about":[{"href":"https:\/\/www.sportchaco.com.ar\/index.php?rest_route=\/wp\/v2\/types\/post"}],"author":[{"embeddable":true,"href":"https:\/\/www.sportchaco.com.ar\/index.php?rest_route=\/wp\/v2\/users\/2"}],"replies":[{"embeddable":true,"href":"https:\/\/www.sportchaco.com.ar\/index.php?rest_route=%2Fwp%2Fv2%2Fcomments&post=24882"}],"version-history":[{"count":2,"href":"https:\/\/www.sportchaco.com.ar\/index.php?rest_route=\/wp\/v2\/posts\/24882\/revisions"}],"predecessor-version":[{"id":24885,"href":"https:\/\/www.sportchaco.com.ar\/index.php?rest_route=\/wp\/v2\/posts\/24882\/revisions\/24885"}],"wp:featuredmedia":[{"embeddable":true,"href":"https:\/\/www.sportchaco.com.ar\/index.php?rest_route=\/wp\/v2\/media\/24883"}],"wp:attachment":[{"href":"https:\/\/www.sportchaco.com.ar\/index.php?rest_route=%2Fwp%2Fv2%2Fmedia&parent=24882"}],"wp:term":[{"taxonomy":"category","embeddable":true,"href":"https:\/\/www.sportchaco.com.ar\/index.php?rest_route=%2Fwp%2Fv2%2Fcategories&post=24882"},{"taxonomy":"post_tag","embeddable":true,"href":"https:\/\/www.sportchaco.com.ar\/index.php?rest_route=%2Fwp%2Fv2%2Ftags&post=24882"}],"curies":[{"name":"wp","href":"https:\/\/api.w.org\/{rel}","templated":true}]}}