{"id":24886,"date":"2025-09-04T22:49:24","date_gmt":"2025-09-05T01:49:24","guid":{"rendered":"https:\/\/www.sportchaco.com.ar\/?p=24886"},"modified":"2025-09-04T22:49:43","modified_gmt":"2025-09-05T01:49:43","slug":"karting-repudio-a-las-actitudes-antideportivas","status":"publish","type":"post","link":"https:\/\/www.sportchaco.com.ar\/?p=24886","title":{"rendered":"Karting: Repudio a las actitudes antideportivas"},"content":{"rendered":"<header class=\"entry-header clearfix\"><\/header>\n<div class=\"entry-content clearfix\">\n<p><strong>Desde la comisi\u00f3n del Campeonato Provincial de Karting en Tierra y de Kart\u00f3dromo S\u00e1enz Pe\u00f1a repudiaron los hechos de violencia que se produjeron en el marco de la quinta fecha que se disput\u00f3 el pasado fin de semana, y que involucr\u00f3 a los pilotos Kevin Walter y Tom\u00e1s Bergallo cuando se disputaba la serie de Varilleros 175 kilogramos.<\/strong><\/p>\n<p>El suceso tuvo lugar cuando aparentemente a Bergallo se le trab\u00f3 la caja y tuvo inconvenientes en la direcci\u00f3n de su m\u00e1quina, originando que siga de largo al final de la recta principal y con \u00e9l tambi\u00e9n Kevin Walter, quien arremeti\u00f3 de manera incomprensible con golpes de pu\u00f1o y patadas contra quien se hallaba a\u00fan sentado en la butaca del veh\u00edculo.<\/p>\n<p>De inmediato el video de la transmisi\u00f3n se viraliz\u00f3 y provoc\u00f3 el rechazo generalizado a dicha actitud violenta, pidiendo una sanci\u00f3n ejemplar contra el agresor, quien llegaba a esta competencia como l\u00edder del campeonato. El hecho, repudiable desde todo aspecto, no logr\u00f3 empa\u00f1ar la brillante jornada que se vivi\u00f3 en la inauguraci\u00f3n del kart\u00f3dromo centrochaque\u00f1o.<\/p>\n<div id=\"attachment_50676\" class=\"wp-caption alignnone\">\n<p><a href=\"https:\/\/www.ecodeportivo.com.ar\/img\/2025\/09\/kevin-bergallo-lucha.jpg\"><img loading=\"lazy\" decoding=\"async\" class=\"wp-image-50676 size-full\" src=\"https:\/\/www.ecodeportivo.com.ar\/img\/2025\/09\/kevin-bergallo-lucha.jpg\" sizes=\"auto, (max-width: 1260px) 100vw, 1260px\" srcset=\"https:\/\/www.ecodeportivo.com.ar\/img\/2025\/09\/kevin-bergallo-lucha.jpg 1260w, https:\/\/www.ecodeportivo.com.ar\/img\/2025\/09\/kevin-bergallo-lucha-300x180.jpg 300w, https:\/\/www.ecodeportivo.com.ar\/img\/2025\/09\/kevin-bergallo-lucha-1024x614.jpg 1024w, https:\/\/www.ecodeportivo.com.ar\/img\/2025\/09\/kevin-bergallo-lucha-768x461.jpg 768w\" alt=\"\" width=\"1260\" height=\"756\" aria-describedby=\"caption-attachment-50676\" \/><\/a><\/p>\n<p id=\"caption-attachment-50676\" class=\"wp-caption-text\">Momento previo a los incidentes, en recta principal, a plena velocidad en la serie de Varilleros 175 kg.<\/p>\n<\/div>\n<p><strong>\u00a0 El comunicado del CPKT<\/strong><\/p>\n<p>El comunicado oficial dado a conocer por los directivos del CPKT expresa:<\/p>\n<p><em><strong>\u00a0 \u201cDesde la organizaci\u00f3n del Campeonato Provincial de Karting en Tierra en el Chaco repudiamos en\u00e9rgicamente los hechos de violencia y agresiones que se visualizaron y viralizaron en las \u00faltimas horas.<\/strong><\/em><\/p>\n<p><em><strong>\u00a0 Queremos dejar en claro que este tipo de actitudes no corresponden con el comportamiento ni con los valores que buscamos transmitir e inspirar en nuestro deporte. El karting, como disciplina, debe ser un espacio de respeto, pasi\u00f3n y compa\u00f1erismo, donde prevalezcan la sana competencia y el esp\u00edritu deportivo.<\/strong><\/em><\/p>\n<p><em><strong>\u00a0 Reafirmamos nuestro compromiso de seguir trabajando para que cada fecha del campeonato se desarrolle en un marco de convivencia, seguridad y respeto mutuo\u201d<\/strong><\/em>.<\/p>\n<div id=\"attachment_50675\" class=\"wp-caption alignnone\">\n<p><a href=\"https:\/\/www.ecodeportivo.com.ar\/img\/2025\/09\/bergallo-kevin.jpg\"><img loading=\"lazy\" decoding=\"async\" class=\"wp-image-50675 size-full\" src=\"https:\/\/www.ecodeportivo.com.ar\/img\/2025\/09\/bergallo-kevin.jpg\" sizes=\"auto, (max-width: 1260px) 100vw, 1260px\" srcset=\"https:\/\/www.ecodeportivo.com.ar\/img\/2025\/09\/bergallo-kevin.jpg 1260w, https:\/\/www.ecodeportivo.com.ar\/img\/2025\/09\/bergallo-kevin-300x180.jpg 300w, https:\/\/www.ecodeportivo.com.ar\/img\/2025\/09\/bergallo-kevin-1024x614.jpg 1024w, https:\/\/www.ecodeportivo.com.ar\/img\/2025\/09\/bergallo-kevin-768x461.jpg 768w\" alt=\"\" width=\"1260\" height=\"756\" aria-describedby=\"caption-attachment-50675\" \/><\/a><\/p>\n<p id=\"caption-attachment-50675\" class=\"wp-caption-text\">Kevin Walter y Tom\u00e1s Bergallo, tras los hechos producidos en el curv\u00f3n sur del kart\u00f3dromo de S\u00e1enz Pe\u00f1a<\/p>\n<\/div>\n<p><strong>\u00a0 Tambi\u00e9n los dirigentes locales<\/strong><\/p>\n<p>La Comisi\u00f3n Directiva de \u201cKart\u00f3dromo S\u00e1enz Pe\u00f1a\u201d tambi\u00e9n se pronunci\u00f3 en los siguientes t\u00e9rminos:<\/p>\n<p><em><strong>\u201cEn relaci\u00f3n a los hechos ocurridos recientemente, desde nuestra instituci\u00f3n queremos manifestar de manera clara que rechazamos toda forma de violencia y actitudes antideportivas.<\/strong><\/em><\/p>\n<p><em><strong>\u00a0 Nuestro objetivo es que el kart\u00f3dromo sea siempre un espacio donde pilotos, equipos y familias disfruten de la competencia en un ambiente de respeto, seguridad y compa\u00f1erismo.<\/strong><\/em><\/p>\n<p><em><strong>\u00a0 El karting nos une por la pasi\u00f3n por las carreras, y esa pasi\u00f3n debe vivirse con juego limpio, amistad y verdadero esp\u00edritu deportivo.<\/strong><\/em><\/p>\n<p><em><strong>\u00a0 Seguiremos trabajando para que cada fecha en nuestra pista se desarrolle en un clima positivo, seguro y con la alegr\u00eda que caracteriza a este deporte\u201d<\/strong><\/em>.<\/p>\n<p>Fuente Eco Deportivo<\/p>\n<header class=\"entry-header clearfix\">\n<h1 class=\"entry-title\">S\u00c1ENZ PE\u00d1A VIBR\u00d3 CON EL KARTING EN UNA JORNADA HIST\u00d3RICA<\/h1>\n<\/header>\n<div class=\"entry-thumbnail\"><img loading=\"lazy\" decoding=\"async\" class=\"attachment-content-single size-content-single wp-post-image\" src=\"https:\/\/www.ecodeportivo.com.ar\/img\/2025\/09\/kart-SP-190-777x437.jpg\" sizes=\"auto, (max-width: 777px) 100vw, 777px\" srcset=\"https:\/\/www.ecodeportivo.com.ar\/img\/2025\/09\/kart-SP-190-777x437.jpg 777w, https:\/\/www.ecodeportivo.com.ar\/img\/2025\/09\/kart-SP-190-300x168.jpg 300w, https:\/\/www.ecodeportivo.com.ar\/img\/2025\/09\/kart-SP-190-180x101.jpg 180w, https:\/\/www.ecodeportivo.com.ar\/img\/2025\/09\/kart-SP-190-260x146.jpg 260w, https:\/\/www.ecodeportivo.com.ar\/img\/2025\/09\/kart-SP-190-373x210.jpg 373w, https:\/\/www.ecodeportivo.com.ar\/img\/2025\/09\/kart-SP-190-120x67.jpg 120w\" alt=\"\" width=\"777\" height=\"437\" \/><span class=\"wp-caption-text\">El pinedense Yamil Beliz\u00e1n gan\u00f3 una gran carrera en Varilleros 190 kg.<\/span><\/div>\n<p class=\"entry-meta\"><span class=\"entry-meta-author vcard author\">Posted By:\u00a0<a class=\"fn\" href=\"https:\/\/www.ecodeportivo.com.ar\/author\/eco-deportivo\/\">Eco Deportivo<\/a><\/span>\u00a0<span class=\"entry-meta-date updated\">1 septiembre, 2025<\/span><\/p>\n<div class=\"entry-content clearfix\">\n<p>En un d\u00eda hist\u00f3rico por la inauguraci\u00f3n del \u201cKart\u00f3dromo S\u00e1enz Pe\u00f1a\u201d, la quinta fecha del Campeonato Provincial de Karting en Tierra ofreci\u00f3 un espect\u00e1culo notable en las seis categor\u00edas, con un gran acompa\u00f1amiento del p\u00fablico que coron\u00f3 la jornada con el \u00e9xito que se esperaba.<\/p>\n<p>El trabajo conjunto que se realiz\u00f3 entre varios organismos de los estados provincial y municipal permiti\u00f3 que la fiesta estuviera a la altura de las expectativas, aunque l\u00f3gicamente con cuestiones por corregir a partir de la experiencia que se va incorporando. Un grupo de dirigentes, con Diego Codutti y Jorge \u00c1lvarez como caras visibles, aceptaron el desaf\u00edo y cumplieron con creces.<\/p>\n<div id=\"attachment_50647\" class=\"wp-caption alignnone\">\n<p><a href=\"https:\/\/www.ecodeportivo.com.ar\/img\/2025\/09\/kart-SP-yamaha.jpg\"><img loading=\"lazy\" decoding=\"async\" class=\"wp-image-50647 size-full\" src=\"https:\/\/www.ecodeportivo.com.ar\/img\/2025\/09\/kart-SP-yamaha.jpg\" sizes=\"auto, (max-width: 1260px) 100vw, 1260px\" srcset=\"https:\/\/www.ecodeportivo.com.ar\/img\/2025\/09\/kart-SP-yamaha.jpg 1260w, https:\/\/www.ecodeportivo.com.ar\/img\/2025\/09\/kart-SP-yamaha-300x180.jpg 300w, https:\/\/www.ecodeportivo.com.ar\/img\/2025\/09\/kart-SP-yamaha-1024x614.jpg 1024w, https:\/\/www.ecodeportivo.com.ar\/img\/2025\/09\/kart-SP-yamaha-768x461.jpg 768w\" alt=\"\" width=\"1260\" height=\"756\" aria-describedby=\"caption-attachment-50647\" \/><\/a><\/p>\n<p id=\"caption-attachment-50647\" class=\"wp-caption-text\">Carlos Walter (19) se encamin\u00f3 a la victoria en categor\u00eda Yamaha<\/p>\n<\/div>\n<p>Fueron 98 los corredores que se inscribieron para esta jornada, con preminencia de las categor\u00edas Varilleros 175 y 190 kilogramos. En \u201cEscuela\u201d volvi\u00f3 a prevalecer Esteban Rodr\u00edguez, adjudic\u00e1ndose las dos finales y con Milo Herasimchuk y Mart\u00edn Mac\u00edas como escoltas en ambos casos. Aar\u00f3n Nusbaum, de San Bernardo, volvi\u00f3 a quedarse con la prueba de Varilleros 160 en una re\u00f1ida final con Gonzalo Herasimchuk y Emiliano Belich.<\/p>\n<p>En Varilleros 175 la victoria qued\u00f3 para el local Fausto Vicente, con Ciro Villalba y Franco Melli como acompa\u00f1antes en el podio. Cabe mencionar que en esta carrera se produjo un grave altercado entre Kevin Walter y Tom\u00e1s Bergallo, con agresi\u00f3n f\u00edsica incluida, tras un toque que dej\u00f3 a ambos fuera de competencia en la serie y luego excluidos.<\/p>\n<div id=\"attachment_50646\" class=\"wp-caption alignnone\">\n<p><a href=\"https:\/\/www.ecodeportivo.com.ar\/img\/2025\/09\/bergallo-pelea.jpg\"><img loading=\"lazy\" decoding=\"async\" class=\"wp-image-50646 size-full\" src=\"https:\/\/www.ecodeportivo.com.ar\/img\/2025\/09\/bergallo-pelea.jpg\" sizes=\"auto, (max-width: 1260px) 100vw, 1260px\" srcset=\"https:\/\/www.ecodeportivo.com.ar\/img\/2025\/09\/bergallo-pelea.jpg 1260w, https:\/\/www.ecodeportivo.com.ar\/img\/2025\/09\/bergallo-pelea-300x180.jpg 300w, https:\/\/www.ecodeportivo.com.ar\/img\/2025\/09\/bergallo-pelea-1024x614.jpg 1024w, https:\/\/www.ecodeportivo.com.ar\/img\/2025\/09\/bergallo-pelea-768x460.jpg 768w\" alt=\"\" width=\"1260\" height=\"755\" aria-describedby=\"caption-attachment-50646\" \/><\/a><\/p>\n<p id=\"caption-attachment-50646\" class=\"wp-caption-text\">El lamentable incidente de la jornada inaugural que involucr\u00f3 a los pilotos Kevin Walter y Tom\u00e1s Bergallo<\/p>\n<\/div>\n<p>Otra carrera vistosa fue la que ofrecieron los pilotos de Varilleros 190, con trabajoso y emotivo triunfo del pinedense Yamil Beliz\u00e1n, seguido por Luciano Carlisi y Mat\u00edas Mart\u00edn; mientras que en Kayak 195 la victoria qued\u00f3 en poder del villangelense Juan Monferrer; y en Yamaha, Carlos Walter.<\/p>\n<p>La pr\u00f3xima fecha del certamen se correr\u00e1 nuevamente en el trazado de la Ciudad Termal el 20 y 21 de septiembre, donde se espera otra nutrida concurrencia de m\u00e1quinas, pilotos y espectadores, adem\u00e1s de algunas innovaciones en el flamante predio.<\/p>\n<div id=\"attachment_50648\" class=\"wp-caption alignnone\">\n<p><a href=\"https:\/\/www.ecodeportivo.com.ar\/img\/2025\/09\/kart-SP-175.jpg\"><img loading=\"lazy\" decoding=\"async\" class=\"wp-image-50648 size-full\" src=\"https:\/\/www.ecodeportivo.com.ar\/img\/2025\/09\/kart-SP-175.jpg\" sizes=\"auto, (max-width: 1260px) 100vw, 1260px\" srcset=\"https:\/\/www.ecodeportivo.com.ar\/img\/2025\/09\/kart-SP-175.jpg 1260w, https:\/\/www.ecodeportivo.com.ar\/img\/2025\/09\/kart-SP-175-300x180.jpg 300w, https:\/\/www.ecodeportivo.com.ar\/img\/2025\/09\/kart-SP-175-1024x614.jpg 1024w, https:\/\/www.ecodeportivo.com.ar\/img\/2025\/09\/kart-SP-175-768x460.jpg 768w\" alt=\"\" width=\"1260\" height=\"755\" aria-describedby=\"caption-attachment-50648\" \/><\/a><\/p>\n<p id=\"caption-attachment-50648\" class=\"wp-caption-text\">La categor\u00eda Varilleros 175 kg. ofreci\u00f3 una linda serie, y coron\u00f3 con una gran final<\/p>\n<\/div>\n<p><strong>\u00a0 Clasificaci\u00f3n<\/strong><\/p>\n<p><strong>-Escuela (Final 1 \u2013 10 vueltas):<\/strong><\/p>\n<p><strong>1\u00b0)<\/strong>\u00a0(57) Esteban Rodr\u00edguez (Charata) 8:16.866<\/p>\n<p><strong>2\u00b0)<\/strong>\u00a0(11) Milo Herasimchuk (S\u00e1enz Pe\u00f1a) a 0.539<\/p>\n<p><strong>3\u00b0)<\/strong>\u00a0(12) Mart\u00edn Mac\u00edas (Quitilipi) a 7.602<\/p>\n<p><strong>4\u00b0)<\/strong>\u00a0(95) Teo Iv\u00e1n (La Clotilde) a 11.638<\/p>\n<p><strong>5\u00b0)<\/strong>\u00a0(7) Benjam\u00edn Codutti (S\u00e1enz Pe\u00f1a) a 15.946<\/p>\n<p><strong>-Escuela (Final 2 \u2013 9 vueltas):<\/strong><\/p>\n<p><a href=\"https:\/\/www.ecodeportivo.com.ar\/img\/2025\/09\/kart-SP-escuela.jpg\"><img loading=\"lazy\" decoding=\"async\" class=\"alignnone size-full wp-image-50644\" src=\"https:\/\/www.ecodeportivo.com.ar\/img\/2025\/09\/kart-SP-escuela.jpg\" sizes=\"auto, (max-width: 1260px) 100vw, 1260px\" srcset=\"https:\/\/www.ecodeportivo.com.ar\/img\/2025\/09\/kart-SP-escuela.jpg 1260w, https:\/\/www.ecodeportivo.com.ar\/img\/2025\/09\/kart-SP-escuela-300x180.jpg 300w, https:\/\/www.ecodeportivo.com.ar\/img\/2025\/09\/kart-SP-escuela-1024x614.jpg 1024w, https:\/\/www.ecodeportivo.com.ar\/img\/2025\/09\/kart-SP-escuela-768x461.jpg 768w\" alt=\"\" width=\"1260\" height=\"756\" \/><\/a><\/p>\n<p><strong>1\u00b0)<\/strong>\u00a0(57) Esteban Rodr\u00edguez (Charata) 7:28.462<\/p>\n<p><strong>2\u00b0)<\/strong>\u00a0(11) Milo Herasimchuk (S\u00e1enz Pe\u00f1a) a 0.240<\/p>\n<p><strong>3\u00b0)<\/strong>\u00a0(12) Mart\u00edn Mac\u00edas (Quitilipi) a 6.650<\/p>\n<p><strong>4\u00b0)<\/strong>\u00a0(95) Teo Iv\u00e1n (La Clotilde) a 7.538<\/p>\n<p><strong>5\u00b0)<\/strong>\u00a0(26) Patricio Storani (S\u00e1enz Pe\u00f1a) a 12.172<\/p>\n<p><strong>-Varilleros 160 kg. (14 vueltas):<\/strong><\/p>\n<p><a href=\"https:\/\/www.ecodeportivo.com.ar\/img\/2025\/09\/kart-SP-nusbaum.jpg\"><img loading=\"lazy\" decoding=\"async\" class=\"alignnone size-full wp-image-50641\" src=\"https:\/\/www.ecodeportivo.com.ar\/img\/2025\/09\/kart-SP-nusbaum.jpg\" sizes=\"auto, (max-width: 1260px) 100vw, 1260px\" srcset=\"https:\/\/www.ecodeportivo.com.ar\/img\/2025\/09\/kart-SP-nusbaum.jpg 1260w, https:\/\/www.ecodeportivo.com.ar\/img\/2025\/09\/kart-SP-nusbaum-300x180.jpg 300w, https:\/\/www.ecodeportivo.com.ar\/img\/2025\/09\/kart-SP-nusbaum-1024x614.jpg 1024w, https:\/\/www.ecodeportivo.com.ar\/img\/2025\/09\/kart-SP-nusbaum-768x461.jpg 768w\" alt=\"\" width=\"1260\" height=\"756\" \/><\/a><\/p>\n<p><strong>1\u00b0)<\/strong>\u00a0(313) Aaron Nusbaum (San Bernardo) 11:17.724<\/p>\n<p><strong>2\u00b0)<\/strong>\u00a0(328) Gonzalo Herasimchuk (S\u00e1enz Pe\u00f1a) a 0.044<\/p>\n<p><strong>3\u00b0)<\/strong>\u00a0(321) Emiliano Belich (El Palmar) a 0.341<\/p>\n<p><strong>4\u00b0)<\/strong>\u00a0(330) Tom\u00e1s Mac\u00edas (Quitilipi) a 6.634<\/p>\n<p><strong>5\u00b0)<\/strong>\u00a0(318) Francisco Villarreal (Pampa del Infierno) a 11.250<\/p>\n<p><strong>-Varilleros 175 kg. (14 vueltas):<\/strong><\/p>\n<p><a href=\"https:\/\/www.ecodeportivo.com.ar\/img\/2025\/09\/kart-SP-vicente.jpg\"><img loading=\"lazy\" decoding=\"async\" class=\"alignnone size-full wp-image-50642\" src=\"https:\/\/www.ecodeportivo.com.ar\/img\/2025\/09\/kart-SP-vicente.jpg\" sizes=\"auto, (max-width: 1260px) 100vw, 1260px\" srcset=\"https:\/\/www.ecodeportivo.com.ar\/img\/2025\/09\/kart-SP-vicente.jpg 1260w, https:\/\/www.ecodeportivo.com.ar\/img\/2025\/09\/kart-SP-vicente-300x180.jpg 300w, https:\/\/www.ecodeportivo.com.ar\/img\/2025\/09\/kart-SP-vicente-1024x614.jpg 1024w, https:\/\/www.ecodeportivo.com.ar\/img\/2025\/09\/kart-SP-vicente-768x461.jpg 768w\" alt=\"\" width=\"1260\" height=\"756\" \/><\/a><\/p>\n<p><strong>1\u00b0)<\/strong>\u00a0(411) Fausto Vicente (S\u00e1enz Pe\u00f1a) 11:22.213<\/p>\n<p><strong>2\u00b0)<\/strong>\u00a0(431) Ciro Villalba (Las Piedritas) a 4.024<\/p>\n<p><strong>3\u00b0)<\/strong>\u00a0(404) Franco Melli (Resistencia) a 4.886<\/p>\n<p><strong>4\u00b0)<\/strong>\u00a0(442) Gabriel Medina (Machagai) a 7.300<\/p>\n<p><strong>5\u00b0)<\/strong>\u00a0(461) Rodrigo Barrientos (Villa \u00c1ngela) a 8.699<\/p>\n<p><strong>-Varilleros 190 kg. (14 vueltas):<\/strong><\/p>\n<p><a href=\"https:\/\/www.ecodeportivo.com.ar\/img\/2025\/09\/kart-SP-belizan.jpg\"><img loading=\"lazy\" decoding=\"async\" class=\"alignnone size-full wp-image-50643\" src=\"https:\/\/www.ecodeportivo.com.ar\/img\/2025\/09\/kart-SP-belizan.jpg\" sizes=\"auto, (max-width: 1260px) 100vw, 1260px\" srcset=\"https:\/\/www.ecodeportivo.com.ar\/img\/2025\/09\/kart-SP-belizan.jpg 1260w, https:\/\/www.ecodeportivo.com.ar\/img\/2025\/09\/kart-SP-belizan-300x180.jpg 300w, https:\/\/www.ecodeportivo.com.ar\/img\/2025\/09\/kart-SP-belizan-1024x614.jpg 1024w, https:\/\/www.ecodeportivo.com.ar\/img\/2025\/09\/kart-SP-belizan-768x461.jpg 768w\" alt=\"\" width=\"1260\" height=\"756\" \/><\/a><\/p>\n<p><strong>1\u00b0)<\/strong>\u00a0(549) Yamil Beliz\u00e1n (Gral. Pinedo) 11:28.785<\/p>\n<p><strong>2\u00b0)<\/strong>\u00a0(518) Luciano Carlisi (Charata) a 0.590<\/p>\n<p><strong>3\u00b0)<\/strong>\u00a0(593) Mat\u00edas Mart\u00edn (Machagai) a 0.610<\/p>\n<p><strong>4\u00b0)<\/strong>\u00a0(587) Hugo Ursiny (Villa \u00c1ngela) a 1.508<\/p>\n<p><strong>5\u00b0)<\/strong>\u00a0(502) Franco Strohschein (Villa \u00c1ngela) a 2.673<\/p>\n<p><strong>-Kayak 195 kg. (14 vueltas):<\/strong><\/p>\n<p><a href=\"https:\/\/www.ecodeportivo.com.ar\/img\/2025\/09\/kart-SP-kayak.jpg\"><img loading=\"lazy\" decoding=\"async\" class=\"alignnone size-full wp-image-50645\" src=\"https:\/\/www.ecodeportivo.com.ar\/img\/2025\/09\/kart-SP-kayak.jpg\" sizes=\"auto, (max-width: 1260px) 100vw, 1260px\" srcset=\"https:\/\/www.ecodeportivo.com.ar\/img\/2025\/09\/kart-SP-kayak.jpg 1260w, https:\/\/www.ecodeportivo.com.ar\/img\/2025\/09\/kart-SP-kayak-300x180.jpg 300w, https:\/\/www.ecodeportivo.com.ar\/img\/2025\/09\/kart-SP-kayak-1024x614.jpg 1024w, https:\/\/www.ecodeportivo.com.ar\/img\/2025\/09\/kart-SP-kayak-768x461.jpg 768w\" alt=\"\" width=\"1260\" height=\"756\" \/><\/a><\/p>\n<p><strong>1\u00b0)<\/strong>\u00a0(843) Juan Monferrer (Villa \u00c1ngela) 11:17.992<\/p>\n<p><strong>2\u00b0)<\/strong>\u00a0(867) Germ\u00e1n Villarreal (Pampa del Infierno) a 1.248<\/p>\n<p><strong>3\u00b0)<\/strong>\u00a0(896) Nicol\u00e1s Yvanovich (Charata) a 5.093<\/p>\n<p><strong>4\u00b0)<\/strong>\u00a0(817) Pablo Maurino (Charata) a 9.524<\/p>\n<p><strong>5\u00b0)<\/strong>\u00a0(845) Nicol\u00e1s Parij (S\u00e1enz Pe\u00f1a) a 9.589<\/p>\n<p><strong>-Yamaha (14 vueltas):<\/strong><\/p>\n<p><strong>1\u00b0)<\/strong>\u00a0(19) Carlos Walter (Cnel. Du Graty) 11:11.235<\/p>\n<p><strong>2\u00b0)<\/strong>\u00a0(23) Mat\u00edas Martin (Machagai) a 0.673<\/p>\n<p><strong>3\u00b0)<\/strong>\u00a0(95) Daniel De Arriba (Villa \u00c1ngela) a 25.028<\/p>\n<p><strong>4\u00b0)<\/strong>\u00a0(10) Gonzalo Linke (Cnel. Du Graty) a 37.245<\/p>\n<p><strong>5\u00b0)<\/strong>\u00a0(41) Ger\u00f3nimo Orcola (Resistencia) a 16.244<\/p>\n<p>Fuente Eco Deportivo<\/p>\n<\/div>\n<\/div>\n","protected":false},"excerpt":{"rendered":"<p>Desde la comisi\u00f3n del Campeonato Provincial de Karting en Tierra y de Kart\u00f3dromo S\u00e1enz Pe\u00f1a repudiaron los hechos de violencia que se produjeron en el marco de la quinta fecha que se disput\u00f3 el pasado fin de semana, y que involucr\u00f3 a los pilotos Kevin Walter y Tom\u00e1s Bergallo cuando se disputaba la serie de &hellip;<\/p>\n","protected":false},"author":2,"featured_media":24888,"comment_status":"open","ping_status":"open","sticky":false,"template":"","format":"standard","meta":{"footnotes":""},"categories":[60],"tags":[],"class_list":["post-24886","post","type-post","status-publish","format-standard","has-post-thumbnail","hentry","category-karting"],"_links":{"self":[{"href":"https:\/\/www.sportchaco.com.ar\/index.php?rest_route=\/wp\/v2\/posts\/24886","targetHints":{"allow":["GET"]}}],"collection":[{"href":"https:\/\/www.sportchaco.com.ar\/index.php?rest_route=\/wp\/v2\/posts"}],"about":[{"href":"https:\/\/www.sportchaco.com.ar\/index.php?rest_route=\/wp\/v2\/types\/post"}],"author":[{"embeddable":true,"href":"https:\/\/www.sportchaco.com.ar\/index.php?rest_route=\/wp\/v2\/users\/2"}],"replies":[{"embeddable":true,"href":"https:\/\/www.sportchaco.com.ar\/index.php?rest_route=%2Fwp%2Fv2%2Fcomments&post=24886"}],"version-history":[{"count":2,"href":"https:\/\/www.sportchaco.com.ar\/index.php?rest_route=\/wp\/v2\/posts\/24886\/revisions"}],"predecessor-version":[{"id":24889,"href":"https:\/\/www.sportchaco.com.ar\/index.php?rest_route=\/wp\/v2\/posts\/24886\/revisions\/24889"}],"wp:featuredmedia":[{"embeddable":true,"href":"https:\/\/www.sportchaco.com.ar\/index.php?rest_route=\/wp\/v2\/media\/24888"}],"wp:attachment":[{"href":"https:\/\/www.sportchaco.com.ar\/index.php?rest_route=%2Fwp%2Fv2%2Fmedia&parent=24886"}],"wp:term":[{"taxonomy":"category","embeddable":true,"href":"https:\/\/www.sportchaco.com.ar\/index.php?rest_route=%2Fwp%2Fv2%2Fcategories&post=24886"},{"taxonomy":"post_tag","embeddable":true,"href":"https:\/\/www.sportchaco.com.ar\/index.php?rest_route=%2Fwp%2Fv2%2Ftags&post=24886"}],"curies":[{"name":"wp","href":"https:\/\/api.w.org\/{rel}","templated":true}]}}