{"id":24907,"date":"2025-09-05T10:33:58","date_gmt":"2025-09-05T13:33:58","guid":{"rendered":"https:\/\/www.sportchaco.com.ar\/?p=24907"},"modified":"2025-09-05T12:53:17","modified_gmt":"2025-09-05T15:53:17","slug":"regatas-don-bosco-e-hindu-juegan-de-local","status":"publish","type":"post","link":"https:\/\/www.sportchaco.com.ar\/?p=24907","title":{"rendered":"Regatas, Don Bosco e Hind\u00fa juegan de local"},"content":{"rendered":"<p><strong>05-09-2025<\/strong><\/p>\n<p><img loading=\"lazy\" decoding=\"async\" class=\"aligncenter size-full wp-image-20491\" src=\"https:\/\/www.sportchaco.com.ar\/wp-content\/uploads\/2025\/06\/PARQUE-SOLAR_720x90-01.gif\" alt=\"\" width=\"720\" height=\"90\" \/><\/p>\n<p>El duelo de l\u00edderes e invictos de la Zona \u201cB\u201d que este viernes sostendr\u00e1n Alvear y Uni\u00f3n Progresista, en el cl\u00e1sico de Villa \u00c1ngela, se constituye en la mayor atracci\u00f3n de la cuarta fecha del Torneo Provincial de Mayores \u201cPre Federal 2025\u201d. El otro l\u00edder, Cultural de Santa Sylvina, visitar\u00e1 a Regatas Resistencia.<\/p>\n<p>El certamen organizado por la Federaci\u00f3n Chaque\u00f1a de B\u00e1squetbol se encamina a cumplir una nueva jornada con atrapantes partidos. Sin dudas, que el cl\u00e1sico villangelense entre dos protagonistas excluyentes se lleva toda la atenci\u00f3n.<\/p>\n<div id=\"right-content\" class=\"relative\">\n<div id=\"content-area\" class=\"left relative\">\n<div id=\"feat-img-reg\" class=\"relative\"><img decoding=\"async\" src=\"https:\/\/scontent.fcnq2-2.fna.fbcdn.net\/v\/t39.30808-6\/514253339_1193572499476302_5781842330533950191_n.jpg?_nc_cat=103&amp;ccb=1-7&amp;_nc_sid=127cfc&amp;_nc_eui2=AeHfc4VQc7QaLnQy4abz88W9yazYRFpRYqfJrNhEWlFip1QYx90GB72H_1nCa--97II&amp;_nc_ohc=Z_zBXZi44pwQ7kNvwFVc07q&amp;_nc_oc=AdkXKtznmqFP0lM06QjysPtQ3n8Scq4FqsG81THOJa-2Jf_1WFcUz028luuLJm7rSnM&amp;_nc_zt=23&amp;_nc_ht=scontent.fcnq2-2.fna&amp;_nc_gid=cXmoQprMc0tCTY3f-BnubA&amp;oh=00_AfbpXybeH_BlCYgtmKqAVdF2-CAvDMR7x5J3roQ-PN9Scg&amp;oe=68C0C5EA\" alt=\"Puede ser una imagen de 15 personas, personas jugando al baloncesto, personas jugando al v\u00f3leibol y texto que dice &quot;INGEL\u00c9CTRIC DOSIS ALVFACL FARMACIA DOSIS ALVEAR venida Avenida ANGEJ \u09ae\u09b2\u09be Avenida Avenida GUERIL Avenida H\u03b1 \u1046\u101c\u103b\u1031\u1037 Avenida Avenida ROGUERIA Ivenida Avenida Avenida UGUERIA \u7f8e\u7a76&quot;\" \/><\/div>\n<div id=\"left-content-mobi\">\n<div class=\"author-info-mob-wrap\"><\/div>\n<\/div>\n<div id=\"tps_slideContainer_28454\" class=\"theiaPostSlider_slides\">\n<p>Alvear llega a este compromiso precedido de sendos triunfos ante Juventud (76-55), Hind\u00fa (67-62) y Espa\u00f1ola (94-72); y su rival tambi\u00e9n arriba entonado para afrontar su tercer juego de visitante, por sus festejos frente a Don Orione (81-79), Espa\u00f1ola (88-57) y Juventud (100-58).<\/p>\n<p>La cuarta fecha del tradicional campeonato provincial, que otorga plazas a todos los semifinalistas para la pr\u00f3xima edici\u00f3n del Torneo Federal, tambi\u00e9n incluye para el viernes los cotejos de H\u00e9rcules-Social, Regatas-Cultural y Don Bosco-Acci\u00f3n (Zona \u201cA\u201d); y adem\u00e1s del cl\u00e1sico villangelense se medir\u00e1n Hind\u00fa Juventud, y se completar\u00e1 el s\u00e1bado con Espa\u00f1ola-Don Orione (Zona \u201cB\u201d).<\/p>\n<p><strong>ZONA \u201cA\u201d<br \/>\nViernes 05-09<\/strong><br \/>\nA las 21:30, H\u00e9rcules (Ch) &#8211; Social (LB)<br \/>\n<strong>Jueces:<\/strong> Sebasti\u00e1n Vasallo y Manuel Monjes<br \/>\n<strong>Comisionado t\u00e9cnico:<\/strong> Alejandro Villanueva<\/p>\n<p>A las 21:30, Regatas (R) &#8211; Cultural (SS)<br \/>\n<strong>Jueces:<\/strong> Gustavo Ch\u00e1vez y Mart\u00edn Herraez<br \/>\n<strong>Comisionada t\u00e9cnica:<\/strong> Daniela Kessler<\/p>\n<p>A las 21:30, Don Bosco (R) &#8211; Acci\u00f3n (SP)<br \/>\n<strong>Jueces:<\/strong> Enzo Zamprogno y Juli\u00e1n Ch\u00e1vez<br \/>\n<strong>Comisionada t\u00e9cnica:<\/strong> Cynthia Cardozo<\/p>\n<p><img decoding=\"async\" src=\"https:\/\/baskettotal.com.ar\/wp-content\/uploads\/2025\/08\/PROGREISTA-1000x600.jpg\" \/><\/p>\n<p><strong>ZONA \u201cB\u201d<br \/>\nViernes 05-09<\/strong><br \/>\nA las 21:30, Hind\u00fa (R) &#8211; Juventud VC (R)<br \/>\n<strong>Jueces:<\/strong> Diego Acu\u00f1a y Juan Gonz\u00e1lez<br \/>\n<strong>Comisionada t\u00e9cnica:<\/strong> Sandra Acevedo<\/p>\n<p>A las 22, Alvear (VA) &#8211; Progresista (VA)<br \/>\n<strong>Jueces:<\/strong> Lucas T\u00e9vez y Fabricio Ranea<br \/>\n<strong>Comisionado t\u00e9cnico:<\/strong> Enrique Oliva<\/p>\n<p><strong>S\u00e1bado 06-09<\/strong><br \/>\nA las 21:30, Asoc. Espa\u00f1ola (Ch) &#8211; Don Orione (B)<br \/>\n<strong>Jueces:<\/strong> Iv\u00e1n Huck y Gonzalo Castro<br \/>\n<strong>Comisionada t\u00e9cnica:<\/strong> Alejandra Moreno<\/p>\n<p>&nbsp;<\/p>\n<\/div>\n<p><strong>POSICIONES<\/strong><br \/>\n<strong>Zona A<\/strong><br \/>\nCultural 6<br \/>\nH\u00e9rcules 5<br \/>\nRegatas 5<br \/>\nSocial 4<br \/>\nDon Bosco 4<br \/>\nAcci\u00f3n 3<\/p>\n<p><strong>Zona B<\/strong><br \/>\nAlvear 6<br \/>\nProgresista 6<br \/>\nEspa\u00f1ola 4<br \/>\nHind\u00fa 4<br \/>\nDon Orione 4<br \/>\nJuventud VC 3<\/p>\n<div id=\"tps_slideContainer_28454\" class=\"theiaPostSlider_slides\">\n<p><em><strong>Fuente: Prensa Federaci\u00f3n Chaque\u00f1a de B\u00e1squetbol\u00a0\u00a0<\/strong><\/em><\/p>\n<p><img loading=\"lazy\" decoding=\"async\" class=\"aligncenter size-large wp-image-20149\" src=\"https:\/\/www.sportchaco.com.ar\/wp-content\/uploads\/2025\/06\/Chaco-sin-fuego-1080x1350-3-819x1024.gif\" alt=\"\" width=\"819\" height=\"1024\" srcset=\"https:\/\/www.sportchaco.com.ar\/wp-content\/uploads\/2025\/06\/Chaco-sin-fuego-1080x1350-3-819x1024.gif 819w, https:\/\/www.sportchaco.com.ar\/wp-content\/uploads\/2025\/06\/Chaco-sin-fuego-1080x1350-3-240x300.gif 240w, https:\/\/www.sportchaco.com.ar\/wp-content\/uploads\/2025\/06\/Chaco-sin-fuego-1080x1350-3-768x960.gif 768w, https:\/\/www.sportchaco.com.ar\/wp-content\/uploads\/2025\/06\/Chaco-sin-fuego-1080x1350-3-1229x1536.gif 1229w, https:\/\/www.sportchaco.com.ar\/wp-content\/uploads\/2025\/06\/Chaco-sin-fuego-1080x1350-3-1638x2048.gif 1638w\" sizes=\"auto, (max-width: 819px) 100vw, 819px\" \/><\/p>\n<\/div>\n<\/div>\n<\/div>\n","protected":false},"excerpt":{"rendered":"<p>05-09-2025 El duelo de l\u00edderes e invictos de la Zona \u201cB\u201d que este viernes sostendr\u00e1n Alvear y Uni\u00f3n Progresista, en el cl\u00e1sico de Villa \u00c1ngela, se constituye en la mayor atracci\u00f3n de la cuarta fecha del Torneo Provincial de Mayores \u201cPre Federal 2025\u201d. El otro l\u00edder, Cultural de Santa Sylvina, visitar\u00e1 a Regatas Resistencia. El &hellip;<\/p>\n","protected":false},"author":2,"featured_media":24908,"comment_status":"open","ping_status":"open","sticky":false,"template":"","format":"standard","meta":{"footnotes":""},"categories":[3],"tags":[],"class_list":["post-24907","post","type-post","status-publish","format-standard","has-post-thumbnail","hentry","category-basquetbol"],"_links":{"self":[{"href":"https:\/\/www.sportchaco.com.ar\/index.php?rest_route=\/wp\/v2\/posts\/24907","targetHints":{"allow":["GET"]}}],"collection":[{"href":"https:\/\/www.sportchaco.com.ar\/index.php?rest_route=\/wp\/v2\/posts"}],"about":[{"href":"https:\/\/www.sportchaco.com.ar\/index.php?rest_route=\/wp\/v2\/types\/post"}],"author":[{"embeddable":true,"href":"https:\/\/www.sportchaco.com.ar\/index.php?rest_route=\/wp\/v2\/users\/2"}],"replies":[{"embeddable":true,"href":"https:\/\/www.sportchaco.com.ar\/index.php?rest_route=%2Fwp%2Fv2%2Fcomments&post=24907"}],"version-history":[{"count":6,"href":"https:\/\/www.sportchaco.com.ar\/index.php?rest_route=\/wp\/v2\/posts\/24907\/revisions"}],"predecessor-version":[{"id":24934,"href":"https:\/\/www.sportchaco.com.ar\/index.php?rest_route=\/wp\/v2\/posts\/24907\/revisions\/24934"}],"wp:featuredmedia":[{"embeddable":true,"href":"https:\/\/www.sportchaco.com.ar\/index.php?rest_route=\/wp\/v2\/media\/24908"}],"wp:attachment":[{"href":"https:\/\/www.sportchaco.com.ar\/index.php?rest_route=%2Fwp%2Fv2%2Fmedia&parent=24907"}],"wp:term":[{"taxonomy":"category","embeddable":true,"href":"https:\/\/www.sportchaco.com.ar\/index.php?rest_route=%2Fwp%2Fv2%2Fcategories&post=24907"},{"taxonomy":"post_tag","embeddable":true,"href":"https:\/\/www.sportchaco.com.ar\/index.php?rest_route=%2Fwp%2Fv2%2Ftags&post=24907"}],"curies":[{"name":"wp","href":"https:\/\/api.w.org\/{rel}","templated":true}]}}