{"id":24928,"date":"2025-09-05T12:42:48","date_gmt":"2025-09-05T15:42:48","guid":{"rendered":"https:\/\/www.sportchaco.com.ar\/?p=24928"},"modified":"2025-09-05T18:54:54","modified_gmt":"2025-09-05T21:54:54","slug":"el-emotivo-saludo-de-charly-garcia-a-lionel-messi-tras-el-partido-de-la-seleccion","status":"publish","type":"post","link":"https:\/\/www.sportchaco.com.ar\/?p=24928","title":{"rendered":"El emotivo saludo de Charly Garc\u00eda a Lionel Messi, tras el partido de la Selecci\u00f3n"},"content":{"rendered":"<div class=\"section-2-col article-header\">\n<div class=\"col 2-col\">\n<h2 class=\"h4 ff-16px-w700\">El emotivo saludo de Charly Garc\u00eda a Lionel Messi, tras el partido de la Selecci\u00f3n: \u00abDios te bendiga\u00bb. El cantante asisti\u00f3 al Monumental para el partido de las Eliminatorias y del \u00eddolo de la selecci\u00f3n argentina en nuestro pa\u00eds. Aprovech\u00f3 el momento para saludar al capit\u00e1n y fotografiarse con el equipo albiceleste.<\/h2>\n<div class=\"author\">\n<div class=\"author-inner\"><\/div>\n<\/div>\n<\/div>\n<\/div>\n<div class=\"section-2-col article-main-image\">\n<div class=\"col 1-col hide-on-mobile\">\n<div class=\"article-info \">\n<div class=\"sidebar-separator\"><\/div>\n<p>&nbsp;<\/p>\n<\/div>\n<\/div>\n<div class=\"col 2-col\">\n<div class=\"article-main-media-image__container\">\n<div class=\"image-wrapper\">\n<figure><picture><source srcset=\"https:\/\/images.pagina12.com.ar\/styles\/focal_3_2_700x467\/public\/2025-09\/969278-messi-20y-20charly.jpg?h=3dbd9eac&amp;itok=56sAelcp\" media=\"(width &gt; 768px)\" \/><source srcset=\"https:\/\/images.pagina12.com.ar\/styles\/focal_3_2_470x313\/public\/2025-09\/969278-messi-20y-20charly.jpg?h=3dbd9eac&amp;itok=kw-aiRoR\" media=\"(width &lt;= 768px)\" \/><img decoding=\"async\" class=\" image\" src=\"https:\/\/images.pagina12.com.ar\/styles\/focal_3_2_470x313\/public\/2025-09\/969278-messi-20y-20charly.jpg?h=3dbd9eac&amp;itok=kw-aiRoR\" alt=\"Charly Garc\u00eda salud\u00f3 a Lionel Messi y se fotografi\u00f3 con el plantel de la selecci\u00f3n argentina\" \/><\/picture><figcaption>Charly Garc\u00eda salud\u00f3 a Lionel Messi y se fotografi\u00f3 con el plantel de la selecci\u00f3n argentina. Imagen: Redes sociales<\/figcaption><\/figure>\n<\/div>\n<\/div>\n<\/div>\n<\/div>\n<div class=\"section-2-col article-main-content\">\n<div class=\"col 1-col cxense-articles\"><\/div>\n<div class=\"col 2-col\">\n<div class=\"article-main-content article-text \">\n<p>El pa\u00eds se conmocion\u00f3 por las fotos y videos que circulan por las redes sociales desde la noche del jueves del encuentro en el estadio de River entre el legendario\u00a0<b>Charly Garc\u00eda<\/b>\u00a0y el astro del f\u00fatbol rosarino\u00a0<b>Lionel Messi<\/b>. Adem\u00e1s, el artista de 73 a\u00f1os aprovech\u00f3 la ocasi\u00f3n y\u00a0<b>salud\u00f3 al resto del plantel de la selecci\u00f3n argentina<\/b>, que <span style=\"color: #000000;\">esa noche\u00a0<a style=\"color: #000000;\" href=\"https:\/\/www.pagina12.com.ar\/855162-la-obra-de-arte-de-messi-para-abrir-el-marcador\">gole\u00f3 a Venezuela por 3 a 0<\/a>.<\/span><\/p>\n<div id=\"talkFireEvent\"><\/div>\n<p>El \u00faltimo partido de Messi como parte de la Albiceleste en nuestro pa\u00eds por la pen\u00faltima jornada de la clasificaci\u00f3n al Mundial 2026 motiv\u00f3 la presencia del autor de\u00a0<i>Peperina\u00a0<\/i>en el estadio Monumental. Garc\u00eda, quien por su salud no realiza muchas apariciones en eventos masivos,\u00a0<b>decidi\u00f3 alentar al capit\u00e1n campe\u00f3n del\u00a0Mundial de Qatar y del bicampeonato de Am\u00e9rica\u00a0desde una de las plateas preferenciales del estadio<\/b>.<\/p>\n<div id=\"ad-slot-video_inread\" class=\"ad-slot-video_inread ad-slot\" data-adtype=\"video_inread\" data-google-query-id=\"CN6h8-T5wY8DFcdXuAQdtVwoow\">\n<div id=\"google_ads_iframe_\/349353471\/p12\/nota_video_inread_0__container__\"><\/div>\n<\/div>\n<div class=\"slot-available\"><\/div>\n<div class=\"iframely-embed medium-embedded-content\" data-html=\"Jmx0O2RpdiZndDsmbHQ7ZGl2IHN0eWxlPSJsZWZ0OiAwOyB3aWR0aDogMTAwJTsgaGVpZ2h0OiAwOyBwb3NpdGlvbjogcmVsYXRpdmU7IHBhZGRpbmctYm90dG9tOiA1Ni4wNDE3JTsiJmd0OyZsdDtpZnJhbWUgc3JjPSJodHRwczovL2lmcmFtZWx5LnBhZ2luYTEyLmNvbS5hci9hcGkvaWZyYW1lP2NsaWNrX3RvX3BsYXk9MSZhbXA7dXJsPWh0dHBzJTNBJTJGJTJGZ2VvLmRhaWx5bW90aW9uLmNvbSUyRnBsYXllciUyRnh0NWVlLmh0bWwlM0Z2aWRlbyUzRHg5cTF3ZWEmYW1wO2tleT00Njc2YjVmZGMwODMyNTdlYTg3ZjcxNjA4Yzc0ZTlmZSIgc3R5bGU9InRvcDogMDsgbGVmdDogMDsgd2lkdGg6IDEwMCU7IGhlaWdodDogMTAwJTsgcG9zaXRpb246IGFic29sdXRlOyBib3JkZXI6IDA7IiBhbGxvd2Z1bGxzY3JlZW4gc2Nyb2xsaW5nPSJubyIgYWxsb3c9ImVuY3J5cHRlZC1tZWRpYSAqOyImZ3Q7Jmx0Oy9pZnJhbWUmZ3Q7Jmx0Oy9kaXYmZ3Q7Jmx0Oy9kaXYmZ3Q7Jmx0O2RpdiBjbGFzcz0ibWVkaXVtLWluc2VydC1lbWJlZHMtbWV0YSImZ3Q7Jmx0O3NjcmlwdCB0eXBlPSJ0ZXh0L2pzb24iJmd0O3sidXJsIjoiaHR0cHM6Ly9nZW8uZGFpbHltb3Rpb24uY29tL3BsYXllci94dDVlZS5odG1sP3ZpZGVvPXg5cTF3ZWEiLCJ0eXBlIjoidmlkZW8iLCJ2ZXJzaW9uIjoiMS4wIiwidGl0bGUiOiJDaGFybHkgR2FyY8OtYSBmdWUgYSB2ZXIgYSBMaW9uZWwgTWVzc2kgZW4gc3Ugw7psdGltbyBwYXJ0aWRvIG9maWNpYWwgY29uIGxhIFNlbGVjY2nDs24gZW4gQXJnZW50aW5hIiwiYXV0aG9yIjoiUMOhZ2luYTEyIiwiYXV0aG9yX3VybCI6Imh0dHBzOi8vd3d3LmRhaWx5bW90aW9uLmNvbS9QYWdpbmExMiIsInByb3ZpZGVyX25hbWUiOiJEYWlseW1vdGlvbiIsImRlc2NyaXB0aW9uIjoiVmVyIENoYXJseSBHYXJjw61hIGZ1ZSBhIHZlciBhIExpb25lbCBNZXNzaSBlbiBzdSDDumx0aW1vIHBhcnRpZG8gb2ZpY2lhbCBjb24gbGEgU2VsZWNjacOzbiBlbiBBcmdlbnRpbmEgLSBQw6FnaW5hMTIgZW4gRGFpbHltb3Rpb24iLCJ0aHVtYm5haWxfdXJsIjoiaHR0cHM6Ly9zMi5kbWNkbi5uZXQvdi9aMnRYMjFla2s1N01wa0NIZC94NzIwIiwidGh1bWJuYWlsX3dpZHRoIjoxMjgwLCJ0aHVtYm5haWxfaGVpZ2h0Ijo3MjAsImNhY2hlX2FnZSI6ODY0MDB9Jmx0Oy9zY3JpcHQmZ3Q7Jmx0Oy9kaXYmZ3Q7\">\n<div class=\"iframely-embed\">\n<div class=\"iframely-responsive\"><iframe src=\"https:\/\/iframely.pagina12.com.ar\/api\/iframe?url=https%3A%2F%2Fgeo.dailymotion.com%2Fplayer%2Fxt5ee.html%3Fvideo%3Dx9q1wea&amp;v=1&amp;app=1&amp;key=4676b5fdc083257ea87f71608c74e9fe&amp;playerjs=1\" scrolling=\"no\" allowfullscreen=\"allowfullscreen\" data-mce-fragment=\"1\"><\/iframe><\/div>\n<\/div>\n<\/div>\n<p>Las primeras\u00a0<b>im\u00e1genes que circularon<\/b>\u00a0durante esa noche en las redes del m\u00fasico\u00a0<b>viendo jugar al conjunto de Lionel Scaloni<\/b>\u00a0provocaron una fuerte emoci\u00f3n en los fans. Y todav\u00eda faltaba lo mejor.<\/p>\n<p>Una vez finalizado el encuentro entre Argentina-Venezuela, con una gran y emotiva ovaci\u00f3na Messi,\u00a0<b>Charly Garc\u00eda fue invitado a ingresar al vestuario de los jugadores para conocer al \u00eddolo del f\u00fatbol\u00a0<\/b>y al gran plantel que lo acompa\u00f1\u00f3 en sus momentos de gloria.\u00a0El tres veces ganador del Premio Gardel de Oro estuvo acompa\u00f1ado por un asistente, ya que se moviliza en silla de ruedas.<\/p>\n<div class=\"medium-insert-embeds\">\n<figure>\n<div class=\"medium-insert-embed\">\n<div align=\"center\">\n<figure class=\"caption caption-drupal-entity\" role=\"group\">\n<div class=\"embedded-entity\" data-embed-button=\"media_image_button\" data-entity-embed-display=\"view_mode:media.single_media_image_460\" data-entity-type=\"media\" data-entity-uuid=\"3acec9ab-a906-4104-9354-e177f37bb14d\" data-langcode=\"es\" data-entity-embed-display-settings=\"[]\">\n<article class=\"media media--type-image media--view-mode-single-media-image-460\">\n<div class=\"field field--name-field-media-image field--type-image field--label-hidden field__item\"><img loading=\"lazy\" decoding=\"async\" class=\"image-style-width960\" src=\"https:\/\/images.pagina12.com.ar\/styles\/width960\/public\/2025-09\/969278-charly-20garcia-20y-20messi.jpeg?itok=DPdyUEAE\" width=\"960\" height=\"640\" \/><\/div>\n<\/article>\n<\/div><figcaption>Charly Garc\u00eda entro al vestuario de la selecci\u00f3n y se fotografi\u00f3 con Messi, De Paul y Tapia. (Imagen: Redes sociales)<\/figcaption><\/figure>\n<\/div>\n<\/div>\n<\/figure>\n<div class=\"medium-insert-embeds-overlay\"><\/div>\n<\/div>\n<div class=\"slot-available\"><\/div>\n<p>El encuentro fue a puertas cerradas y no trascendi\u00f3 qu\u00e9 palabras se dirigieron ambas estrellas argentinas. Lo que s\u00ed se conoci\u00f3 despu\u00e9s, por suerte, fue<b>\u00a0la foto que se sacaron Messi y Charly Garc\u00eda<\/b>\u00a0con el titular de la AFA,\u00a0<b>Claudio \u00abChiqui\u00bb Tapia<\/b>, y los medio campistas\u00a0<b>Rodrigo De Paul\u00a0<\/b>y\u00a0<b>Alexis Mac Allister<\/b>.<\/p>\n<div class=\"medium-insert-embeds\">\n<figure>\n<div class=\"medium-insert-embed\">\n<div align=\"center\">\n<figure class=\"caption caption-drupal-entity\" role=\"group\">\n<div class=\"embedded-entity\" data-embed-button=\"media_image_button\" data-entity-embed-display=\"view_mode:media.single_media_image_460\" data-entity-type=\"media\" data-entity-uuid=\"98492940-33dd-48a0-88ce-b7ad0d5bdc64\" data-langcode=\"es\" data-entity-embed-display-settings=\"[]\">\n<article class=\"media media--type-image media--view-mode-single-media-image-460\">\n<div class=\"field field--name-field-media-image field--type-image field--label-hidden field__item\"><img loading=\"lazy\" decoding=\"async\" class=\"image-style-width960\" src=\"https:\/\/images.pagina12.com.ar\/styles\/width960\/public\/2025-09\/969278-2-20-282-29.jpg?itok=qFE1PqE_\" width=\"960\" height=\"1200\" \/><\/div>\n<\/article>\n<\/div><figcaption>El m\u00fasico se fotografi\u00f3 con Lionel Messi despu\u00e9s del partido de la selecci\u00f3n contra Venezuela. (Imagen: Redes sociales)<\/figcaption><\/figure>\n<\/div>\n<\/div>\n<\/figure>\n<div class=\"medium-insert-embeds-overlay\"><\/div>\n<\/div>\n<p>Asimismo, seg\u00fan se conoci\u00f3 momentos despu\u00e9s por un video que se viraliz\u00f3, el ex Sui G\u00e9neris y Ser\u00fa Gir\u00e1n incluso lo esper\u00f3 a la salida del Monumental para poder saludarlo de cerca.<\/p>\n<div class=\"slot-available\"><\/div>\n<p>Cuando Messi se retiraba en auto junto a su esposa Antonela Roccuzzo, el m\u00fasico le estrech\u00f3 la mano al rosarino. Por su parte, el futbolista no dud\u00f3 en parar el auto para responder al gesto y estrecharle su mano. \u00ab<b>Que Dios te bendiga<\/b>\u00ab, le dijo el m\u00fasico al \u00ab10\u00bb.<\/p>\n<div class=\"medium-insert-embeds\">\n<figure>\n<div class=\"medium-insert-embed\">\n<div align=\"center\">\n<figure class=\"caption caption-drupal-entity\" role=\"group\">\n<div class=\"embedded-entity\" data-embed-button=\"media_image_button\" data-entity-embed-display=\"view_mode:media.single_media_image_460\" data-entity-type=\"media\" data-entity-uuid=\"79491636-08db-463d-ab97-49d8a06da5e9\" data-langcode=\"es\" data-entity-embed-display-settings=\"[]\">\n<article class=\"media media--type-image media--view-mode-single-media-image-460\">\n<div class=\"field field--name-field-media-image field--type-image field--label-hidden field__item\"><img loading=\"lazy\" decoding=\"async\" class=\"image-style-width960\" src=\"https:\/\/images.pagina12.com.ar\/styles\/width960\/public\/2025-09\/969278-1-20-282-29.jpg?itok=o7lemQSB\" width=\"960\" height=\"1200\" \/><\/div>\n<\/article>\n<\/div><figcaption>El saludo de Lionel Messi y Charly Garc\u00eda posterior al partido de la selecci\u00f3n con Venezuela. (Imagen: Redes sociales)<\/figcaption><\/figure>\n<\/div>\n<\/div><figcaption class=\"\"><\/figcaption><\/figure>\n<div class=\"medium-insert-embeds-overlay\"><\/div>\n<\/div>\n<p>Este viernes, en tanto, Garc\u00eda subi\u00f3 dos nuevas im\u00e1genes con el capit\u00e1n del seleccionado argentino con un \u00abGracias\u00bb en la descripci\u00f3n. Fuente P\u00e1gina 12<\/p>\n<\/div>\n<\/div>\n<\/div>\n","protected":false},"excerpt":{"rendered":"<p>El emotivo saludo de Charly Garc\u00eda a Lionel Messi, tras el partido de la Selecci\u00f3n: \u00abDios te bendiga\u00bb. El cantante asisti\u00f3 al Monumental para el partido de las Eliminatorias y del \u00eddolo de la selecci\u00f3n argentina en nuestro pa\u00eds. Aprovech\u00f3 el momento para saludar al capit\u00e1n y fotografiarse con el equipo albiceleste. &nbsp; Charly Garc\u00eda &hellip;<\/p>\n","protected":false},"author":2,"featured_media":24931,"comment_status":"open","ping_status":"open","sticky":false,"template":"","format":"standard","meta":{"footnotes":""},"categories":[44],"tags":[],"class_list":["post-24928","post","type-post","status-publish","format-standard","has-post-thumbnail","hentry","category-varios"],"_links":{"self":[{"href":"https:\/\/www.sportchaco.com.ar\/index.php?rest_route=\/wp\/v2\/posts\/24928","targetHints":{"allow":["GET"]}}],"collection":[{"href":"https:\/\/www.sportchaco.com.ar\/index.php?rest_route=\/wp\/v2\/posts"}],"about":[{"href":"https:\/\/www.sportchaco.com.ar\/index.php?rest_route=\/wp\/v2\/types\/post"}],"author":[{"embeddable":true,"href":"https:\/\/www.sportchaco.com.ar\/index.php?rest_route=\/wp\/v2\/users\/2"}],"replies":[{"embeddable":true,"href":"https:\/\/www.sportchaco.com.ar\/index.php?rest_route=%2Fwp%2Fv2%2Fcomments&post=24928"}],"version-history":[{"count":3,"href":"https:\/\/www.sportchaco.com.ar\/index.php?rest_route=\/wp\/v2\/posts\/24928\/revisions"}],"predecessor-version":[{"id":24933,"href":"https:\/\/www.sportchaco.com.ar\/index.php?rest_route=\/wp\/v2\/posts\/24928\/revisions\/24933"}],"wp:featuredmedia":[{"embeddable":true,"href":"https:\/\/www.sportchaco.com.ar\/index.php?rest_route=\/wp\/v2\/media\/24931"}],"wp:attachment":[{"href":"https:\/\/www.sportchaco.com.ar\/index.php?rest_route=%2Fwp%2Fv2%2Fmedia&parent=24928"}],"wp:term":[{"taxonomy":"category","embeddable":true,"href":"https:\/\/www.sportchaco.com.ar\/index.php?rest_route=%2Fwp%2Fv2%2Fcategories&post=24928"},{"taxonomy":"post_tag","embeddable":true,"href":"https:\/\/www.sportchaco.com.ar\/index.php?rest_route=%2Fwp%2Fv2%2Ftags&post=24928"}],"curies":[{"name":"wp","href":"https:\/\/api.w.org\/{rel}","templated":true}]}}