{"id":24943,"date":"2025-09-05T23:38:00","date_gmt":"2025-09-06T02:38:00","guid":{"rendered":"https:\/\/www.sportchaco.com.ar\/?p=24943"},"modified":"2025-09-05T23:37:18","modified_gmt":"2025-09-06T02:37:18","slug":"efemerides-del-6-de-septiembre-2","status":"publish","type":"post","link":"https:\/\/www.sportchaco.com.ar\/?p=24943","title":{"rendered":"Efem\u00e9rides del 6 de septiembre"},"content":{"rendered":"<div class=\"container fullwidth-entry-title-wrapper\">\n<div class=\"container-wrapper fullwidth-entry-title\">\n<header class=\"entry-header-outer\">\n<div class=\"entry-header\">\n<div class=\"single-post-meta post-meta clearfix\"><\/div>\n<\/div>\n<\/header>\n<\/div>\n<\/div>\n<div id=\"content\" class=\"site-content container\">\n<div id=\"main-content-row\" class=\"tie-row main-content-row\">\n<div class=\"main-content tie-col-md-8 tie-col-xs-12\" role=\"main\">\n<article id=\"the-post\" class=\"container-wrapper post-content tie-standard\">\n<div class=\"featured-area\">\n<div class=\"featured-area-inner\"><\/div>\n<\/div>\n<div class=\"entry-content entry clearfix\">\n<h5><strong>\u00abEfem\u00e9rides\u00bb de un d\u00eda como hoy 6 de septiembre, del libro \u00ab100 a\u00f1os de historia del deporte en el Chaco\u00bb, del periodista Luis Dar\u00edo Molodezky.<\/strong><\/h5>\n<p style=\"text-align: center;\"><img loading=\"lazy\" decoding=\"async\" class=\"alignnone size-medium wp-image-24837\" src=\"https:\/\/www.sportchaco.com.ar\/wp-content\/uploads\/2025\/09\/Luis-Dario-11-08-2025-3-e1756949304150-300x242.jpeg\" alt=\"\" width=\"300\" height=\"242\" srcset=\"https:\/\/www.sportchaco.com.ar\/wp-content\/uploads\/2025\/09\/Luis-Dario-11-08-2025-3-e1756949304150-300x242.jpeg 300w, https:\/\/www.sportchaco.com.ar\/wp-content\/uploads\/2025\/09\/Luis-Dario-11-08-2025-3-e1756949304150-1024x825.jpeg 1024w, https:\/\/www.sportchaco.com.ar\/wp-content\/uploads\/2025\/09\/Luis-Dario-11-08-2025-3-e1756949304150-768x619.jpeg 768w, https:\/\/www.sportchaco.com.ar\/wp-content\/uploads\/2025\/09\/Luis-Dario-11-08-2025-3-e1756949304150.jpeg 1204w\" sizes=\"auto, (max-width: 300px) 100vw, 300px\" \/><\/p>\n<p>&nbsp;<\/p>\n<p><strong>1984\u00a0<\/strong>\/ La Escuela Secundaria N\u00ba 1 Domingo F. Sarmiento se consagra campe\u00f3n provincial intercolegial de b\u00e1squetbol, al vencer en la final a Colegio Nacional de Resistencia 73 a 69. El campe\u00f3n estuvo integrado por G. Figueroa, F. Carabajal, \u00a0Dom\u00ednguez, G. P\u00e9rtile, G. Toloza, Ariel G\u00f3mez, Omar Pozzi, y Fabi\u00e1n P\u00e9rtile. DT: A. \u00c1lvarez.<\/p>\n<p><strong>1986\u00a0<\/strong>\/ Ra\u00fal Alaio gana la Marat\u00f3n Adidas que se disputa en Corrientes sobre 25 mil metros con 1h 26\u201905\u201d, 2) Jorge Sosa de Formosa y 3) Daniel Arrieta de C\u00f3rdoba. (Foto portada)<\/p>\n<p><strong>1999\u00a0<\/strong>\/ Defensores de Vilelas logra hacer realidad la iluminaci\u00f3n y la construcci\u00f3n del play\u00f3n deportivo. Es presidente Ernesto Sampayo, vice Ricardo Spesotto, secretario Jos\u00e9 Luis Rodr\u00edguez.<\/p>\n<p>&nbsp;<\/p>\n<\/div>\n<\/article>\n<\/div>\n<\/div>\n<\/div>\n","protected":false},"excerpt":{"rendered":"<p>\u00abEfem\u00e9rides\u00bb de un d\u00eda como hoy 6 de septiembre, del libro \u00ab100 a\u00f1os de historia del deporte en el Chaco\u00bb, del periodista Luis Dar\u00edo Molodezky. &nbsp; 1984\u00a0\/ La Escuela Secundaria N\u00ba 1 Domingo F. Sarmiento se consagra campe\u00f3n provincial intercolegial de b\u00e1squetbol, al vencer en la final a Colegio Nacional de Resistencia 73 a 69. &hellip;<\/p>\n","protected":false},"author":2,"featured_media":24944,"comment_status":"open","ping_status":"open","sticky":false,"template":"","format":"standard","meta":{"footnotes":""},"categories":[45,39],"tags":[],"class_list":["post-24943","post","type-post","status-publish","format-standard","has-post-thumbnail","hentry","category-efemerides-dia-por-dia","category-septiembre"],"_links":{"self":[{"href":"https:\/\/www.sportchaco.com.ar\/index.php?rest_route=\/wp\/v2\/posts\/24943","targetHints":{"allow":["GET"]}}],"collection":[{"href":"https:\/\/www.sportchaco.com.ar\/index.php?rest_route=\/wp\/v2\/posts"}],"about":[{"href":"https:\/\/www.sportchaco.com.ar\/index.php?rest_route=\/wp\/v2\/types\/post"}],"author":[{"embeddable":true,"href":"https:\/\/www.sportchaco.com.ar\/index.php?rest_route=\/wp\/v2\/users\/2"}],"replies":[{"embeddable":true,"href":"https:\/\/www.sportchaco.com.ar\/index.php?rest_route=%2Fwp%2Fv2%2Fcomments&post=24943"}],"version-history":[{"count":2,"href":"https:\/\/www.sportchaco.com.ar\/index.php?rest_route=\/wp\/v2\/posts\/24943\/revisions"}],"predecessor-version":[{"id":24946,"href":"https:\/\/www.sportchaco.com.ar\/index.php?rest_route=\/wp\/v2\/posts\/24943\/revisions\/24946"}],"wp:featuredmedia":[{"embeddable":true,"href":"https:\/\/www.sportchaco.com.ar\/index.php?rest_route=\/wp\/v2\/media\/24944"}],"wp:attachment":[{"href":"https:\/\/www.sportchaco.com.ar\/index.php?rest_route=%2Fwp%2Fv2%2Fmedia&parent=24943"}],"wp:term":[{"taxonomy":"category","embeddable":true,"href":"https:\/\/www.sportchaco.com.ar\/index.php?rest_route=%2Fwp%2Fv2%2Fcategories&post=24943"},{"taxonomy":"post_tag","embeddable":true,"href":"https:\/\/www.sportchaco.com.ar\/index.php?rest_route=%2Fwp%2Fv2%2Ftags&post=24943"}],"curies":[{"name":"wp","href":"https:\/\/api.w.org\/{rel}","templated":true}]}}