{"id":24953,"date":"2025-09-05T23:29:13","date_gmt":"2025-09-06T02:29:13","guid":{"rendered":"https:\/\/www.sportchaco.com.ar\/?p=24953"},"modified":"2025-09-05T23:42:44","modified_gmt":"2025-09-06T02:42:44","slug":"durisimo-comunicado-de-independiente-contra-el-presidente-de-conmebol-alejandro-dominguez","status":"publish","type":"post","link":"https:\/\/www.sportchaco.com.ar\/?p=24953","title":{"rendered":"Dur\u00edsimo comunicado de Independiente contra el presidente de Conmebol Alejandro Dom\u00ednguez"},"content":{"rendered":"<div class=\"section-2-col article-header\">\n<div class=\"col 2-col\">\n<h5 class=\"h4 ff-16px-w700\">Tras la descalificaci\u00f3n de la Copa Sudamericana Firmado por el presidente N\u00e9stor Grindetti, el texto publicado por el Rojo apunta directamente contra el mandam\u00e1s del f\u00fatbol sudamericano y tiene un par de exigencias curiosas en cuanto al Museo de la Conmebol.<\/h5>\n<div class=\"author\">\n<div class=\"author-inner\"><\/div>\n<\/div>\n<\/div>\n<\/div>\n<div class=\"section-2-col article-main-image\">\n<div class=\"col 1-col hide-on-mobile\">\n<div class=\"article-info \">\n<div class=\"sidebar-separator\">\n<div class=\"date modification-date ff-14px\"><time datetime=\"2025-09-05T19:49:42-03:00\">5-08-2025\u00a0<\/time><\/div>\n<\/div>\n<\/div>\n<\/div>\n<div class=\"col 2-col\">\n<div class=\"article-main-media-image__container\">\n<div class=\"image-wrapper\">\n<figure><figcaption><img loading=\"lazy\" decoding=\"async\" class=\"alignnone size-medium wp-image-24955\" src=\"https:\/\/www.sportchaco.com.ar\/wp-content\/uploads\/2025\/09\/969381-ind-20-20conmebol-1-300x200.png\" alt=\"\" width=\"300\" height=\"200\" srcset=\"https:\/\/www.sportchaco.com.ar\/wp-content\/uploads\/2025\/09\/969381-ind-20-20conmebol-1-300x200.png 300w, https:\/\/www.sportchaco.com.ar\/wp-content\/uploads\/2025\/09\/969381-ind-20-20conmebol-1.png 700w\" sizes=\"auto, (max-width: 300px) 100vw, 300px\" \/><br \/>\nFoto portada: Alejandro Dom\u00ednguez y N\u00e9stor Grindetti.. Imagen: Redes sociales<\/p>\n<\/figcaption><\/figure>\n<\/div>\n<\/div>\n<\/div>\n<\/div>\n<div class=\"section-2-col article-main-content\">\n<div class=\"col 1-col cxense-articles\"><\/div>\n<div class=\"col 2-col\">\n<div class=\"article-main-content article-text \">\n<p>Los dirigentes de\u00a0<b>Independiente pusieron el grito en el cielo<\/b>\u00a0-o en el infierno, en este caso- tras el fallo de la\u00a0<b>Conmebol\u00a0<\/b>que\u00a0<a href=\"https:\/\/www.pagina12.com.ar\/855147-independiente-fue-descalificado-de-la-copa-sudamericana\">elimin\u00f3 al Rojo de la Copa Sudamericana<\/a>\u00a0por los grav\u00edsimos incidentes en el partido contra la Universidad de Chile en Avellaneda. Con la firma de su presidente,\u00a0<b>N\u00e9stor Grindetti<\/b>, y su secretario general, Daniel Seoane, el club lanz\u00f3 una carta este viernes en sus redes sociales donde<b>\u00a0apunta con nombre y apellido contra el mandam\u00e1s del ente que regula el f\u00fatbol sudamericano, el paraguayo Alejandro Dom\u00ednguez,<\/b>\u00a0y en el que exige que se elimine toda referencia roja en el\u00a0<b>Museo de la Conmebol\u00a0<\/b>y la restituci\u00f3n de diversas reliquias donadas al mismo.<\/p>\n<ul>\n<li><b><u><a href=\"https:\/\/www.pagina12.com.ar\/855295-asi-quedo-la-tabla-de-posiciones-de-las-eliminatorias-sudame\">As\u00ed qued\u00f3 la tabla de posiciones de las Eliminatorias Sudamericanas tras la goleada de Argentina vs Venezuela<\/a><\/u><\/b><\/li>\n<\/ul>\n<ul>\n<li><b><u><a href=\"https:\/\/www.pagina12.com.ar\/855285-venezuela-vs-bolivia-en-busca-del-repechaje-que-necesita-cad\">Venezuela vs Bolivia en busca del Repechaje: qu\u00e9 necesita cada uno para mantener vivo su sue\u00f1o de ir al Mundial 2026<\/a><\/u><\/b><\/li>\n<\/ul>\n<div id=\"talkFireEvent\"><\/div>\n<div class=\"slot-available\"><\/div>\n<p>Aunque en Independiente se esperaba un fallo adverso ya que ofici\u00f3 de local en el partido del esc\u00e1ndalo,\u00a0<b>la clasificaci\u00f3n de Universidad de Chile a cuartos de final pareci\u00f3 ser la causante de la ira<\/b>. Al menos, de esta manera se explica en el comunicado:<b>\u00a0\u00abEsta resoluci\u00f3n no es un error jur\u00eddico de un tribunal: es una decisi\u00f3n pol\u00edtica que desnuda la preferencia por aquellas estructuras privadas<\/b>\u00a0con las que resulta m\u00e1s sencillo proyectar convenios, negocios y beneficios futuros\u00bb.<\/p>\n<p>De acuerdo a Grindetti y compa\u00f1\u00eda,\u00a0<b>la Conmebol benefici\u00f3 a la U de Chile por ser una \u00absociedad an\u00f3nima orientada a la rentabilidad y la especulaci\u00f3n empresarial\u00bb<\/b>, en contraste con Independiente, \u00abuna instituci\u00f3n social y deportiva sostenida por sus socios que representa la esencia del f\u00fatbol sudamericano\u00bb.<\/p>\n<\/div>\n<\/div>\n<\/div>\n","protected":false},"excerpt":{"rendered":"<p>Tras la descalificaci\u00f3n de la Copa Sudamericana Firmado por el presidente N\u00e9stor Grindetti, el texto publicado por el Rojo apunta directamente contra el mandam\u00e1s del f\u00fatbol sudamericano y tiene un par de exigencias curiosas en cuanto al Museo de la Conmebol. 5-08-2025\u00a0 Foto portada: Alejandro Dom\u00ednguez y N\u00e9stor Grindetti.. Imagen: Redes sociales Los dirigentes de\u00a0Independiente &hellip;<\/p>\n","protected":false},"author":2,"featured_media":24954,"comment_status":"open","ping_status":"open","sticky":false,"template":"","format":"standard","meta":{"footnotes":""},"categories":[44],"tags":[],"class_list":["post-24953","post","type-post","status-publish","format-standard","has-post-thumbnail","hentry","category-varios"],"_links":{"self":[{"href":"https:\/\/www.sportchaco.com.ar\/index.php?rest_route=\/wp\/v2\/posts\/24953","targetHints":{"allow":["GET"]}}],"collection":[{"href":"https:\/\/www.sportchaco.com.ar\/index.php?rest_route=\/wp\/v2\/posts"}],"about":[{"href":"https:\/\/www.sportchaco.com.ar\/index.php?rest_route=\/wp\/v2\/types\/post"}],"author":[{"embeddable":true,"href":"https:\/\/www.sportchaco.com.ar\/index.php?rest_route=\/wp\/v2\/users\/2"}],"replies":[{"embeddable":true,"href":"https:\/\/www.sportchaco.com.ar\/index.php?rest_route=%2Fwp%2Fv2%2Fcomments&post=24953"}],"version-history":[{"count":2,"href":"https:\/\/www.sportchaco.com.ar\/index.php?rest_route=\/wp\/v2\/posts\/24953\/revisions"}],"predecessor-version":[{"id":24962,"href":"https:\/\/www.sportchaco.com.ar\/index.php?rest_route=\/wp\/v2\/posts\/24953\/revisions\/24962"}],"wp:featuredmedia":[{"embeddable":true,"href":"https:\/\/www.sportchaco.com.ar\/index.php?rest_route=\/wp\/v2\/media\/24954"}],"wp:attachment":[{"href":"https:\/\/www.sportchaco.com.ar\/index.php?rest_route=%2Fwp%2Fv2%2Fmedia&parent=24953"}],"wp:term":[{"taxonomy":"category","embeddable":true,"href":"https:\/\/www.sportchaco.com.ar\/index.php?rest_route=%2Fwp%2Fv2%2Fcategories&post=24953"},{"taxonomy":"post_tag","embeddable":true,"href":"https:\/\/www.sportchaco.com.ar\/index.php?rest_route=%2Fwp%2Fv2%2Ftags&post=24953"}],"curies":[{"name":"wp","href":"https:\/\/api.w.org\/{rel}","templated":true}]}}