{"id":24971,"date":"2025-09-06T11:25:58","date_gmt":"2025-09-06T14:25:58","guid":{"rendered":"https:\/\/www.sportchaco.com.ar\/?p=24971"},"modified":"2025-09-06T18:27:27","modified_gmt":"2025-09-06T21:27:27","slug":"el-zonal-vuelve-a-probar-en-charata","status":"publish","type":"post","link":"https:\/\/www.sportchaco.com.ar\/?p=24971","title":{"rendered":"El zonal vuelve a probar en Charata"},"content":{"rendered":"<section class=\"body\">\n<section class=\"content\">\n<div class=\"main-text\">\n<div class=\" large m_image\" style=\"text-align: left;\">\n<figure><figcaption><img loading=\"lazy\" decoding=\"async\" class=\"aligncenter size-full wp-image-20491\" src=\"https:\/\/www.sportchaco.com.ar\/wp-content\/uploads\/2025\/06\/PARQUE-SOLAR_720x90-01.gif\" alt=\"\" width=\"720\" height=\"90\" \/><\/figcaption><\/figure>\n<\/div>\n<p>Este s\u00e1bado la actividad del \u00abGran Premio Jara Automotores\u00bb comenzar\u00e1 a las 10 y durante toda la jornada sabatina, los equipos trabajar\u00e1n en la puesta a punto de sus autos con entrenamientos y sesiones de clasificaci\u00f3n correspondientes a ambas fechas.<\/p>\n<p>Las tandas estar\u00e1n divididas por categor\u00edas, y cada una contar\u00e1 con tiempos oficiales que definir\u00e1n las posiciones de largada del domingo.<\/p>\n<p>En la conferencia de prensa realizada este viernes, autoridades municipales, policiales y miembros del Charata Auto Club brindaron detalles de la competencia y del operativo integral que acompa\u00f1ar\u00e1 el evento.<\/p>\n<p>El intendente Rub\u00e9n Rach destac\u00f3 la magnitud del evento: \u00abEl p\u00fablico que participa en este evento es masivo. Queremos coordinar junto con la Polic\u00eda y el Municipio para ordenar el tr\u00e1nsito y que todo se desarrolle con normalidad\u00bb.<\/p>\n<p>Sobre el cronograma deportivo, Felipe Cavallaro, del Charata Auto Club, explic\u00f3: \u00abLas clasificaciones se realizar\u00e1n el s\u00e1bado para ambas fechas. El domingo se correr\u00e1n las finales de las Clases 1 y 2 y del TC Chaque\u00f1o: primero la correspondiente a la fecha 4, y luego de trabajos en pista y regado, se disputar\u00e1n las finales de la fecha 5\u00bb.<\/p>\n<p>En cuanto a mejoras y servicios, Carlos G\u00f3mez Luna, tambi\u00e9n del club organizador, inform\u00f3: \u00abEn infraestructura se sum\u00f3 una nueva l\u00ednea de energ\u00eda e iluminaci\u00f3n. Se ampli\u00f3 en un 100% la tribuna del parque cerrado, y en la zona norte se implement\u00f3 una nueva tribuna sin costo para el p\u00fablico.<\/p>\n<p>Agradecemos a las instituciones y a la comunidad; nosotros somos conductores de lo que genera el Municipio, la Polic\u00eda y la gente que nos brinda todas las posibilidades para ofrecer un gran espect\u00e1culo\u00bb.<\/p>\n<p>Tambi\u00e9n detall\u00f3 el cronograma del fin de semana: \u00abEl s\u00e1bado tendremos ocho pruebas libres y seis clasificaciones. El domingo comenzamos con pruebas libres, luego finales, un peque\u00f1o receso, y nuevamente pruebas oficiales y finales de todas las categor\u00edas\u00bb.<\/p>\n<p>Sobre los horarios, Rub\u00e9n Gauna, del Charata Auto Club, indic\u00f3: \u00abEl s\u00e1bado la actividad en pista arranca a las 10 y se extender\u00e1 hasta las 17. El domingo tambi\u00e9n comenzamos a las 10, por eso solicitamos al p\u00fablico que llegue temprano para no perderse nada del espect\u00e1culo y conseguir una mejor ubicaci\u00f3n\u00bb.<\/p>\n<p>En materia de seguridad, Rub\u00e9n Curli, jefe de la Polic\u00eda Caminera, remarc\u00f3: \u00abLa seguridad vial la hacemos entre todos. Todos los recursos humanos estar\u00e1n disponibles para brindar seguridad al p\u00fablico. Habr\u00e1 regulaci\u00f3n de tr\u00e1nsito, pedimos prudencia al circular y paciencia tanto en el ingreso como en la desconcentraci\u00f3n del aut\u00f3dromo\u00bb.<\/p>\n<p>Cabe destacar que el evento estar\u00e1 bajo la organizaci\u00f3n del Charata Auto Club y la fiscalizaci\u00f3n de la Federaci\u00f3n Chaque\u00f1a de Automovilismo Deportivo (F.ch.a.d).<\/p>\n<p><em><strong>Fuente: diario Norte<\/strong><\/em><\/p>\n<p><img loading=\"lazy\" decoding=\"async\" class=\"aligncenter size-full wp-image-20217\" src=\"https:\/\/www.sportchaco.com.ar\/wp-content\/uploads\/2025\/06\/300x250-1.gif\" alt=\"\" width=\"626\" height=\"522\" \/><\/p>\n<\/div>\n<\/section>\n<\/section>\n","protected":false},"excerpt":{"rendered":"<p>Este s\u00e1bado la actividad del \u00abGran Premio Jara Automotores\u00bb comenzar\u00e1 a las 10 y durante toda la jornada sabatina, los equipos trabajar\u00e1n en la puesta a punto de sus autos con entrenamientos y sesiones de clasificaci\u00f3n correspondientes a ambas fechas. Las tandas estar\u00e1n divididas por categor\u00edas, y cada una contar\u00e1 con tiempos oficiales que definir\u00e1n &hellip;<\/p>\n","protected":false},"author":2,"featured_media":24972,"comment_status":"open","ping_status":"open","sticky":false,"template":"","format":"standard","meta":{"footnotes":""},"categories":[2],"tags":[],"class_list":["post-24971","post","type-post","status-publish","format-standard","has-post-thumbnail","hentry","category-automovilismo"],"_links":{"self":[{"href":"https:\/\/www.sportchaco.com.ar\/index.php?rest_route=\/wp\/v2\/posts\/24971","targetHints":{"allow":["GET"]}}],"collection":[{"href":"https:\/\/www.sportchaco.com.ar\/index.php?rest_route=\/wp\/v2\/posts"}],"about":[{"href":"https:\/\/www.sportchaco.com.ar\/index.php?rest_route=\/wp\/v2\/types\/post"}],"author":[{"embeddable":true,"href":"https:\/\/www.sportchaco.com.ar\/index.php?rest_route=\/wp\/v2\/users\/2"}],"replies":[{"embeddable":true,"href":"https:\/\/www.sportchaco.com.ar\/index.php?rest_route=%2Fwp%2Fv2%2Fcomments&post=24971"}],"version-history":[{"count":3,"href":"https:\/\/www.sportchaco.com.ar\/index.php?rest_route=\/wp\/v2\/posts\/24971\/revisions"}],"predecessor-version":[{"id":24993,"href":"https:\/\/www.sportchaco.com.ar\/index.php?rest_route=\/wp\/v2\/posts\/24971\/revisions\/24993"}],"wp:featuredmedia":[{"embeddable":true,"href":"https:\/\/www.sportchaco.com.ar\/index.php?rest_route=\/wp\/v2\/media\/24972"}],"wp:attachment":[{"href":"https:\/\/www.sportchaco.com.ar\/index.php?rest_route=%2Fwp%2Fv2%2Fmedia&parent=24971"}],"wp:term":[{"taxonomy":"category","embeddable":true,"href":"https:\/\/www.sportchaco.com.ar\/index.php?rest_route=%2Fwp%2Fv2%2Fcategories&post=24971"},{"taxonomy":"post_tag","embeddable":true,"href":"https:\/\/www.sportchaco.com.ar\/index.php?rest_route=%2Fwp%2Fv2%2Ftags&post=24971"}],"curies":[{"name":"wp","href":"https:\/\/api.w.org\/{rel}","templated":true}]}}