{"id":24974,"date":"2025-09-06T11:34:00","date_gmt":"2025-09-06T14:34:00","guid":{"rendered":"https:\/\/www.sportchaco.com.ar\/?p=24974"},"modified":"2025-09-06T20:50:08","modified_gmt":"2025-09-06T23:50:08","slug":"enrique-souilhe-un-testigo-de-la-historia-de-la-liga-chaquena","status":"publish","type":"post","link":"https:\/\/www.sportchaco.com.ar\/?p=24974","title":{"rendered":"Enrique Souilh\u00e9, un testigo de la historia de la Liga Chaque\u00f1a"},"content":{"rendered":"<p><strong>06-09-2025<\/strong><\/p>\n<p><img loading=\"lazy\" decoding=\"async\" class=\"aligncenter size-large wp-image-20099\" src=\"https:\/\/www.sportchaco.com.ar\/wp-content\/uploads\/2025\/06\/728x90-1024x127.gif\" alt=\"\" width=\"1024\" height=\"127\" srcset=\"https:\/\/www.sportchaco.com.ar\/wp-content\/uploads\/2025\/06\/728x90-1024x127.gif 1024w, https:\/\/www.sportchaco.com.ar\/wp-content\/uploads\/2025\/06\/728x90-300x37.gif 300w, https:\/\/www.sportchaco.com.ar\/wp-content\/uploads\/2025\/06\/728x90-768x95.gif 768w, https:\/\/www.sportchaco.com.ar\/wp-content\/uploads\/2025\/06\/728x90-1536x190.gif 1536w, https:\/\/www.sportchaco.com.ar\/wp-content\/uploads\/2025\/06\/728x90-2048x254.gif 2048w\" sizes=\"auto, (max-width: 1024px) 100vw, 1024px\" \/><\/p>\n<p><em><strong>Por LUIS DARIO MOLODEZK<\/strong><\/em>Y <img loading=\"lazy\" decoding=\"async\" class=\"alignnone wp-image-24798\" src=\"https:\/\/www.sportchaco.com.ar\/wp-content\/uploads\/2025\/09\/Luis-carita-287x300.jpg\" alt=\"\" width=\"50\" height=\"52\" srcset=\"https:\/\/www.sportchaco.com.ar\/wp-content\/uploads\/2025\/09\/Luis-carita-287x300.jpg 287w, https:\/\/www.sportchaco.com.ar\/wp-content\/uploads\/2025\/09\/Luis-carita.jpg 430w\" sizes=\"auto, (max-width: 50px) 100vw, 50px\" \/><\/p>\n<p>&nbsp;<\/p>\n<p>Con 89 a\u00f1os de edad \u2014los cumple el pr\u00f3ximo 13 de septiembre\u2014 y una memoria l\u00facida, el doctor <strong>Enrique Jos\u00e9 Souilh\u00e9<\/strong> es una de las voces autorizadas para hablar de la historia de la <strong>Liga Chaque\u00f1a de F\u00fatbol<\/strong>. En el marco de los 100 a\u00f1os de la entidad, el exdirigente repas\u00f3 su trayectoria y record\u00f3 los hitos que marcaron el rumbo del f\u00fatbol provincial.<\/p>\n<p>Souilh\u00e9 ingres\u00f3 a la vida dirigencial en los primeros a\u00f1os de la d\u00e9cada del \u201960, reci\u00e9n recibido de abogado. \u201cEl entonces presidente Ram\u00f3n Prieto y el secretario general Antonio \u2018Chingo\u2019 Ben\u00edtez me propusieron para integrar el Tribunal de Penas. Despu\u00e9s pas\u00e9 a ser consejero representando a For Ever en el Consejo Directivo\u201d, recuerda. La sede de la Liga, por entonces, funcionaba en una casona alquilada sobre la avenida Sarmiento.<\/p>\n<p><img loading=\"lazy\" decoding=\"async\" class=\"aligncenter wp-image-24975 size-full\" src=\"https:\/\/www.sportchaco.com.ar\/wp-content\/uploads\/2025\/09\/Enrique-Souilhe.webp\" alt=\"\" width=\"440\" height=\"639\" srcset=\"https:\/\/www.sportchaco.com.ar\/wp-content\/uploads\/2025\/09\/Enrique-Souilhe.webp 440w, https:\/\/www.sportchaco.com.ar\/wp-content\/uploads\/2025\/09\/Enrique-Souilhe-207x300.webp 207w\" sizes=\"auto, (max-width: 440px) 100vw, 440px\" \/><\/p>\n<p>Su camino en la Liga comenz\u00f3 en la d\u00e9cada del 60. Por entonces, la entidad no ten\u00eda sede propia. \u00abEstaba en las primeras cuadras de la avenida Sarmiento. Era una casa vieja alquilada\u00bb, record\u00f3. Fue all\u00ed donde el por entonces joven abogado fue consejero en el Consejo Directivo, representando a For Ever, para luego integrar el Tribunal de Penas.<\/p>\n<p><strong>La mudanza a calle Brown: El legado de Tomassi Testi<br \/>\n<\/strong>Uno de los recuerdos m\u00e1s valiosos de Souilh\u00e9 es la gesta que permiti\u00f3 a la Liga adquirir su actual sede en calle Brown. \u00abEl principal gestor fue el dirigente de Central Norte, <strong>Adolfo Tomassi Testi<\/strong>\u00ab, afirm\u00f3 con admiraci\u00f3n. \u00ab\u00c9l fue quien propuso crear un fondo con un peso que se agregaba al precio de las entradas a los partidos de Primera Divisi\u00f3n. Con eso, a trav\u00e9s de los a\u00f1os, se fue formando un fondo\u00bb.<\/p>\n<p>As\u00ed, en 1965, la Liga compr\u00f3 el inmueble actual de la calle Brown a la inmobiliaria San Juan, que tambi\u00e9n hab\u00eda hecho el loteo de Villa San Juan, detr\u00e1s de la cancha de For Ever. Pocos a\u00f1os despu\u00e9s, en 1972, tras el fallecimiento del presidente Juan Luis de las Casas, a Souilh\u00e9 le propusieron asumir la presidencia de la Liga.<\/p>\n<p><strong>La pasi\u00f3n que mueve a los dirigentes<br \/>\n<\/strong>Cuando se le pregunta qu\u00e9 es lo que impulsa a una persona a dedicar su vida a la dirigencia deportiva, Souilh\u00e9 no duda: la pasi\u00f3n. \u00abYo creo que fue mi pasi\u00f3n desde chiquito\u00bb. Mi familia siempre estuvo ligada a For Ever. Encontr\u00e9 mi lugar en el trabajo dirigencial\u201d, explic\u00f3.<\/p>\n<p>Souilh\u00e9 asumi\u00f3 la presidencia de la Liga en 1972, tras el fallecimiento de Juan Luis de las Casas. Tambi\u00e9n fue dirigente activo en Chaco For Ever durante los \u201980, acompa\u00f1ando a presidentes como Abraham Rabinovich, Oscar Ojeda Farana y Juan Alberto Garc\u00eda.<\/p>\n<p>Cuando lo consultamos sobre su v\u00ednculo con el f\u00fatbol, lo califica de pasi\u00f3n familiar. \u00abMi madre Parmetler, ten\u00eda cuatro hermanos que jugaron en la primera divisi\u00f3n de For Ever. Luego mis primos el Nono y H\u00e9ctor. El f\u00fatbol me atrajo, y como yo no lo practicaba, me acerqu\u00e9 a la dirigencia\u00bb, relat\u00f3.<\/p>\n<p>Con respeto, destac\u00f3 la entrega de tantos dirigentes: <em>\u201cHe visto gente que dejaba su trabajo y su familia por sostener a los clubes. Eso es muy valioso\u201d<\/em>.<\/p>\n<p>Con su vasta experiencia, Souilh\u00e9 reflexiona sobre la dedicaci\u00f3n que requiere esta tarea. \u00abHe visto gente muy dedicada, que a veces dejaba no solamente su trabajo, sino su ambiente familiar para dedicarse al sostenimiento de la existencia de la entidad\u00bb, ponder\u00f3, elogiando la vocaci\u00f3n de quienes construyeron el f\u00fatbol de la provincia.<\/p>\n<p>El doctor Enrique Soile, que cumplir\u00e1 <strong>89 a\u00f1os el pr\u00f3ximo 13 de septiembre<\/strong>, se mostr\u00f3 emocionado al ser parte de esta conmemoraci\u00f3n. Es un testigo clave de la historia, una voz que recuerda con gratitud a quienes, con su esfuerzo, hicieron posible el centenario de la Liga Chaque\u00f1a de F\u00fatbol.<\/p>\n<p><img decoding=\"async\" src=\"https:\/\/www.sportchaco.com.ar\/wp-content\/uploads\/2025\/09\/presidente-780x470.jpeg\" \/><\/p>\n<p><strong>El mejor equipo de For Ever que vio jugar<\/strong><\/p>\n<p><img loading=\"lazy\" decoding=\"async\" class=\"aligncenter wp-image-24980 size-large\" src=\"https:\/\/www.sportchaco.com.ar\/wp-content\/uploads\/2025\/09\/Canto-For-Ever-1-1024x682.jpg\" alt=\"\" width=\"1024\" height=\"682\" srcset=\"https:\/\/www.sportchaco.com.ar\/wp-content\/uploads\/2025\/09\/Canto-For-Ever-1-1024x682.jpg 1024w, https:\/\/www.sportchaco.com.ar\/wp-content\/uploads\/2025\/09\/Canto-For-Ever-1-300x200.jpg 300w, https:\/\/www.sportchaco.com.ar\/wp-content\/uploads\/2025\/09\/Canto-For-Ever-1-768x512.jpg 768w, https:\/\/www.sportchaco.com.ar\/wp-content\/uploads\/2025\/09\/Canto-For-Ever-1-1536x1023.jpg 1536w, https:\/\/www.sportchaco.com.ar\/wp-content\/uploads\/2025\/09\/Canto-For-Ever-1-2048x1364.jpg 2048w\" sizes=\"auto, (max-width: 1024px) 100vw, 1024px\" \/><\/p>\n<p><strong>Luis Viera a la izquierda y un equipos hist\u00f3rico de For Ever<\/strong><\/p>\n<p>-Creo que aquel equipo de 1949 fue extraordinario por su nivel ofensivo. Luis Viera, Teodoro Maidana, Hugo Canto Calo, Honorio Romero y Gerardo \u201cFantasma\u201d Olivera eran delanteros cracks. Luis Viera y Teodoro Maidana despu\u00e9s fueron transferidos a San Lorenzo de Almagro integrando \u201cla famosa delantera de \u201clos gauchos de Boedo\u201d. Con ellos fuera del equipo, el ataque de For Ever perdi\u00f3 brillo. For Ever hab\u00eda estado mucho tiempo sin campeonar (desde 1932 al 1947), reci\u00e9n con Ernesto Schoyez en la presidencia se pudo armar un gran plantel. En el club se formaron excelentes jugadores aunque hay que tomarlos por \u00e9poca, Felipe Chery, Luis Viera y Teodoro Maidana como Valussi fueron los destacados. Ya en la d\u00e9cada del setenta Pablo C\u00e1ceres (correntino) fue un jugador formidable que en el Nacional del 74 recomend\u00f3 a un n\u00famero inusual de correntinos con los que ganaron todo. Ya a fines de los 70 y hasta mediados de los 80 Roberto Franco fue figura excluyente. A For Ever lo segu\u00ed hasta 1991 cuando descendi\u00f3 de Primera A y, tal vez, un par de partidos m\u00e1s en el Argentino A. Habiendo visto tanto del club puedo afirmar que aquel del 49 jugaba por encima del resto.<\/p>\n<p><img decoding=\"async\" src=\"https:\/\/scontent.fcnq2-2.fna.fbcdn.net\/v\/t39.30808-6\/541916670_3676009472708746_5730230003892518554_n.jpg?_nc_cat=111&amp;ccb=1-7&amp;_nc_sid=127cfc&amp;_nc_ohc=uB_KlApawaIQ7kNvwHRr4MK&amp;_nc_oc=Admx96SOfxVeJOTxEXUBgK3GJ3eOT-_FbQbFzHLS4nSTIkwnBd94C4GXJVJ_fSO_qks&amp;_nc_zt=23&amp;_nc_ht=scontent.fcnq2-2.fna&amp;_nc_gid=MxoZZpy3H8GeN2NVZe_zsA&amp;oh=00_AfZ9SDaLlakWKCOEKqMmGC6sHsKwI3MEeFcKQoaUwhHl5Q&amp;oe=68BEA1BE\" alt=\"Puede ser una imagen de 9 personas y personas sonriendo\" \/><\/p>\n<p><strong>Foto portada: El doctor Enrique Souilh\u00e9 con el actual presidente de Chaco For Ever, H\u00e9ctor G\u00f3mez.<\/strong><\/p>\n<p><img loading=\"lazy\" decoding=\"async\" class=\"aligncenter size-large wp-image-20149\" src=\"https:\/\/www.sportchaco.com.ar\/wp-content\/uploads\/2025\/06\/Chaco-sin-fuego-1080x1350-3-819x1024.gif\" alt=\"\" width=\"819\" height=\"1024\" srcset=\"https:\/\/www.sportchaco.com.ar\/wp-content\/uploads\/2025\/06\/Chaco-sin-fuego-1080x1350-3-819x1024.gif 819w, https:\/\/www.sportchaco.com.ar\/wp-content\/uploads\/2025\/06\/Chaco-sin-fuego-1080x1350-3-240x300.gif 240w, https:\/\/www.sportchaco.com.ar\/wp-content\/uploads\/2025\/06\/Chaco-sin-fuego-1080x1350-3-768x960.gif 768w, https:\/\/www.sportchaco.com.ar\/wp-content\/uploads\/2025\/06\/Chaco-sin-fuego-1080x1350-3-1229x1536.gif 1229w, https:\/\/www.sportchaco.com.ar\/wp-content\/uploads\/2025\/06\/Chaco-sin-fuego-1080x1350-3-1638x2048.gif 1638w\" sizes=\"auto, (max-width: 819px) 100vw, 819px\" \/><\/p>\n<p>&nbsp;<\/p>\n","protected":false},"excerpt":{"rendered":"<p>06-09-2025 Por LUIS DARIO MOLODEZKY &nbsp; Con 89 a\u00f1os de edad \u2014los cumple el pr\u00f3ximo 13 de septiembre\u2014 y una memoria l\u00facida, el doctor Enrique Jos\u00e9 Souilh\u00e9 es una de las voces autorizadas para hablar de la historia de la Liga Chaque\u00f1a de F\u00fatbol. En el marco de los 100 a\u00f1os de la entidad, el &hellip;<\/p>\n","protected":false},"author":2,"featured_media":24976,"comment_status":"open","ping_status":"open","sticky":false,"template":"","format":"standard","meta":{"footnotes":""},"categories":[8],"tags":[],"class_list":["post-24974","post","type-post","status-publish","format-standard","has-post-thumbnail","hentry","category-sport-nea"],"_links":{"self":[{"href":"https:\/\/www.sportchaco.com.ar\/index.php?rest_route=\/wp\/v2\/posts\/24974","targetHints":{"allow":["GET"]}}],"collection":[{"href":"https:\/\/www.sportchaco.com.ar\/index.php?rest_route=\/wp\/v2\/posts"}],"about":[{"href":"https:\/\/www.sportchaco.com.ar\/index.php?rest_route=\/wp\/v2\/types\/post"}],"author":[{"embeddable":true,"href":"https:\/\/www.sportchaco.com.ar\/index.php?rest_route=\/wp\/v2\/users\/2"}],"replies":[{"embeddable":true,"href":"https:\/\/www.sportchaco.com.ar\/index.php?rest_route=%2Fwp%2Fv2%2Fcomments&post=24974"}],"version-history":[{"count":5,"href":"https:\/\/www.sportchaco.com.ar\/index.php?rest_route=\/wp\/v2\/posts\/24974\/revisions"}],"predecessor-version":[{"id":24995,"href":"https:\/\/www.sportchaco.com.ar\/index.php?rest_route=\/wp\/v2\/posts\/24974\/revisions\/24995"}],"wp:featuredmedia":[{"embeddable":true,"href":"https:\/\/www.sportchaco.com.ar\/index.php?rest_route=\/wp\/v2\/media\/24976"}],"wp:attachment":[{"href":"https:\/\/www.sportchaco.com.ar\/index.php?rest_route=%2Fwp%2Fv2%2Fmedia&parent=24974"}],"wp:term":[{"taxonomy":"category","embeddable":true,"href":"https:\/\/www.sportchaco.com.ar\/index.php?rest_route=%2Fwp%2Fv2%2Fcategories&post=24974"},{"taxonomy":"post_tag","embeddable":true,"href":"https:\/\/www.sportchaco.com.ar\/index.php?rest_route=%2Fwp%2Fv2%2Ftags&post=24974"}],"curies":[{"name":"wp","href":"https:\/\/api.w.org\/{rel}","templated":true}]}}