{"id":24982,"date":"2025-09-06T23:02:50","date_gmt":"2025-09-07T02:02:50","guid":{"rendered":"https:\/\/www.sportchaco.com.ar\/?p=24982"},"modified":"2025-09-06T23:09:58","modified_gmt":"2025-09-07T02:09:58","slug":"efemerides-del-7-de-septiembre","status":"publish","type":"post","link":"https:\/\/www.sportchaco.com.ar\/?p=24982","title":{"rendered":"Efem\u00e9rides del 7 de septiembre"},"content":{"rendered":"<div class=\"container fullwidth-entry-title-wrapper\">\n<div class=\"container-wrapper fullwidth-entry-title\">\n<header class=\"entry-header-outer\">\n<div class=\"entry-header\">\n<h1 class=\"post-title entry-title\">Efem\u00e9rides del 7 de septiembre<\/h1>\n<div class=\"single-post-meta post-meta clearfix\"><\/div>\n<\/div>\n<\/header>\n<\/div>\n<\/div>\n<div id=\"content\" class=\"site-content container\">\n<div id=\"main-content-row\" class=\"tie-row main-content-row\">\n<div class=\"main-content tie-col-md-8 tie-col-xs-12\" role=\"main\">\n<article id=\"the-post\" class=\"container-wrapper post-content tie-standard\">\n<div class=\"featured-area\">\n<div class=\"featured-area-inner\"><\/div>\n<\/div>\n<div class=\"entry-content entry clearfix\">\n<p><strong>Efem\u00e9rides del deporte chaque\u00f1o de un 7 de septiembre por el periodista Luis Dar\u00edo Molodezky.<\/strong><\/p>\n<p><img loading=\"lazy\" decoding=\"async\" class=\"alignnone size-medium wp-image-24798 aligncenter\" src=\"https:\/\/www.sportchaco.com.ar\/wp-content\/uploads\/2025\/09\/Luis-carita-287x300.jpg\" alt=\"\" width=\"287\" height=\"300\" srcset=\"https:\/\/www.sportchaco.com.ar\/wp-content\/uploads\/2025\/09\/Luis-carita-287x300.jpg 287w, https:\/\/www.sportchaco.com.ar\/wp-content\/uploads\/2025\/09\/Luis-carita.jpg 430w\" sizes=\"auto, (max-width: 287px) 100vw, 287px\" \/><\/p>\n<p><strong>1912\u00a0<\/strong>\/ Se funda el Tiro Federal Resistencia y es designado presidente el capit\u00e1n Oreste Arbo y Blanco. \u00a0Fue creado por decreto del presidente Dr. Roque S\u00e1enz Pe\u00f1a el 23 octubre de 1912. La primera comisi\u00f3n directiva comienza por solicitar al Intendente Municipal Se\u00f1or Augusto Schur un lote para edificar sus instalaciones, si\u00e9ndole otorgado uno de sesenta metros de frente por quinientos de fondo. El pol\u00edgono de tiro fue reci\u00e9n habilitado el 30 de marzo de 1913. El edificio estaba conformado por j\u00f3venes l\u00edneas medievales fue comenzado en 1928 e inaugurado el 21 de julio de 1929. Hacia 1930 contaba con 600 socios.<\/p>\n<p><img loading=\"lazy\" decoding=\"async\" class=\"alignnone size-medium wp-image-24984 aligncenter\" src=\"https:\/\/www.sportchaco.com.ar\/wp-content\/uploads\/2025\/09\/tiro-federal-780x470-1-300x181.jpg\" alt=\"\" width=\"300\" height=\"181\" srcset=\"https:\/\/www.sportchaco.com.ar\/wp-content\/uploads\/2025\/09\/tiro-federal-780x470-1-300x181.jpg 300w, https:\/\/www.sportchaco.com.ar\/wp-content\/uploads\/2025\/09\/tiro-federal-780x470-1-768x463.jpg 768w, https:\/\/www.sportchaco.com.ar\/wp-content\/uploads\/2025\/09\/tiro-federal-780x470-1.jpg 780w\" sizes=\"auto, (max-width: 300px) 100vw, 300px\" \/><\/p>\n<p><strong>1986\u00a0<\/strong>\/ El entrenador de divisiones menores Dante Fermani celebra sus 50 a\u00f1os con el b\u00e1squetbol. Jug\u00f3 14 a\u00f1os en Villa San Mart\u00edn (fue part\u00edcipe del primer partido que se disput\u00f3 en la calle Saavedra 135), 6 en 12 de octubre y termin\u00f3 en V\u00e9lez Sarsfield. Durante esos a\u00f1os jug\u00f3 al f\u00fatbol en Sarmiento. Luego se dedic\u00f3 a dirigir las divisiones inferiores y el Hind\u00fa Club fue su hogar, de donde salieron sus tres hijos basquetbolistas.<\/p>\n<p><strong>2010 \/<\/strong>\u00a0Fallece a los 79 a\u00f1os Atilio Ram\u00f3n Fanti, quien ocupara destacados cargos en la Liga Chaque\u00f1a y el Club Regional, donde fue presidencia. Querido y respetado, tambi\u00e9n fue dirigente de entidades de jubilados y asesor permanente de la Universidad Popular de Resistencia de la que hab\u00eda sido alumno. Fue el primer taqu\u00edgrafo de la C\u00e1mara de Diputados del Chaco. Hab\u00eda nacido el 27 de febrero de 1930 en Resistencia.<\/p>\n<p>&nbsp;<\/p>\n<p><strong>Foto del Tiro Federal Resistencia, donde hoy est\u00e1 emplazado el Parque que lleva su nombre<\/strong><\/p>\n<\/div>\n<\/article>\n<\/div>\n<\/div>\n<\/div>\n","protected":false},"excerpt":{"rendered":"<p>Efem\u00e9rides del 7 de septiembre Efem\u00e9rides del deporte chaque\u00f1o de un 7 de septiembre por el periodista Luis Dar\u00edo Molodezky. 1912\u00a0\/ Se funda el Tiro Federal Resistencia y es designado presidente el capit\u00e1n Oreste Arbo y Blanco. \u00a0Fue creado por decreto del presidente Dr. Roque S\u00e1enz Pe\u00f1a el 23 octubre de 1912. La primera comisi\u00f3n &hellip;<\/p>\n","protected":false},"author":2,"featured_media":24983,"comment_status":"open","ping_status":"open","sticky":false,"template":"","format":"standard","meta":{"footnotes":""},"categories":[45,39],"tags":[],"class_list":["post-24982","post","type-post","status-publish","format-standard","has-post-thumbnail","hentry","category-efemerides-dia-por-dia","category-septiembre"],"_links":{"self":[{"href":"https:\/\/www.sportchaco.com.ar\/index.php?rest_route=\/wp\/v2\/posts\/24982","targetHints":{"allow":["GET"]}}],"collection":[{"href":"https:\/\/www.sportchaco.com.ar\/index.php?rest_route=\/wp\/v2\/posts"}],"about":[{"href":"https:\/\/www.sportchaco.com.ar\/index.php?rest_route=\/wp\/v2\/types\/post"}],"author":[{"embeddable":true,"href":"https:\/\/www.sportchaco.com.ar\/index.php?rest_route=\/wp\/v2\/users\/2"}],"replies":[{"embeddable":true,"href":"https:\/\/www.sportchaco.com.ar\/index.php?rest_route=%2Fwp%2Fv2%2Fcomments&post=24982"}],"version-history":[{"count":2,"href":"https:\/\/www.sportchaco.com.ar\/index.php?rest_route=\/wp\/v2\/posts\/24982\/revisions"}],"predecessor-version":[{"id":25035,"href":"https:\/\/www.sportchaco.com.ar\/index.php?rest_route=\/wp\/v2\/posts\/24982\/revisions\/25035"}],"wp:featuredmedia":[{"embeddable":true,"href":"https:\/\/www.sportchaco.com.ar\/index.php?rest_route=\/wp\/v2\/media\/24983"}],"wp:attachment":[{"href":"https:\/\/www.sportchaco.com.ar\/index.php?rest_route=%2Fwp%2Fv2%2Fmedia&parent=24982"}],"wp:term":[{"taxonomy":"category","embeddable":true,"href":"https:\/\/www.sportchaco.com.ar\/index.php?rest_route=%2Fwp%2Fv2%2Fcategories&post=24982"},{"taxonomy":"post_tag","embeddable":true,"href":"https:\/\/www.sportchaco.com.ar\/index.php?rest_route=%2Fwp%2Fv2%2Ftags&post=24982"}],"curies":[{"name":"wp","href":"https:\/\/api.w.org\/{rel}","templated":true}]}}