{"id":24999,"date":"2025-09-06T19:06:57","date_gmt":"2025-09-06T22:06:57","guid":{"rendered":"https:\/\/www.sportchaco.com.ar\/?p=24999"},"modified":"2025-09-06T19:19:15","modified_gmt":"2025-09-06T22:19:15","slug":"policiales-y-union-a-mano","status":"publish","type":"post","link":"https:\/\/www.sportchaco.com.ar\/?p=24999","title":{"rendered":"Policiales y Uni\u00f3n, a mano"},"content":{"rendered":"<div class=\"x1cy8zhl x2bj2ny x78zum5 x1q0g3np\">\n<div class=\"x1iyjqo2\">\n<div class=\"x78zum5 xdt5ytf xz62fqu x16ldp7u\">\n<div class=\"xu06os2 x1ok221b\">\n<div class=\"x1gslohp\">\n<p class=\"html-h2 x14z9mp xat24cr x1lziwak xexx8yu xyri2b x18d9i69 x1c1uobl x1vvkbs x1heor9g x1qlqyl8 x1pd3egz x1a2a7pz x1gslohp\"><strong><span class=\"x193iq5w xeuugli x13faqbe x1vvkbs x1xmvt09 x6prxxf xvq8zen xo1l8bm xi81zsa\">06-09-2025<\/span><\/strong><\/p>\n<p><img loading=\"lazy\" decoding=\"async\" class=\"aligncenter size-large wp-image-19472\" src=\"https:\/\/www.sportchaco.com.ar\/wp-content\/uploads\/2025\/05\/Red-de-empeleos-1200x200-1-1024x171.gif\" sizes=\"auto, (max-width: 1024px) 100vw, 1024px\" srcset=\"https:\/\/www.sportchaco.com.ar\/wp-content\/uploads\/2025\/05\/Red-de-empeleos-1200x200-1-1024x171.gif 1024w, https:\/\/www.sportchaco.com.ar\/wp-content\/uploads\/2025\/05\/Red-de-empeleos-1200x200-1-300x50.gif 300w, https:\/\/www.sportchaco.com.ar\/wp-content\/uploads\/2025\/05\/Red-de-empeleos-1200x200-1-768x128.gif 768w, https:\/\/www.sportchaco.com.ar\/wp-content\/uploads\/2025\/05\/Red-de-empeleos-1200x200-1-1536x256.gif 1536w, https:\/\/www.sportchaco.com.ar\/wp-content\/uploads\/2025\/05\/Red-de-empeleos-1200x200-1-2048x341.gif 2048w\" alt=\"\" width=\"1024\" height=\"171\" \/><\/p>\n<\/div>\n<\/div>\n<\/div>\n<\/div>\n<\/div>\n<div>\n<div class=\"entry-content clearfix\">\n<p>Este s\u00e1bado iniciaron las finales zonales del torneo Federativo con el partido que jugaron Policiales y Uni\u00f3n de Machagai.<\/p>\n<p>El mismo se llev\u00f3 a cabo en cancha de Fontana y termin\u00f3 sin goles. Con lo cual la serie qued\u00f3 abierta para la revancha dentro de una semana.<\/p>\n<p>El pr\u00f3ximo mi\u00e9rcoles en Villa \u00c1ngela disputar\u00e1n su partido de Ida Avenida FC y Uni\u00f3n y Fuerza de Corzuela.<\/p>\n<p><strong>POLICIALES (0):<\/strong> Bruno Aranda; Lucas L\u00f3pez, Kevin Moreyra, Fernando Espinoza y Ricardo Encina; Braian Rold\u00e1n, Ren\u00e9 Leguizam\u00f3n y Hugo Paniagua; Iv\u00e1n Altamirano, Jonathan Valenzuela y Lautaro P\u00e9rez. <strong>DT:<\/strong> Santiago Godoy.<br \/>\n<strong>UNI\u00d3N (0):<\/strong> Iv\u00e1n Gorosito; Ever L\u00f3pez, Fabi\u00e1n Arriola, Domingo Fern\u00e1ndez y Joaqu\u00edn Rol\u00f3n; Braian Luque y Fabio Cardozo; Nicol\u00e1s Falc\u00f3n, Carlos Centuri\u00f3n y Luciano Alm\u00faa; y Alexis Sosa. <strong>DT:<\/strong> Juan Carlos Milesi.<br \/>\n<strong>Incidencia:<\/strong> 32ST Expulsado Fernando Espinoza (P).<br \/>\n<strong>Cambios:<\/strong> 25PT Rodrigo Esp\u00edndola por Altamirano (P). ST Mauro Leguizam\u00f3n por Valenzuela (P). 19ST Cristian Trevisan por Alm\u00faa (U). 25ST Rodrigo Esp\u00edndola por Altamirano (P). 29ST Mart\u00edn Ponce por Encina (P). 34ST Ramiro Ojeda por M. Leguizam\u00f3n (P). 39ST Federico Monz\u00f3n por Falc\u00f3n (U).<br \/>\n<strong>\u00c1rbitro:<\/strong> Hugo Camus. <strong>Asistentes:<\/strong> Mat\u00edas Monz\u00f3n y Carmelo Sequeira. <strong>Cancha:<\/strong> C. S. y D. Fontana (local Policiales).<\/p>\n<p><img loading=\"lazy\" decoding=\"async\" class=\"aligncenter size-large wp-image-25004\" src=\"https:\/\/www.sportchaco.com.ar\/wp-content\/uploads\/2025\/09\/IMG-20250906-WA0029-1024x685.jpg\" alt=\"\" width=\"1024\" height=\"685\" srcset=\"https:\/\/www.sportchaco.com.ar\/wp-content\/uploads\/2025\/09\/IMG-20250906-WA0029-1024x685.jpg 1024w, https:\/\/www.sportchaco.com.ar\/wp-content\/uploads\/2025\/09\/IMG-20250906-WA0029-300x201.jpg 300w, https:\/\/www.sportchaco.com.ar\/wp-content\/uploads\/2025\/09\/IMG-20250906-WA0029-768x514.jpg 768w, https:\/\/www.sportchaco.com.ar\/wp-content\/uploads\/2025\/09\/IMG-20250906-WA0029.jpg 1280w\" sizes=\"auto, (max-width: 1024px) 100vw, 1024px\" \/><\/p>\n<p><strong>FINALES DE ZONA \u2013 IDA<\/strong><br \/>\n<strong>Zona Este<br \/>\nS\u00e1bado 06-08<\/strong><br \/>\nPoliciales (Resistencia) 0 \u2013 Uni\u00f3n (Machagai) 0, en Fontana<\/p>\n<p><strong>Zona Oeste<br \/>\nMi\u00e9rcoles 10-09<\/strong><br \/>\nA las 21:30, Avenida FC (Villa \u00c1ngela) \u2013 Uni\u00f3n y Fuerza (Corzuela)<\/p>\n<p><img loading=\"lazy\" decoding=\"async\" class=\"aligncenter size-large wp-image-20715\" src=\"https:\/\/www.sportchaco.com.ar\/wp-content\/uploads\/2025\/06\/BANNER-WEB-CHACO-JUEGA_1080x1350-1-1-819x1024.gif\" sizes=\"auto, (max-width: 819px) 100vw, 819px\" srcset=\"https:\/\/www.sportchaco.com.ar\/wp-content\/uploads\/2025\/06\/BANNER-WEB-CHACO-JUEGA_1080x1350-1-1-819x1024.gif 819w, https:\/\/www.sportchaco.com.ar\/wp-content\/uploads\/2025\/06\/BANNER-WEB-CHACO-JUEGA_1080x1350-1-1-240x300.gif 240w, https:\/\/www.sportchaco.com.ar\/wp-content\/uploads\/2025\/06\/BANNER-WEB-CHACO-JUEGA_1080x1350-1-1-768x960.gif 768w\" alt=\"\" width=\"819\" height=\"1024\" \/><\/p>\n<\/div>\n<\/div>\n","protected":false},"excerpt":{"rendered":"<p>06-09-2025 Este s\u00e1bado iniciaron las finales zonales del torneo Federativo con el partido que jugaron Policiales y Uni\u00f3n de Machagai. El mismo se llev\u00f3 a cabo en cancha de Fontana y termin\u00f3 sin goles. Con lo cual la serie qued\u00f3 abierta para la revancha dentro de una semana. El pr\u00f3ximo mi\u00e9rcoles en Villa \u00c1ngela disputar\u00e1n &hellip;<\/p>\n","protected":false},"author":3,"featured_media":25001,"comment_status":"open","ping_status":"open","sticky":false,"template":"","format":"standard","meta":{"footnotes":""},"categories":[5],"tags":[],"class_list":["post-24999","post","type-post","status-publish","format-standard","has-post-thumbnail","hentry","category-futbol"],"_links":{"self":[{"href":"https:\/\/www.sportchaco.com.ar\/index.php?rest_route=\/wp\/v2\/posts\/24999","targetHints":{"allow":["GET"]}}],"collection":[{"href":"https:\/\/www.sportchaco.com.ar\/index.php?rest_route=\/wp\/v2\/posts"}],"about":[{"href":"https:\/\/www.sportchaco.com.ar\/index.php?rest_route=\/wp\/v2\/types\/post"}],"author":[{"embeddable":true,"href":"https:\/\/www.sportchaco.com.ar\/index.php?rest_route=\/wp\/v2\/users\/3"}],"replies":[{"embeddable":true,"href":"https:\/\/www.sportchaco.com.ar\/index.php?rest_route=%2Fwp%2Fv2%2Fcomments&post=24999"}],"version-history":[{"count":4,"href":"https:\/\/www.sportchaco.com.ar\/index.php?rest_route=\/wp\/v2\/posts\/24999\/revisions"}],"predecessor-version":[{"id":25005,"href":"https:\/\/www.sportchaco.com.ar\/index.php?rest_route=\/wp\/v2\/posts\/24999\/revisions\/25005"}],"wp:featuredmedia":[{"embeddable":true,"href":"https:\/\/www.sportchaco.com.ar\/index.php?rest_route=\/wp\/v2\/media\/25001"}],"wp:attachment":[{"href":"https:\/\/www.sportchaco.com.ar\/index.php?rest_route=%2Fwp%2Fv2%2Fmedia&parent=24999"}],"wp:term":[{"taxonomy":"category","embeddable":true,"href":"https:\/\/www.sportchaco.com.ar\/index.php?rest_route=%2Fwp%2Fv2%2Fcategories&post=24999"},{"taxonomy":"post_tag","embeddable":true,"href":"https:\/\/www.sportchaco.com.ar\/index.php?rest_route=%2Fwp%2Fv2%2Ftags&post=24999"}],"curies":[{"name":"wp","href":"https:\/\/api.w.org\/{rel}","templated":true}]}}