{"id":25016,"date":"2025-09-06T20:46:29","date_gmt":"2025-09-06T23:46:29","guid":{"rendered":"https:\/\/www.sportchaco.com.ar\/?p=25016"},"modified":"2025-09-06T20:51:21","modified_gmt":"2025-09-06T23:51:21","slug":"velez-se-quesdo-con-la-supercopa","status":"publish","type":"post","link":"https:\/\/www.sportchaco.com.ar\/?p=25016","title":{"rendered":"V\u00e9lez se qued\u00f3 con la Supercopa"},"content":{"rendered":"<div class=\"content-article-title\">\n<div class=\"wrapper-layout center-content center_story max-width\">\n<div class=\"col-content\">\n<h1><\/h1>\n<h5 class=\"article__title font__display\"><span style=\"font-size: 24px;\">Con goles de Gordon, el Fort\u00edn se coron\u00f3 ante el cojunton de Santiago del Estero en la cancha de Rosario Central.<\/span><\/h5>\n<h5 class=\"article__title font__display\">Otro t\u00edtulo para V\u00e9lez: le gan\u00f3 2-0 a Central C\u00f3rdoba y se qued\u00f3 con la Supercopa Argentina.<\/h5>\n<\/div>\n<\/div>\n<\/div>\n<div class=\"common-layout wrapper-layout center-content center_story max-width story article\">\n<div class=\"col-content\">\n<p>&nbsp;<\/p>\n<div class=\"article__header article__story article__article\">\n<div class=\"article__head\">\n<div class=\"article__lead-art article__lead-art-photo\" data-testid=\"LeadArtPhoto\">\n<figure class=\"\" data-testid=\"figure-testid\">\n<div class=\"aspect_ratio__container\"><picture class=\"responsive-image\"><source srcset=\"https:\/\/tn.com.ar\/resizer\/v2\/otro-titulo-para-velez-le-gano-2-0-a-central-cordoba-y-se-quedo-con-la-supercopa-argentina-foto-fotobaires-ZLQCV6ET3JEALESZQX57O25YC4.jpg?auth=7eea931d81cc342d938c69904303a283d38a02e61d72b2d9b876b6450490c27a&amp;width=767\" type=\"image\/jpg\" media=\"(max-width: 728px)\" \/><source srcset=\"https:\/\/tn.com.ar\/resizer\/v2\/otro-titulo-para-velez-le-gano-2-0-a-central-cordoba-y-se-quedo-con-la-supercopa-argentina-foto-fotobaires-ZLQCV6ET3JEALESZQX57O25YC4.jpg?auth=7eea931d81cc342d938c69904303a283d38a02e61d72b2d9b876b6450490c27a&amp;width=1023\" type=\"image\/jpg\" media=\"(max-width: 1023px)\" \/><source srcset=\"https:\/\/tn.com.ar\/resizer\/v2\/otro-titulo-para-velez-le-gano-2-0-a-central-cordoba-y-se-quedo-con-la-supercopa-argentina-foto-fotobaires-ZLQCV6ET3JEALESZQX57O25YC4.jpg?auth=7eea931d81cc342d938c69904303a283d38a02e61d72b2d9b876b6450490c27a&amp;width=1440\" type=\"image\/jpg\" \/><img decoding=\"async\" class=\"width_full height_full article__lead-art-photo image_placeholder\" src=\"https:\/\/tn.com.ar\/resizer\/v2\/otro-titulo-para-velez-le-gano-2-0-a-central-cordoba-y-se-quedo-con-la-supercopa-argentina-foto-fotobaires-ZLQCV6ET3JEALESZQX57O25YC4.jpg?auth=7eea931d81cc342d938c69904303a283d38a02e61d72b2d9b876b6450490c27a&amp;width=767\" alt=\"Otro t\u00edtulo para V\u00e9lez: le gan\u00f3 2-0 a Central C\u00f3rdoba y se qued\u00f3 con la Supercopa Argentina. (Foto: Fotobaires)\" \/><\/picture><\/div><figcaption class=\"caption_image\" data-testid=\"figcaption-testid\">\n<div class=\"image_caption font__body\">Otro t\u00edtulo para V\u00e9lez: le gan\u00f3 2-0 a Central C\u00f3rdoba y se qued\u00f3 con la Supercopa Argentina.<\/div>\n<\/figcaption><\/figure>\n<\/div>\n<div class=\"article__audionote-share\">\n<div class=\"trinity__audio-wrapper\"><\/div>\n<\/div>\n<div class=\"trinity-tts-placeholder-icon-player\"><\/div>\n<\/div>\n<\/div>\n<div class=\"default-article-color article__body article__article\">\n<p class=\"left paragraph font__body-regular\"><b>V\u00e9lez Sarsfield se consagr\u00f3 campe\u00f3n de la Supercopa Argentina 2025\u00a0<\/b>al vencer 2-0 a\u00a0<b>Central C\u00f3rdoba<\/b>\u00a0en el estadio Gigante de Arroyito.\u00a0<b>Jano Gordon<\/b>\u00a0fue la gran figura del partido al marcar los dos goles que le dieron al Fort\u00edn un nuevo t\u00edtulo.<\/p>\n<div id=\"ad-slot-infeed\" class=\"infeed-container\"><\/div>\n<p class=\"left paragraph font__body-regular\">El duelo enfrenta al campe\u00f3n de la Liga Profesional 2024, El Fort\u00edn, contra el ganador de la Copa Argentina 2024, el\u00a0<b>Ferroviario.<\/b><\/p>\n<p class=\"left paragraph font__body-regular\">Este encuentro se tom\u00f3 como una revancha de la final de la\u00a0<b>Copa Argentina 2024<\/b>, donde Central C\u00f3rdoba sorprendi\u00f3 al imponerse 1-0 con un gol de\u00a0<b>Mat\u00edas Godoy.<\/b><\/p>\n<p class=\"left paragraph font__body-regular\">El Fort\u00edn sum\u00f3 su segunda Supercopa Argentina y su 19\u00b0 t\u00edtulo oficial reconocido por la AFA. Adem\u00e1s, ya consigui\u00f3 la Supercopa Internacional ante Estudiantes de La Plata en este 2025.<\/p>\n<div class=\"genoa_description font__body-regular\">El gol de Jano Gordon para el 1-0 de V\u00e9lez ante Central C\u00f3rdoba de Santiago del Estero por la Supercopa Argentina. (Video: ESPN)<\/div>\n<div class=\"genoa_video raw relative\"><\/div>\n<\/div>\n<p>&nbsp;<\/p>\n<\/div>\n<\/div>\n<div class=\"wrapper-layout center-content max-width article-footer\">\n<div class=\"article__tags\">\n<h3 class=\"section-title font__display\"><img decoding=\"async\" src=\"https:\/\/media.mdzol.com\/p\/dceea63989cbec4fa75db96029ebcd0c\/adjuntos\/373\/imagenes\/001\/802\/0001802508\/760x0\/smart\/velez-vencio-central-cordoba-rosario-y-es-campeon-la-supercopa-argentina.jpg\" alt=\"V\u00e9lez le gan\u00f3 2-0 a Central C\u00f3rdoba y es supercampe\u00f3n!\" \/><\/h3>\n<p><iframe loading=\"lazy\" title=\"&quot;AHORA LE TENEMOS QUE GANAR A HURAC\u00c1N Y DESPU\u00c9S A RACING...&quot;: Guillermo, tras otro t\u00edtulo con V\u00e9lez\" width=\"500\" height=\"281\" src=\"https:\/\/www.youtube.com\/embed\/5srK6KoLkgg?feature=oembed\" frameborder=\"0\" allow=\"accelerometer; autoplay; clipboard-write; encrypted-media; gyroscope; picture-in-picture; web-share\" referrerpolicy=\"strict-origin-when-cross-origin\" allowfullscreen><\/iframe><\/p>\n<\/div>\n<\/div>\n","protected":false},"excerpt":{"rendered":"<p>Con goles de Gordon, el Fort\u00edn se coron\u00f3 ante el cojunton de Santiago del Estero en la cancha de Rosario Central. Otro t\u00edtulo para V\u00e9lez: le gan\u00f3 2-0 a Central C\u00f3rdoba y se qued\u00f3 con la Supercopa Argentina. &nbsp; Otro t\u00edtulo para V\u00e9lez: le gan\u00f3 2-0 a Central C\u00f3rdoba y se qued\u00f3 con la Supercopa &hellip;<\/p>\n","protected":false},"author":2,"featured_media":25017,"comment_status":"open","ping_status":"open","sticky":false,"template":"","format":"standard","meta":{"footnotes":""},"categories":[47],"tags":[],"class_list":["post-25016","post","type-post","status-publish","format-standard","has-post-thumbnail","hentry","category-nacionales"],"_links":{"self":[{"href":"https:\/\/www.sportchaco.com.ar\/index.php?rest_route=\/wp\/v2\/posts\/25016","targetHints":{"allow":["GET"]}}],"collection":[{"href":"https:\/\/www.sportchaco.com.ar\/index.php?rest_route=\/wp\/v2\/posts"}],"about":[{"href":"https:\/\/www.sportchaco.com.ar\/index.php?rest_route=\/wp\/v2\/types\/post"}],"author":[{"embeddable":true,"href":"https:\/\/www.sportchaco.com.ar\/index.php?rest_route=\/wp\/v2\/users\/2"}],"replies":[{"embeddable":true,"href":"https:\/\/www.sportchaco.com.ar\/index.php?rest_route=%2Fwp%2Fv2%2Fcomments&post=25016"}],"version-history":[{"count":4,"href":"https:\/\/www.sportchaco.com.ar\/index.php?rest_route=\/wp\/v2\/posts\/25016\/revisions"}],"predecessor-version":[{"id":25023,"href":"https:\/\/www.sportchaco.com.ar\/index.php?rest_route=\/wp\/v2\/posts\/25016\/revisions\/25023"}],"wp:featuredmedia":[{"embeddable":true,"href":"https:\/\/www.sportchaco.com.ar\/index.php?rest_route=\/wp\/v2\/media\/25017"}],"wp:attachment":[{"href":"https:\/\/www.sportchaco.com.ar\/index.php?rest_route=%2Fwp%2Fv2%2Fmedia&parent=25016"}],"wp:term":[{"taxonomy":"category","embeddable":true,"href":"https:\/\/www.sportchaco.com.ar\/index.php?rest_route=%2Fwp%2Fv2%2Fcategories&post=25016"},{"taxonomy":"post_tag","embeddable":true,"href":"https:\/\/www.sportchaco.com.ar\/index.php?rest_route=%2Fwp%2Fv2%2Ftags&post=25016"}],"curies":[{"name":"wp","href":"https:\/\/api.w.org\/{rel}","templated":true}]}}