{"id":25040,"date":"2025-09-07T10:58:29","date_gmt":"2025-09-07T13:58:29","guid":{"rendered":"https:\/\/www.sportchaco.com.ar\/?p=25040"},"modified":"2025-09-07T10:58:29","modified_gmt":"2025-09-07T13:58:29","slug":"alex-le-corto-la-racha-a-mark-marquez","status":"publish","type":"post","link":"https:\/\/www.sportchaco.com.ar\/?p=25040","title":{"rendered":"Alex le cort\u00f3 la racha a Mark M\u00e1rquez"},"content":{"rendered":"<h5><span style=\"color: #000000;\">\u00c1lex M\u00e1rquez demostr\u00f3 que tiene lo que se necesita para batir al gran tirano de la categor\u00eda, su hermano Marc, sobre la pista. Y m\u00e1s teniendo en cuenta de que nadie le hab\u00eda podido batir en las \u00faltimas siete citas. El peque\u00f1o de la saga familiar de campeones logr\u00f3 en casa,\u00a0<a style=\"color: #000000;\" title=\"https:\/\/elpais.com\/deportes\/motociclismo\/2025-09-07\/gp-de-cataluna-en-directo-el-mundial-de-motogp-en-vivo.html\" href=\"https:\/\/elpais.com\/deportes\/motociclismo\/2025-09-07\/gp-de-cataluna-en-directo-el-mundial-de-motogp-en-vivo.html\" target=\"_self\" rel=\"\" data-link-track-dtm=\"\">en el GP de Catalunya<\/a>, un triunfo de mucho valor despu\u00e9s de recuperarse del mazazo del s\u00e1bado y no cortarse ni un pelo en el maravilloso e incre\u00edble duelo fratricida de MotoGP.<\/span><\/h5>\n<p>&nbsp;<\/p>\n<p class=\"\">Con su victoria en el Circuit de Barcelona-Catalunya, que registr\u00f3 su mejor entrada desde 2008 con 187.000 espectadores a lo largo del fin de semana, el bicampe\u00f3n del mundo retras\u00f3 el alir\u00f3n del octocampe\u00f3n, que deber\u00e1 esperar a<span style=\"color: #000000;\"> la gira asi\u00e1tica para confirmar la novena corona.<\/span><\/p>\n<p class=\"\"><span style=\"color: #000000;\">Los hermanos plantearon un espect\u00e1culo magn\u00edfico ante su p\u00fablico, y es que su Cervera natal apenas se encuentra a 100 kil\u00f3metros del trazado. En la salida, Marc no tuvo reparos y se col\u00f3 por el interior de \u00c1lex, que hab\u00eda firmado una \u2018pole\u2019 estratosf\u00e9rica la jornada previa antes de caerse cuando lideraba en la carrera corta. El 93 no se lo puso f\u00e1cil, pero el piloto de Gresini ten\u00eda claramente mejor ritmo y supo sobreponerse al apret\u00f3n del rival m\u00e1s correoso de la parrilla. Con un buen rebufo en la recta en la cuarta vuelta le bast\u00f3 para arrancarle las pegatinas a la m\u00e1quina roja \u2013que ha logrado ya el sexto t\u00edtulo consecutivo de constructores \u2013 y ponerse a tirar en cabeza. Ah\u00ed empez\u00f3 una batalla contra el crono y la cabeza.<\/span><\/p>\n<div id=\"elpais_gpt-INTEXT\"><\/div>\n<p class=\"\"><span style=\"color: #000000;\">En la \u2018sprint\u2019 ya hab\u00eda demostrado que ten\u00eda la velocidad necesaria para batirle, pero una peque\u00f1a distracci\u00f3n le mand\u00f3 al suelo y evit\u00f3 que se impusiera. El domingo supo resarcirse del error y mantenerse impert\u00e9rrito en cabeza. Por mucho que Marc hiciera la goma,\u00a0<a style=\"color: #000000;\" title=\"https:\/\/elpais.com\/deportes\/motociclismo\/2025-09-06\/una-caida-de-alex-marquez-entrega-en-bandeja-la-victoria-a-marc-todavia-mas-cerca-del-titulo-en-el-gp-de-catalunya.html\" href=\"https:\/\/elpais.com\/deportes\/motociclismo\/2025-09-06\/una-caida-de-alex-marquez-entrega-en-bandeja-la-victoria-a-marc-todavia-mas-cerca-del-titulo-en-el-gp-de-catalunya.html\" target=\"_self\" rel=\"\" data-link-track-dtm=\"\">siempre a menos de medio segundo hasta que tuvo un susto en la frenada del estadio<\/a>\u00a0a cuatro giros de la bandera de cuadros. \u00c1lex supo mantener a raya al hurac\u00e1n de MotoGP, que ven\u00eda de encadenar 15 triunfos consecutivos.<\/span><\/p>\n<div id=\"sum_twitter\" class=\"a_em _df\" data-oembed-type=\"twitter\">\n<div class=\"twitter-tweet twitter-tweet-rendered\"><img decoding=\"async\" class=\"aligncenter\" src=\"https:\/\/imagenes.elpais.com\/resizer\/v2\/JERF7N2W4VN45DM5NUVQGHYQSE.jpg?auth=9d58985f92e1c1bcd5a55683397ccebf45bd8d3f4ceae591e56ca9c4f1176dd5&amp;width=414\" alt=\"\u00c1lex M\u00e1rquez celebra el triunfo en Montmel\u00f3 por delante de su hermano Marc.\" \/><\/div>\n<\/div>\n<p class=\"\">\u201cMarc puede esperar\u201d, bromeaba su madre, Roser, en el garaje. Lo que est\u00e1n logrando sus hijos es de pel\u00edcula de Hollywood. Aunque ha sido la t\u00f3nica general del a\u00f1o, no deja de resultar maravilloso que el duelo en la cumbre del motociclismo de velocidad fuera una vez m\u00e1s cosa de los dos hermanos. Nadie m\u00e1s les pudo seguir una vez m\u00e1s, con el italiano\u00a0<a title=\"https:\/\/elpais.com\/deportes\/motociclismo\/2025-08-24\/la-espeluznante-caida-de-enea-bastianini-confirma-las-dudas-sobre-la-seguridad-del-balaton-park.html\" href=\"https:\/\/elpais.com\/deportes\/motociclismo\/2025-08-24\/la-espeluznante-caida-de-enea-bastianini-confirma-las-dudas-sobre-la-seguridad-del-balaton-park.html\" target=\"_self\" rel=\"\" data-link-track-dtm=\"\">Enea Bastianini<\/a>\u00a0(KTM), completando el podio a m\u00e1s de cinco segundos del ganador de la carrera. \u201cCuando los hermanos han pegado el tir\u00f3n, ya no he podido hacer nada\u201d, reconoci\u00f3 el piloto de R\u00edmini.<\/p>\n<p class=\"\">\u201cEstoy contento por todos, por m\u00ed, por \u00c1lex y por Ducati. En un circuito dif\u00edcil pude terminar segundo, y \u00e9l se merec\u00eda mucho este triunfo\u201d, convino Marc ante una afici\u00f3n entregada, desde el parque cerrado. \u201cTodav\u00eda me duele lo de ayer, pero pude pegar el tir\u00f3n que necesitaba al final para ganar. Estoy contento, sobre todo por el equipo, volvemos a estar donde merecemos estar\u201d, celebr\u00f3 el ganador, que refuerza su campa\u00f1a por el <span style=\"color: #000000;\">subcampeonato a lomos de la Ducati sat\u00e9lite del equipo Gresini.<\/span><\/p>\n<p class=\"\"><span style=\"color: #000000;\"><a style=\"color: #000000;\" title=\"https:\/\/elpais.com\/deportes\/motociclismo\/2025-05-08\/alex-marquez-piloto-de-motogp-se-me-ha-hecho-bola-algunas-veces-ser-el-hermano-de-marc.html\" href=\"https:\/\/elpais.com\/deportes\/motociclismo\/2025-05-08\/alex-marquez-piloto-de-motogp-se-me-ha-hecho-bola-algunas-veces-ser-el-hermano-de-marc.html\" target=\"_self\" rel=\"\" data-link-track-dtm=\"\">La fiesta de los M\u00e1rquez Alent\u00e0 fue completa en Montmel\u00f3<\/a>,<\/span> con un bonito abrazo fraternal ante la afici\u00f3n despu\u00e9s de su lucha fratricida, una imagen que subraya lo extraordinario de estos dos talentos \u00fanicos e irrepetibles. Nunca dos hermanos hab\u00edan dominado as\u00ed en la \u00e9lite, y lo mejor para ellos es que los fastos contin\u00faan. Aunque matem\u00e1ticamente ya no ser\u00e1 en casa de Ducati y Valentino Rossi, en Misano, el t\u00edtulo de Marc sigue a punto de caramelo y es cuesti\u00f3n de semanas.<\/p>\n<header class=\"article-header\">\n<h1><\/h1>\n<\/header>\n<figure class=\"iframe-video article-figure video\" data-video=\"watch,640,360,15644289,whitelist-CO|PE|UY|BS|MX|PA|BZ|NI|BB|GD|BO|EC|DO|VE|CR|HN|AR|JM|SV|CL|AW|CU|GT|PY|\" data-cerebro-id=\"68bd85910ddf6d430430e24c\" data-title=\"\u00c1lex M\u00e1rquez gan\u00f3 en Catalu\u00f1a\" data-source=\"deportes\">\n<div class=\"img-wrap\"><\/div><figcaption>\n<div class=\"caption-wrapper\">\n<div class=\"text-container\">\n<p>&nbsp;<\/p>\n<\/div>\n<\/div>\n<\/figcaption><\/figure>\n<div class=\"article-body\">\n<div class=\"article-meta\"><\/div>\n<div class=\"content-reactions reactions-not-allowed\" data-behavior=\"content_reactions\" data-contentid=\"15644176\" data-nowid=\"18-15644176\" data-contenttitle=\"MotoGP: \u00c1lex M\u00e1rquez se tom\u00f3 revancha y venci\u00f3 a Marc en Catalu\u00f1a\">\n<div class=\"content-reactions_reactions-wrapper\">\n<div class=\"share-button-wrapper\"><\/div>\n<\/div>\n<div class=\"content-reactions_count-wrapper\"><\/div>\n<\/div>\n<h2>El menor de los hermanos MARQUEZ se qued\u00f3 con la 15\u00aa fecha del Mundial, un d\u00eda despu\u00e9s de perder el sprint por una ca\u00edda. Enea Bastianini complet\u00f3 el podio.<\/h2>\n<aside class=\"inline inline-photo full\">\n<figure><picture><source srcset=\"https:\/\/a3.espncdn.com\/combiner\/i?img=%2Fphoto%2F2025%2F0907%2Fr1542114_1296x729_16%2D9.jpg&amp;w=570&amp;format=jpg, https:\/\/a3.espncdn.com\/combiner\/i?img=%2Fphoto%2F2025%2F0907%2Fr1542114_1296x729_16%2D9.jpg&amp;w=1140&amp;cquality=40&amp;format=jpg 2x\" media=\"(min-width: 376px)\" data-srcset=\"https:\/\/a3.espncdn.com\/combiner\/i?img=%2Fphoto%2F2025%2F0907%2Fr1542114_1296x729_16%2D9.jpg&amp;w=570&amp;format=jpg, https:\/\/a3.espncdn.com\/combiner\/i?img=%2Fphoto%2F2025%2F0907%2Fr1542114_1296x729_16%2D9.jpg&amp;w=1140&amp;cquality=40&amp;format=jpg 2x\" \/><source srcset=\"https:\/\/a3.espncdn.com\/combiner\/i?img=%2Fphoto%2F2025%2F0907%2Fr1542114_1296x729_16%2D9.jpg&amp;w=375, https:\/\/a3.espncdn.com\/combiner\/i?img=%2Fphoto%2F2025%2F0907%2Fr1542114_1296x729_16%2D9.jpg&amp;w=750&amp;cquality=40&amp;format=jpg 2x\" media=\"(max-width: 375px)\" data-srcset=\"https:\/\/a3.espncdn.com\/combiner\/i?img=%2Fphoto%2F2025%2F0907%2Fr1542114_1296x729_16%2D9.jpg&amp;w=375, https:\/\/a3.espncdn.com\/combiner\/i?img=%2Fphoto%2F2025%2F0907%2Fr1542114_1296x729_16%2D9.jpg&amp;w=750&amp;cquality=40&amp;format=jpg 2x\" \/><img class=\" imageLoaded lazyloaded\" width=\"570\" height=\"320\" data-image-container=\".inline-photo\" \/><\/picture><\/figure>\n<\/aside>\n<\/div>\n<div class=\"ev-unit\">\n<div class=\"ev-hd\">Clasificaci\u00f3n GP<\/div>\n<div class=\"ev-main\">\n<div class=\"ev-fw-wr-fltr\">\n<div class=\"ev-fltr\">\n<nav class=\"tab-nav\">\n<div class=\"ev-unit\">\n<div class=\"ev-main\">\n<div class=\"ev-fw-wr-fltr\">\n<div class=\"stat-tab is-tab is-active\" data-id=\"tab_01\">\n<div class=\"tbl-responsive\">\n<div class=\"tbl-res-over\">\n<table class=\"tbl tbl-scroll\">\n<thead>\n<tr>\n<th><span class=\"tbl-row-head\"><abbr title=\"Posici\u00f3n\">pos<\/abbr><\/span>\u00a0<span class=\"tbl-row-head\">piloto<\/span><\/th>\n<th scope=\"col\"><abbr title=\"Escuder\u00eda\">Esc<\/abbr><\/th>\n<th class=\"right\" scope=\"col\"><abbr title=\"Tiempo\">Tiempo<\/abbr><\/th>\n<\/tr>\n<\/thead>\n<tbody>\n<tr>\n<td><span class=\"tbl-row-num\">1<\/span><\/p>\n<div class=\"in-team\">\n<div class=\"round-flag\"><img loading=\"lazy\" decoding=\"async\" class=\"in-team-logo\" title=\"Espa\u00f1a\" src=\"https:\/\/static.prisa.com\/aside\/resizer\/resize\/img\/common\/countries\/esp.svg\" width=\"16\" height=\"12\" data-error-image=\"https:\/\/static.prisa.com\/aside\/resizer\/resize\/img\/common\/countries\/default.svg\" \/><\/div>\n<p><span class=\"in-team-name\"><span class=\"full\">\u00c1lex M\u00e1rquez<\/span><\/span><\/div>\n<\/td>\n<td><span class=\"bk-tm\">DUCATI<\/span><\/td>\n<td class=\"right\">40:14.093<\/td>\n<\/tr>\n<tr>\n<td><span class=\"tbl-row-num\">2<\/span><\/p>\n<div class=\"in-team\">\n<div class=\"round-flag\"><img loading=\"lazy\" decoding=\"async\" class=\"in-team-logo\" title=\"Espa\u00f1a\" src=\"https:\/\/static.prisa.com\/aside\/resizer\/resize\/img\/common\/countries\/esp.svg\" width=\"16\" height=\"12\" data-error-image=\"https:\/\/static.prisa.com\/aside\/resizer\/resize\/img\/common\/countries\/default.svg\" \/><\/div>\n<p><span class=\"in-team-name\"><span class=\"full\">Marc M\u00e1rquez<\/span><\/span><\/div>\n<\/td>\n<td><span class=\"bk-tm\">DUCATI<\/span><\/td>\n<td class=\"right\">+1.740<\/td>\n<\/tr>\n<tr>\n<td><span class=\"tbl-row-num\">3<\/span><\/p>\n<div class=\"in-team\">\n<div class=\"round-flag\"><img loading=\"lazy\" decoding=\"async\" class=\"in-team-logo\" title=\"Italia\" src=\"https:\/\/static.prisa.com\/aside\/resizer\/resize\/img\/common\/countries\/ita.svg\" width=\"16\" height=\"12\" data-error-image=\"https:\/\/static.prisa.com\/aside\/resizer\/resize\/img\/common\/countries\/default.svg\" \/><\/div>\n<p><span class=\"in-team-name\"><span class=\"full\">Enea Bastianini<\/span><\/span><\/div>\n<\/td>\n<td><span class=\"bk-tm\">KTM<\/span><\/td>\n<td class=\"right\">+5.562<\/td>\n<\/tr>\n<tr>\n<td><span class=\"tbl-row-num\">4<\/span><\/p>\n<div class=\"in-team\">\n<div class=\"round-flag\"><img loading=\"lazy\" decoding=\"async\" class=\"in-team-logo\" title=\"Espa\u00f1a\" src=\"https:\/\/static.prisa.com\/aside\/resizer\/resize\/img\/common\/countries\/esp.svg\" width=\"16\" height=\"12\" data-error-image=\"https:\/\/static.prisa.com\/aside\/resizer\/resize\/img\/common\/countries\/default.svg\" \/><\/div>\n<p><span class=\"in-team-name\"><span class=\"full\">Pedro Acosta<\/span><\/span><\/div>\n<\/td>\n<td><span class=\"bk-tm\">KTM<\/span><\/td>\n<td class=\"right\">+13.373<\/td>\n<\/tr>\n<tr>\n<td><span class=\"tbl-row-num\">5<\/span><\/p>\n<div class=\"in-team\">\n<div class=\"round-flag\"><img loading=\"lazy\" decoding=\"async\" class=\"in-team-logo\" title=\"Francia\" src=\"https:\/\/static.prisa.com\/aside\/resizer\/resize\/img\/common\/countries\/fra.svg\" width=\"16\" height=\"12\" data-error-image=\"https:\/\/static.prisa.com\/aside\/resizer\/resize\/img\/common\/countries\/default.svg\" \/><\/div>\n<p><span class=\"in-team-name\"><span class=\"full\">Fabio Quartararo<\/span><\/span><\/div>\n<\/td>\n<td><span class=\"bk-tm\">YAMAHA<\/span><\/td>\n<td class=\"right\">+14.409<\/td>\n<\/tr>\n<tr>\n<td><span class=\"tbl-row-num\">6<\/span><\/p>\n<div class=\"in-team\">\n<div class=\"round-flag\"><img loading=\"lazy\" decoding=\"async\" class=\"in-team-logo\" title=\"Jap\u00f3n\" src=\"https:\/\/static.prisa.com\/aside\/resizer\/resize\/img\/common\/countries\/jpn.svg\" width=\"16\" height=\"12\" data-error-image=\"https:\/\/static.prisa.com\/aside\/resizer\/resize\/img\/common\/countries\/default.svg\" \/><\/div>\n<p><span class=\"in-team-name\"><span class=\"full\">Ai Ogura<\/span><\/span><\/div>\n<\/td>\n<td><span class=\"bk-tm\">APRILIA<\/span><\/td>\n<td class=\"right\">+15.055<\/td>\n<\/tr>\n<tr>\n<td><span class=\"tbl-row-num\">7<\/span><\/p>\n<div class=\"in-team\">\n<div class=\"round-flag\"><img loading=\"lazy\" decoding=\"async\" class=\"in-team-logo\" title=\"Italia\" src=\"https:\/\/static.prisa.com\/aside\/resizer\/resize\/img\/common\/countries\/ita.svg\" width=\"16\" height=\"12\" data-error-image=\"https:\/\/static.prisa.com\/aside\/resizer\/resize\/img\/common\/countries\/default.svg\" \/><\/div>\n<p><span class=\"in-team-name\"><span class=\"full\">Francesco Bagnaia<\/span><\/span><\/div>\n<\/td>\n<td><span class=\"bk-tm\">DUCATI<\/span><\/td>\n<td class=\"right\">+16.048<\/td>\n<\/tr>\n<tr>\n<td><span class=\"tbl-row-num\">8<\/span><\/p>\n<div class=\"in-team\">\n<div class=\"round-flag\"><img loading=\"lazy\" decoding=\"async\" class=\"in-team-logo\" title=\"Italia\" src=\"https:\/\/static.prisa.com\/aside\/resizer\/resize\/img\/common\/countries\/ita.svg\" width=\"16\" height=\"12\" data-error-image=\"https:\/\/static.prisa.com\/aside\/resizer\/resize\/img\/common\/countries\/default.svg\" \/><\/div>\n<p><span class=\"in-team-name\"><span class=\"full\">Luca Marini<\/span><\/span><\/div>\n<\/td>\n<td><span class=\"bk-tm\">HONDA<\/span><\/td>\n<td class=\"right\">+16.372<\/td>\n<\/tr>\n<tr>\n<td><span class=\"tbl-row-num\">9<\/span><\/p>\n<div class=\"in-team\">\n<div class=\"round-flag\"><img loading=\"lazy\" decoding=\"async\" class=\"in-team-logo\" title=\"Portugal\" src=\"https:\/\/static.prisa.com\/aside\/resizer\/resize\/img\/common\/countries\/por.svg\" width=\"16\" height=\"12\" data-error-image=\"https:\/\/static.prisa.com\/aside\/resizer\/resize\/img\/common\/countries\/default.svg\" \/><\/div>\n<p><span class=\"in-team-name\"><span class=\"full\">Miguel Oliveira<\/span><\/span><\/div>\n<\/td>\n<td><span class=\"bk-tm\">YAMAHA<\/span><\/td>\n<td class=\"right\">+16.937<\/td>\n<\/tr>\n<tr>\n<td><span class=\"tbl-row-num\">10<\/span><\/p>\n<div class=\"in-team\">\n<div class=\"round-flag\"><img loading=\"lazy\" decoding=\"async\" class=\"in-team-logo\" title=\"Espa\u00f1a\" src=\"https:\/\/static.prisa.com\/aside\/resizer\/resize\/img\/common\/countries\/esp.svg\" width=\"16\" height=\"12\" data-error-image=\"https:\/\/static.prisa.com\/aside\/resizer\/resize\/img\/common\/countries\/default.svg\" \/><\/div>\n<p><span class=\"in-team-name\"><span class=\"full\">Jorge Martin<\/span><\/span><\/div>\n<\/td>\n<td><span class=\"bk-tm\">APRILIA<\/span><\/td>\n<td class=\"right\">+18.492<\/td>\n<\/tr>\n<\/tbody>\n<\/table>\n<\/div>\n<\/div>\n<\/div>\n<\/div>\n<\/div>\n<\/div>\n<div class=\"ev-unit\">\n<div class=\"ev-hd\">Clasificaci\u00f3n Mundial<\/div>\n<div class=\"ev-main\">\n<div class=\"ev-fw-wr-fltr\">\n<div class=\"ev-fltr\">\n<nav class=\"tab-nav\"><button class=\"tab-btn is-active\" data-tab_target=\"tab_01\"><span class=\"st\">Pilotos<\/span><\/button><button class=\"tab-btn\" data-tab_target=\"tab_02\"><span class=\"st\">Escuder\u00edas<\/span><\/button><\/nav>\n<\/div>\n<div class=\"stat-tab is-tab is-active\" data-id=\"tab_01\">\n<div class=\"tbl-responsive\">\n<div class=\"tbl-res-over\">\n<table class=\"tbl tbl-scroll\">\n<thead>\n<tr>\n<th><span class=\"tbl-row-head\"><abbr title=\"Posici\u00f3n\">pos<\/abbr><\/span>\u00a0<span class=\"tbl-row-head\">piloto<\/span><\/th>\n<th scope=\"col\"><abbr title=\"Escuder\u00eda\">Esc<\/abbr><\/th>\n<th scope=\"col\"><abbr title=\"Puntos\">Pts<\/abbr><\/th>\n<\/tr>\n<\/thead>\n<tbody>\n<tr>\n<td><span class=\"tbl-row-num\">1<\/span><\/p>\n<div class=\"in-team\">\n<div class=\"round-flag\"><img loading=\"lazy\" decoding=\"async\" class=\"in-team-logo\" title=\"Espa\u00f1a\" src=\"https:\/\/static.prisa.com\/aside\/resizer\/resize\/img\/common\/countries\/esp.svg\" width=\"16\" height=\"12\" data-error-image=\"https:\/\/static.prisa.com\/aside\/resizer\/resize\/img\/common\/countries\/default.svg\" \/><\/div>\n<p><span class=\"in-team-name\"><span class=\"full\">Marc M\u00e1rquez<\/span><\/span><\/div>\n<\/td>\n<td><span class=\"bk-tm\">DUCATI<\/span><\/td>\n<td><strong>487<\/strong><\/td>\n<\/tr>\n<tr>\n<td><span class=\"tbl-row-num\">2<\/span><\/p>\n<div class=\"in-team\">\n<div class=\"round-flag\"><img loading=\"lazy\" decoding=\"async\" class=\"in-team-logo\" title=\"Espa\u00f1a\" src=\"https:\/\/static.prisa.com\/aside\/resizer\/resize\/img\/common\/countries\/esp.svg\" width=\"16\" height=\"12\" data-error-image=\"https:\/\/static.prisa.com\/aside\/resizer\/resize\/img\/common\/countries\/default.svg\" \/><\/div>\n<p><span class=\"in-team-name\"><span class=\"full\">\u00c1lex M\u00e1rquez<\/span><\/span><\/div>\n<\/td>\n<td><span class=\"bk-tm\">DUCATI<\/span><\/td>\n<td><strong>305<\/strong><\/td>\n<\/tr>\n<tr>\n<td><span class=\"tbl-row-num\">3<\/span><\/p>\n<div class=\"in-team\">\n<div class=\"round-flag\"><img loading=\"lazy\" decoding=\"async\" class=\"in-team-logo\" title=\"Italia\" src=\"https:\/\/static.prisa.com\/aside\/resizer\/resize\/img\/common\/countries\/ita.svg\" width=\"16\" height=\"12\" data-error-image=\"https:\/\/static.prisa.com\/aside\/resizer\/resize\/img\/common\/countries\/default.svg\" \/><\/div>\n<p><span class=\"in-team-name\"><span class=\"full\">Francesco Bagnaia<\/span><\/span><\/div>\n<\/td>\n<td><span class=\"bk-tm\">DUCATI<\/span><\/td>\n<td><strong>237<\/strong><\/td>\n<\/tr>\n<tr>\n<td><span class=\"tbl-row-num\">4<\/span><\/p>\n<div class=\"in-team\">\n<div class=\"round-flag\"><img loading=\"lazy\" decoding=\"async\" class=\"in-team-logo\" title=\"Italia\" src=\"https:\/\/static.prisa.com\/aside\/resizer\/resize\/img\/common\/countries\/ita.svg\" width=\"16\" height=\"12\" data-error-image=\"https:\/\/static.prisa.com\/aside\/resizer\/resize\/img\/common\/countries\/default.svg\" \/><\/div>\n<p><span class=\"in-team-name\"><span class=\"full\">Marco Bezzecchi<\/span><\/span><\/div>\n<\/td>\n<td><span class=\"bk-tm\">APRILIA<\/span><\/td>\n<td><strong>197<\/strong><\/td>\n<\/tr>\n<tr>\n<td><span class=\"tbl-row-num\">5<\/span><\/p>\n<div class=\"in-team\">\n<div class=\"round-flag\"><img loading=\"lazy\" decoding=\"async\" class=\"in-team-logo\" title=\"Espa\u00f1a\" src=\"https:\/\/static.prisa.com\/aside\/resizer\/resize\/img\/common\/countries\/esp.svg\" width=\"16\" height=\"12\" data-error-image=\"https:\/\/static.prisa.com\/aside\/resizer\/resize\/img\/common\/countries\/default.svg\" \/><\/div>\n<p><span class=\"in-team-name\"><span class=\"full\">Pedro Acosta<\/span><\/span><\/div>\n<\/td>\n<td><span class=\"bk-tm\">KTM<\/span><\/td>\n<td><strong>183<\/strong><\/td>\n<\/tr>\n<tr>\n<td><span class=\"tbl-row-num\">6<\/span><\/p>\n<div class=\"in-team\">\n<div class=\"round-flag\"><img loading=\"lazy\" decoding=\"async\" class=\"in-team-logo\" title=\"Italia\" src=\"https:\/\/static.prisa.com\/aside\/resizer\/resize\/img\/common\/countries\/ita.svg\" width=\"16\" height=\"12\" data-error-image=\"https:\/\/static.prisa.com\/aside\/resizer\/resize\/img\/common\/countries\/default.svg\" \/><\/div>\n<p><span class=\"in-team-name\"><span class=\"full\">Franco Morbidelli<\/span><\/span><\/div>\n<\/td>\n<td><span class=\"bk-tm\">DUCATI<\/span><\/td>\n<td><strong>161<\/strong><\/td>\n<\/tr>\n<tr>\n<td><span class=\"tbl-row-num\">7<\/span><\/p>\n<div class=\"in-team\">\n<div class=\"round-flag\"><img loading=\"lazy\" decoding=\"async\" class=\"in-team-logo\" title=\"Italia\" src=\"https:\/\/static.prisa.com\/aside\/resizer\/resize\/img\/common\/countries\/ita.svg\" width=\"16\" height=\"12\" data-error-image=\"https:\/\/static.prisa.com\/aside\/resizer\/resize\/img\/common\/countries\/default.svg\" \/><\/div>\n<p><span class=\"in-team-name\"><span class=\"full\">Fabio Di Giannantonio<\/span><\/span><\/div>\n<\/td>\n<td><span class=\"bk-tm\">DUCATI<\/span><\/td>\n<td><strong>161<\/strong><\/td>\n<\/tr>\n<tr>\n<td><span class=\"tbl-row-num\">8<\/span><\/p>\n<div class=\"in-team\">\n<div class=\"round-flag\"><img loading=\"lazy\" decoding=\"async\" class=\"in-team-logo\" title=\"Francia\" src=\"https:\/\/static.prisa.com\/aside\/resizer\/resize\/img\/common\/countries\/fra.svg\" width=\"16\" height=\"12\" data-error-image=\"https:\/\/static.prisa.com\/aside\/resizer\/resize\/img\/common\/countries\/default.svg\" \/><\/div>\n<p><span class=\"in-team-name\"><span class=\"full\">Fabio Quartararo<\/span><\/span><\/div>\n<\/td>\n<td><span class=\"bk-tm\">YAMAHA<\/span><\/td>\n<td><strong>129<\/strong><\/td>\n<\/tr>\n<tr>\n<td><span class=\"tbl-row-num\">9<\/span><\/p>\n<div class=\"in-team\">\n<div class=\"round-flag\"><img loading=\"lazy\" decoding=\"async\" class=\"in-team-logo\" title=\"Espa\u00f1a\" src=\"https:\/\/static.prisa.com\/aside\/resizer\/resize\/img\/common\/countries\/esp.svg\" width=\"16\" height=\"12\" data-error-image=\"https:\/\/static.prisa.com\/aside\/resizer\/resize\/img\/common\/countries\/default.svg\" \/><\/div>\n<p><span class=\"in-team-name\"><span class=\"full\">Ferm\u00edn Aldeguer<\/span><\/span><\/div>\n<\/td>\n<td><span class=\"bk-tm\">DUCATI<\/span><\/td>\n<td><strong>127<\/strong><\/td>\n<\/tr>\n<tr>\n<td><span class=\"tbl-row-num\">10<\/span><\/p>\n<div class=\"in-team\">\n<div class=\"round-flag\"><img loading=\"lazy\" decoding=\"async\" class=\"in-team-logo\" title=\"Francia\" src=\"https:\/\/static.prisa.com\/aside\/resizer\/resize\/img\/common\/countries\/fra.svg\" width=\"16\" height=\"12\" data-error-image=\"https:\/\/static.prisa.com\/aside\/resizer\/resize\/img\/common\/countries\/default.svg\" \/><\/div>\n<p><span class=\"in-team-name\"><span class=\"full\">Johann Zarco<\/span><\/span><\/div>\n<\/td>\n<td><span class=\"bk-tm\">HONDA<\/span><\/td>\n<td><strong>117<\/strong><\/td>\n<\/tr>\n<\/tbody>\n<\/table>\n<\/div>\n<\/div>\n<\/div>\n<\/div>\n<\/div>\n<\/div>\n<\/nav>\n<\/div>\n<\/div>\n<\/div>\n<\/div>\n","protected":false},"excerpt":{"rendered":"<p>\u00c1lex M\u00e1rquez demostr\u00f3 que tiene lo que se necesita para batir al gran tirano de la categor\u00eda, su hermano Marc, sobre la pista. Y m\u00e1s teniendo en cuenta de que nadie le hab\u00eda podido batir en las \u00faltimas siete citas. El peque\u00f1o de la saga familiar de campeones logr\u00f3 en casa,\u00a0en el GP de Catalunya, &hellip;<\/p>\n","protected":false},"author":2,"featured_media":25041,"comment_status":"open","ping_status":"open","sticky":false,"template":"","format":"standard","meta":{"footnotes":""},"categories":[59],"tags":[],"class_list":["post-25040","post","type-post","status-publish","format-standard","has-post-thumbnail","hentry","category-motociclismo"],"_links":{"self":[{"href":"https:\/\/www.sportchaco.com.ar\/index.php?rest_route=\/wp\/v2\/posts\/25040","targetHints":{"allow":["GET"]}}],"collection":[{"href":"https:\/\/www.sportchaco.com.ar\/index.php?rest_route=\/wp\/v2\/posts"}],"about":[{"href":"https:\/\/www.sportchaco.com.ar\/index.php?rest_route=\/wp\/v2\/types\/post"}],"author":[{"embeddable":true,"href":"https:\/\/www.sportchaco.com.ar\/index.php?rest_route=\/wp\/v2\/users\/2"}],"replies":[{"embeddable":true,"href":"https:\/\/www.sportchaco.com.ar\/index.php?rest_route=%2Fwp%2Fv2%2Fcomments&post=25040"}],"version-history":[{"count":1,"href":"https:\/\/www.sportchaco.com.ar\/index.php?rest_route=\/wp\/v2\/posts\/25040\/revisions"}],"predecessor-version":[{"id":25042,"href":"https:\/\/www.sportchaco.com.ar\/index.php?rest_route=\/wp\/v2\/posts\/25040\/revisions\/25042"}],"wp:featuredmedia":[{"embeddable":true,"href":"https:\/\/www.sportchaco.com.ar\/index.php?rest_route=\/wp\/v2\/media\/25041"}],"wp:attachment":[{"href":"https:\/\/www.sportchaco.com.ar\/index.php?rest_route=%2Fwp%2Fv2%2Fmedia&parent=25040"}],"wp:term":[{"taxonomy":"category","embeddable":true,"href":"https:\/\/www.sportchaco.com.ar\/index.php?rest_route=%2Fwp%2Fv2%2Fcategories&post=25040"},{"taxonomy":"post_tag","embeddable":true,"href":"https:\/\/www.sportchaco.com.ar\/index.php?rest_route=%2Fwp%2Fv2%2Ftags&post=25040"}],"curies":[{"name":"wp","href":"https:\/\/api.w.org\/{rel}","templated":true}]}}