{"id":25049,"date":"2025-09-07T19:48:13","date_gmt":"2025-09-07T22:48:13","guid":{"rendered":"https:\/\/www.sportchaco.com.ar\/?p=25049"},"modified":"2025-09-07T19:48:25","modified_gmt":"2025-09-07T22:48:25","slug":"25049","status":"publish","type":"post","link":"https:\/\/www.sportchaco.com.ar\/?p=25049","title":{"rendered":"Alcaraz regresa al No. 1 del mundo con su triunfo en el US Open"},"content":{"rendered":"<p>&nbsp;<\/p>\n<h2><span style=\"font-size: 16px; font-weight: 400;\">07-08-2025<\/span><\/h2>\n<div class=\"timestamp\"><\/div>\n<h5><span style=\"color: #000000;\"><a style=\"color: #000000;\" href=\"https:\/\/www.atptour.com\/es\/players\/carlos-alcaraz\/a0e2\/overview\">Carlos Alcaraz<\/a>\u00a0sell\u00f3 su regreso al No. 1 del PIF ATP Ranking por primera vez desde 2023 al derrotar a su m\u00e1ximo rival\u00a0<a style=\"color: #000000;\" href=\"https:\/\/www.atptour.com\/es\/players\/jannik-sinner\/s0ag\/overview\">Jannik Sinner<\/a>\u00a0en la final del\u00a0<a style=\"color: #000000;\" href=\"https:\/\/www.atptour.com\/es\/tournaments\/us-open\/560\/overview\">US Open<\/a> el domingo.. El espa\u00f1ol de 22 a\u00f1os comenzar\u00e1 el lunes su quinta etapa como No. 1 del mundo y su 37\u00aa semana en la cima. Alcaraz super\u00f3 a Sinner en el PIF ATP Live Rankings al inicio del torneo, aumentando la presi\u00f3n antes de confirmar su regreso al No. 1 con una victoria de gran calidad por 6-2, 3-6, 6-1, 6-4 sobre el italiano en la final.<\/span><\/h5>\n<p><span style=\"color: #000000;\">En 2022, Alcaraz derrot\u00f3 a\u00a0<a style=\"color: #000000;\" href=\"https:\/\/www.atptour.com\/es\/players\/casper-ruud\/rh16\/overview\">Casper Ruud<\/a>\u00a0en la final del\u00a0<a style=\"color: #000000;\" href=\"https:\/\/www.atptour.com\/es\/tournaments\/us-open\/560\/overview\">US Open<\/a>\u00a0para alzarse con su primer Grand SLam y, al mismo tiempo, convertirse en el No. 1 m\u00e1s joven de la historia con 19 a\u00f1os y cuatro meses. El domingo, Alcaraz gan\u00f3 otro duelo decisivo, esta vez con Sinner, para regresar al No. 1 por primera vez desde el 10 de septiembre de 2023.<\/span><\/p>\n<p><img decoding=\"async\" src=\"https:\/\/www.atptour.com\/-\/media\/images\/news\/2025\/09\/07\/22\/05\/us-open-2025-trofeo-alcaraz.jpg\" alt=\"Carlos Alcaraz asegura en Nueva York el No. 1 con su sexto Grand Slam | ATP Tour | Tennis\" \/><\/p>\n<p><span style=\"color: #000000;\">Sinner, quien se convirti\u00f3 en el primer italiano en alcanzar el No. 1 del mundo el 10 de junio de 2024, ocup\u00f3 el puesto durante 65 semanas consecutivas. Su reinado de debut se ubica como el cuarto m\u00e1s largo de la historia, despu\u00e9s de\u00a0<a style=\"color: #000000;\" href=\"https:\/\/www.atptour.com\/es\/players\/roger-federer\/f324\/overview\">Roger Federer<\/a>\u00a0(237),\u00a0<a style=\"color: #000000;\" href=\"https:\/\/www.atptour.com\/es\/players\/jimmy-connors\/c044\/overview\">Jimmy Connors<\/a>\u00a0(160) y\u00a0<a style=\"color: #000000;\" href=\"https:\/\/www.atptour.com\/es\/players\/lleyton-hewitt\/h432\/overview\">Lleyton Hewitt<\/a>\u00a0(75).<\/span><\/p>\n<p><span style=\"color: #000000;\">A los 19 a\u00f1os, Alcaraz se convirti\u00f3 en el hombre m\u00e1s joven en alzarse con el ATP Year-End No. 1 presented by PIF en 2022, convirti\u00e9ndose en el primer adolescente en lograr tal haza\u00f1a. Ahora, con 61 victorias, l\u00edder del Tour, y siete t\u00edtulos en 2025, seg\u00fan el \u00cdndice de Victorias\/Derrotas Infosys de la ATP, Alcaraz est\u00e1 bien posicionad<\/span>o para recuperar ese galard\u00f3n en 2025.<\/p>\n<p><img decoding=\"async\" src=\"https:\/\/images.pagina12.com.ar\/styles\/focal_3_2_470x313\/public\/2025-09\/969483-alcaraz-efe.jpg?h=e6cb4de8&amp;itok=gi-1eryR\" alt=\"Alcaraz ya consum\u00f3 su triunfo ante Djokovic y es finalista\" \/><\/p>\n","protected":false},"excerpt":{"rendered":"<p>&nbsp; 07-08-2025 Carlos Alcaraz\u00a0sell\u00f3 su regreso al No. 1 del PIF ATP Ranking por primera vez desde 2023 al derrotar a su m\u00e1ximo rival\u00a0Jannik Sinner\u00a0en la final del\u00a0US Open el domingo.. El espa\u00f1ol de 22 a\u00f1os comenzar\u00e1 el lunes su quinta etapa como No. 1 del mundo y su 37\u00aa semana en la cima. Alcaraz &hellip;<\/p>\n","protected":false},"author":2,"featured_media":25050,"comment_status":"open","ping_status":"open","sticky":false,"template":"","format":"standard","meta":{"footnotes":""},"categories":[46],"tags":[],"class_list":["post-25049","post","type-post","status-publish","format-standard","has-post-thumbnail","hentry","category-tenis"],"_links":{"self":[{"href":"https:\/\/www.sportchaco.com.ar\/index.php?rest_route=\/wp\/v2\/posts\/25049","targetHints":{"allow":["GET"]}}],"collection":[{"href":"https:\/\/www.sportchaco.com.ar\/index.php?rest_route=\/wp\/v2\/posts"}],"about":[{"href":"https:\/\/www.sportchaco.com.ar\/index.php?rest_route=\/wp\/v2\/types\/post"}],"author":[{"embeddable":true,"href":"https:\/\/www.sportchaco.com.ar\/index.php?rest_route=\/wp\/v2\/users\/2"}],"replies":[{"embeddable":true,"href":"https:\/\/www.sportchaco.com.ar\/index.php?rest_route=%2Fwp%2Fv2%2Fcomments&post=25049"}],"version-history":[{"count":2,"href":"https:\/\/www.sportchaco.com.ar\/index.php?rest_route=\/wp\/v2\/posts\/25049\/revisions"}],"predecessor-version":[{"id":25052,"href":"https:\/\/www.sportchaco.com.ar\/index.php?rest_route=\/wp\/v2\/posts\/25049\/revisions\/25052"}],"wp:featuredmedia":[{"embeddable":true,"href":"https:\/\/www.sportchaco.com.ar\/index.php?rest_route=\/wp\/v2\/media\/25050"}],"wp:attachment":[{"href":"https:\/\/www.sportchaco.com.ar\/index.php?rest_route=%2Fwp%2Fv2%2Fmedia&parent=25049"}],"wp:term":[{"taxonomy":"category","embeddable":true,"href":"https:\/\/www.sportchaco.com.ar\/index.php?rest_route=%2Fwp%2Fv2%2Fcategories&post=25049"},{"taxonomy":"post_tag","embeddable":true,"href":"https:\/\/www.sportchaco.com.ar\/index.php?rest_route=%2Fwp%2Fv2%2Ftags&post=25049"}],"curies":[{"name":"wp","href":"https:\/\/api.w.org\/{rel}","templated":true}]}}