{"id":25057,"date":"2025-09-07T23:32:44","date_gmt":"2025-09-08T02:32:44","guid":{"rendered":"https:\/\/www.sportchaco.com.ar\/?p=25057"},"modified":"2025-09-08T12:28:19","modified_gmt":"2025-09-08T15:28:19","slug":"efemerides-del-8-de-septiembre-2","status":"publish","type":"post","link":"https:\/\/www.sportchaco.com.ar\/?p=25057","title":{"rendered":"Efem\u00e9rides del 8 de septiembre"},"content":{"rendered":"<div class=\"container fullwidth-entry-title-wrapper\">\n<div class=\"container-wrapper fullwidth-entry-title\">\n<header class=\"entry-header-outer\">\n<div class=\"entry-header\">\n<h1 class=\"post-title entry-title\"><\/h1>\n<div class=\"single-post-meta post-meta clearfix\"><\/div>\n<\/div>\n<\/header>\n<\/div>\n<\/div>\n<div id=\"content\" class=\"site-content container\">\n<div id=\"main-content-row\" class=\"tie-row main-content-row\">\n<div class=\"main-content tie-col-md-8 tie-col-xs-12\" role=\"main\">\n<article id=\"the-post\" class=\"container-wrapper post-content tie-standard\">\n<div class=\"featured-area\">\n<div class=\"featured-area-inner\"><\/div>\n<\/div>\n<div class=\"entry-content entry clearfix\">\n<h5><\/h5>\n<h5><strong>Esta es la Efem\u00e9rides del Deporte en el Chaco de un 8 de septiembre del periodista Luis Dar\u00edo Molodezky.<\/strong><\/h5>\n<p>&nbsp;<\/p>\n<p>&nbsp;<\/p>\n<p><strong>1950 <\/strong>\/ En un avi\u00f3n de Aerol\u00edneas lleg\u00f3 la delegaci\u00f3n enviada por la Confederaci\u00f3n Argentina de Deportes para intervenir en un torneo de atletismo organizado por la Direcci\u00f3n Municipal de Educaci\u00f3n F\u00edsica.<\/p>\n<p>&nbsp;<\/p>\n<p><strong>1959 <\/strong>\/ Se funda el Club Deportivo Uni\u00f3n de Pampa Alegr\u00eda. Con profundas ra\u00edces en la colonia rural ubicada a unos 10 kil\u00f3metros al norte del Departamento Comandante Fern\u00e1ndez, Uni\u00f3n tiene a los productores de la zona como marca registrada. En sus inicios jugaba en la cancha que el flamante club ten\u00eda en Pampa Alegr\u00eda, y en la d\u00e9cada del 80, pudo inaugurar el estadio donde est\u00e1 enclavada la instituci\u00f3n, en acceso Gendarmer\u00eda Nacional (51) y calle 6 del barrio S\u00e1enz Pe\u00f1a.<\/p>\n<p>&nbsp;<\/p>\n<p><strong>1985 <\/strong>\/ Ramiro Rodr\u00edguez asume como presidente de la Asociaci\u00f3n de B\u00e1squetbol de Resistencia, acompa\u00f1ado por Manlio Mart\u00ednez.<\/p>\n<p>&nbsp;<\/p>\n<p>&nbsp;<\/p>\n<\/div>\n<\/article>\n<\/div>\n<\/div>\n<\/div>\n","protected":false},"excerpt":{"rendered":"<p>Esta es la Efem\u00e9rides del Deporte en el Chaco de un 8 de septiembre del periodista Luis Dar\u00edo Molodezky. &nbsp; &nbsp; 1950 \/ En un avi\u00f3n de Aerol\u00edneas lleg\u00f3 la delegaci\u00f3n enviada por la Confederaci\u00f3n Argentina de Deportes para intervenir en un torneo de atletismo organizado por la Direcci\u00f3n Municipal de Educaci\u00f3n F\u00edsica. &nbsp; 1959 &hellip;<\/p>\n","protected":false},"author":2,"featured_media":25058,"comment_status":"open","ping_status":"open","sticky":false,"template":"","format":"standard","meta":{"footnotes":""},"categories":[45,39],"tags":[],"class_list":["post-25057","post","type-post","status-publish","format-standard","has-post-thumbnail","hentry","category-efemerides-dia-por-dia","category-septiembre"],"_links":{"self":[{"href":"https:\/\/www.sportchaco.com.ar\/index.php?rest_route=\/wp\/v2\/posts\/25057","targetHints":{"allow":["GET"]}}],"collection":[{"href":"https:\/\/www.sportchaco.com.ar\/index.php?rest_route=\/wp\/v2\/posts"}],"about":[{"href":"https:\/\/www.sportchaco.com.ar\/index.php?rest_route=\/wp\/v2\/types\/post"}],"author":[{"embeddable":true,"href":"https:\/\/www.sportchaco.com.ar\/index.php?rest_route=\/wp\/v2\/users\/2"}],"replies":[{"embeddable":true,"href":"https:\/\/www.sportchaco.com.ar\/index.php?rest_route=%2Fwp%2Fv2%2Fcomments&post=25057"}],"version-history":[{"count":3,"href":"https:\/\/www.sportchaco.com.ar\/index.php?rest_route=\/wp\/v2\/posts\/25057\/revisions"}],"predecessor-version":[{"id":25091,"href":"https:\/\/www.sportchaco.com.ar\/index.php?rest_route=\/wp\/v2\/posts\/25057\/revisions\/25091"}],"wp:featuredmedia":[{"embeddable":true,"href":"https:\/\/www.sportchaco.com.ar\/index.php?rest_route=\/wp\/v2\/media\/25058"}],"wp:attachment":[{"href":"https:\/\/www.sportchaco.com.ar\/index.php?rest_route=%2Fwp%2Fv2%2Fmedia&parent=25057"}],"wp:term":[{"taxonomy":"category","embeddable":true,"href":"https:\/\/www.sportchaco.com.ar\/index.php?rest_route=%2Fwp%2Fv2%2Fcategories&post=25057"},{"taxonomy":"post_tag","embeddable":true,"href":"https:\/\/www.sportchaco.com.ar\/index.php?rest_route=%2Fwp%2Fv2%2Ftags&post=25057"}],"curies":[{"name":"wp","href":"https:\/\/api.w.org\/{rel}","templated":true}]}}