{"id":25069,"date":"2025-09-07T23:44:01","date_gmt":"2025-09-08T02:44:01","guid":{"rendered":"https:\/\/www.sportchaco.com.ar\/?p=25069"},"modified":"2025-09-07T23:44:11","modified_gmt":"2025-09-08T02:44:11","slug":"25069","status":"publish","type":"post","link":"https:\/\/www.sportchaco.com.ar\/?p=25069","title":{"rendered":"Kloster por dos, m\u00e1s Carinelli y Frointalini"},"content":{"rendered":"<header>\n<h5>L<span style=\"font-size: 16px; font-weight: 400;\">a clase 2 dej\u00f3 el triunfo de Garc\u00eda y Mendoza, pero el resultado qued\u00f3 sujet\u00f3 a las decisiones de los comisarios deportivos.\u00a0<\/span><\/h5>\n<\/header>\n<section class=\"body\">\n<section class=\"content\">\n<div class=\"main-text\">\n<p>&nbsp;<\/p>\n<div class=\" large m_image\">\n<figure><picture><source srcset=\"https:\/\/www.diarionorte.com\/content\/bucket\/0\/426880w790h530c.jpg.webp\" type=\"image\/webp\" media=\"(min-width: 640px)\" \/><source srcset=\"https:\/\/www.diarionorte.com\/content\/bucket\/0\/426880w440h295c.jpg.webp\" type=\"image\/webp\" media=\"(min-width: 300px)\" \/><source srcset=\"https:\/\/www.diarionorte.com\/content\/bucket\/0\/426880w790h530c.jpg\" media=\"(min-width: 300px)\" \/><img loading=\"lazy\" decoding=\"async\" class=\"pic\" src=\"https:\/\/www.diarionorte.com\/content\/bucket\/0\/426880w790h530c.jpg.webp\" alt=\"\" width=\"790\" height=\"530\" \/><\/picture><figcaption>Daniel Mendoza, ganador de la cuarta fecha de la Clase 2, pero su victoria qued\u00f3 sujeta a los resultados de la t\u00e9cnica.<\/figcaption><\/figure>\n<\/div>\n<p>&nbsp;<\/p>\n<p><strong>RUB\u00c9N KLOSTER, EN LA T\u00c9CNICA<\/strong><\/p>\n<p>En la Clase 1 y en la pista, Fabi\u00e1n Melgratti impuso condiciones en la fecha doble con una victoria s\u00f3lida, mostrando ritmo y consistencia a lo largo de toda la competencia. Pero en la t\u00e9cnica, la organizaci\u00f3n lo desclasific\u00f3, por lo que la victoria en ambas fechas qued\u00f3 en manos de Rub\u00e9n Kloster c<\/p>\n<p>&nbsp;<\/p>\n<div class=\" large m_image\">\n<figure><figcaption>Foto portada: Nelson Fontalini, en la quinta fecha fue el ganador de principio a fin. Alexis Moschen y Nelson Romaniuk, lo acompa\u00f1an en el podio.<\/figcaption><\/figure>\n<\/div>\n<p><strong>CLASE 2, 29 AUTOS, EN UNA FINAL ESPECTACULAR<\/strong><\/p>\n<p>La categor\u00eda m\u00e1s numerosa del fin de semana no decepcion\u00f3. Con 29 autos en pista, la Clase 2 regal\u00f3 una final cambiante, re\u00f1ida y muy entretenida para el p\u00fablico.<\/p>\n<p>En la cuarta fecha, el triunfo fue para el charatense Facundo Garc\u00eda con un tiempo de 21&#8243; 43&#8243; 306, que supo aprovechar cada oportunidad en una carrera que tuvo m\u00faltiples cambios de liderazgo. El segundo lugar fue para Rolando Conradi, que sorprendi\u00f3 con una gran remontada y en tanto, Pablo Zacar\u00edas complet\u00f3 el podio tras una actuaci\u00f3n s\u00f3lida.<\/p>\n<p>La quinta fecha dej\u00f3 un gran espect\u00e1culo para el p\u00fablico, con cambios en las posiciones por la punta de la carrera, lindos duelos en pista entre Daniel Mendoza, Roly L\u00f3pez, Juan Manuel Mourglia, Pablo Zacar\u00edas y el puntero del campeonato Facundo Garc\u00eda.<\/p>\n<p>La victoria fue para Daniel Mendoza con un tiempo de 26&#8243; 52&#8243; 673, segundo lugar para Roly L\u00f3pez y tercero Juan Manuel Mourglia. La punta del campeonato sigue en manos de Facundo Garc\u00eda que cosech\u00f3 buenos puntos para seguir luchando por el campeonato.<\/p>\n<p>Cabe destacar que los resultados finales de las carreras quedaron sujetas a cambios debido al que al cierre de esta edici\u00f3n los autos estaban siendo analizados por los comisarios deportivos y los resultados finales reci\u00e9n se conocer\u00edan este lunes.<\/p>\n<div class=\"center medium m_image\">\n<figure><picture><source srcset=\"https:\/\/www.diarionorte.com\/content\/bucket\/2\/426882w380h438c.jpg.webp\" type=\"image\/webp\" media=\"(min-width: 640px)\" \/><source srcset=\"https:\/\/www.diarionorte.com\/content\/bucket\/2\/426882w440h507c.jpg.webp\" type=\"image\/webp\" media=\"(min-width: 300px)\" \/><source srcset=\"https:\/\/www.diarionorte.com\/content\/bucket\/2\/426882w380h438c.jpg\" media=\"(min-width: 300px)\" \/><img loading=\"lazy\" decoding=\"async\" class=\"pic\" src=\"https:\/\/www.diarionorte.com\/content\/bucket\/2\/426882w380h438c.jpg.webp\" alt=\"\" width=\"380\" height=\"438\" \/><\/picture><figcaption>Rub\u00e9n Kloster, el ganador de la Clase 1 en ambas fechas del Zonal.<\/figcaption><\/figure>\n<\/div>\n<p><strong>EN EL TC CHAQUE\u00d1O, CARINELLI VOLVI\u00d3 A LA VICTORIA<\/strong><\/p>\n<p>En la categor\u00eda mayor del automovilismo chaque\u00f1o, el piloto de Corzuela Augusto \u00abTito\u00bb Carinelli, con un tiempo de 20&#8243; 26&#8243; 597 volvi\u00f3 al triunfo en Charata tras una intensa lucha en la final de la cuarta fecha con Nelson Romaniuk, que finaliz\u00f3 en el segundo lugar.<\/p>\n<p>El tercer escal\u00f3n del podio fue para Nelson Frontalini, quien supo liderar gran parte de la competencia, pero un despiste lo releg\u00f3, impidi\u00e9ndole pelear por la victoria hasta el final.<\/p>\n<p>La quinta fecha dej\u00f3 una victoria aplastante de Nelson Frontalini con un tiempo de 20&#8243; 20&#8243; 161. El piloto local fue imbatible en la final.<\/p>\n<p>El segundo lugar fue para Alexis Moschen en gran batalla con Nelson Romaniuk, el actual puntero de campeonato y sac\u00f3 m\u00e1s diferencia sobre Nicol\u00e1s Parij, que tuvo que abandonar. Augusto Carinelli cuando circulaba segundo debi\u00f3 abandonar por problemas mec\u00e1nicos.<\/p>\n<div class=\"temas floatFix\">\n<h6>Fuente Agencia Charata de diario Norte<\/h6>\n<\/div>\n<\/div>\n<\/section>\n<\/section>\n","protected":false},"excerpt":{"rendered":"<p>La clase 2 dej\u00f3 el triunfo de Garc\u00eda y Mendoza, pero el resultado qued\u00f3 sujet\u00f3 a las decisiones de los comisarios deportivos.\u00a0 &nbsp; Daniel Mendoza, ganador de la cuarta fecha de la Clase 2, pero su victoria qued\u00f3 sujeta a los resultados de la t\u00e9cnica. &nbsp; RUB\u00c9N KLOSTER, EN LA T\u00c9CNICA En la Clase 1 &hellip;<\/p>\n","protected":false},"author":2,"featured_media":25070,"comment_status":"open","ping_status":"open","sticky":false,"template":"","format":"standard","meta":{"footnotes":""},"categories":[2],"tags":[],"class_list":["post-25069","post","type-post","status-publish","format-standard","has-post-thumbnail","hentry","category-automovilismo"],"_links":{"self":[{"href":"https:\/\/www.sportchaco.com.ar\/index.php?rest_route=\/wp\/v2\/posts\/25069","targetHints":{"allow":["GET"]}}],"collection":[{"href":"https:\/\/www.sportchaco.com.ar\/index.php?rest_route=\/wp\/v2\/posts"}],"about":[{"href":"https:\/\/www.sportchaco.com.ar\/index.php?rest_route=\/wp\/v2\/types\/post"}],"author":[{"embeddable":true,"href":"https:\/\/www.sportchaco.com.ar\/index.php?rest_route=\/wp\/v2\/users\/2"}],"replies":[{"embeddable":true,"href":"https:\/\/www.sportchaco.com.ar\/index.php?rest_route=%2Fwp%2Fv2%2Fcomments&post=25069"}],"version-history":[{"count":3,"href":"https:\/\/www.sportchaco.com.ar\/index.php?rest_route=\/wp\/v2\/posts\/25069\/revisions"}],"predecessor-version":[{"id":25073,"href":"https:\/\/www.sportchaco.com.ar\/index.php?rest_route=\/wp\/v2\/posts\/25069\/revisions\/25073"}],"wp:featuredmedia":[{"embeddable":true,"href":"https:\/\/www.sportchaco.com.ar\/index.php?rest_route=\/wp\/v2\/media\/25070"}],"wp:attachment":[{"href":"https:\/\/www.sportchaco.com.ar\/index.php?rest_route=%2Fwp%2Fv2%2Fmedia&parent=25069"}],"wp:term":[{"taxonomy":"category","embeddable":true,"href":"https:\/\/www.sportchaco.com.ar\/index.php?rest_route=%2Fwp%2Fv2%2Fcategories&post=25069"},{"taxonomy":"post_tag","embeddable":true,"href":"https:\/\/www.sportchaco.com.ar\/index.php?rest_route=%2Fwp%2Fv2%2Ftags&post=25069"}],"curies":[{"name":"wp","href":"https:\/\/api.w.org\/{rel}","templated":true}]}}