{"id":25105,"date":"2025-09-08T19:13:19","date_gmt":"2025-09-08T22:13:19","guid":{"rendered":"https:\/\/www.sportchaco.com.ar\/?p=25105"},"modified":"2025-09-09T18:02:30","modified_gmt":"2025-09-09T21:02:30","slug":"con-dos-grandes-carlos-lobera-y-froilan-gonzalez","status":"publish","type":"post","link":"https:\/\/www.sportchaco.com.ar\/?p=25105","title":{"rendered":"Con dos grandes, Carlos Lobera y Froil\u00e1n Gonz\u00e1lez"},"content":{"rendered":"<p>Tuve el placer de hacer notas con grandes del deporte, y aqu\u00ed pude juntar el b\u00e1squetbol y el automovilismo. Un \u00eddolo de Villa \u00c1ngela y el b\u00e1squetbol chaque\u00f1o, Carlos Lobera y Frail\u00e1n Gonz\u00e1lez, piloto de reconocido prestigo a nivel nacional e internacional, disputando muchas carreras de la F-1 con las principales marcas de la d\u00e9cada del 50.<\/p>\n<p>Era la previa de las elecciones donde Lobera ser\u00eda elegido intendente de la tercera ciudad chaque\u00f1a, y mientras yo participaba del un Congreso de Periodistas en organizada por el Sindicato de Prensa en la sede de Villa \u00c1ngela.<\/p>\n<p>Todav\u00eda recuerdo el t\u00edtulo: \u00abLobera quiere encestar en el coraz\u00f3n de la gente\u00bb<\/p>\n<p>&nbsp;<\/p>\n<p>&nbsp;<\/p>\n<p>LUIS DARIO MOLODEZKY\u00a0 \u00a0 <img loading=\"lazy\" decoding=\"async\" class=\"alignnone wp-image-24798\" src=\"https:\/\/www.sportchaco.com.ar\/wp-content\/uploads\/2025\/09\/Luis-carita-287x300.jpg\" alt=\"\" width=\"50\" height=\"52\" srcset=\"https:\/\/www.sportchaco.com.ar\/wp-content\/uploads\/2025\/09\/Luis-carita-287x300.jpg 287w, https:\/\/www.sportchaco.com.ar\/wp-content\/uploads\/2025\/09\/Luis-carita.jpg 430w\" sizes=\"auto, (max-width: 50px) 100vw, 50px\" \/><\/p>\n","protected":false},"excerpt":{"rendered":"<p>Tuve el placer de hacer notas con grandes del deporte, y aqu\u00ed pude juntar el b\u00e1squetbol y el automovilismo. Un \u00eddolo de Villa \u00c1ngela y el b\u00e1squetbol chaque\u00f1o, Carlos Lobera y Frail\u00e1n Gonz\u00e1lez, piloto de reconocido prestigo a nivel nacional e internacional, disputando muchas carreras de la F-1 con las principales marcas de la d\u00e9cada &hellip;<\/p>\n","protected":false},"author":2,"featured_media":25106,"comment_status":"open","ping_status":"open","sticky":false,"template":"","format":"standard","meta":{"footnotes":""},"categories":[1],"tags":[],"class_list":["post-25105","post","type-post","status-publish","format-standard","has-post-thumbnail","hentry","category-fotos-del-recuerdo"],"_links":{"self":[{"href":"https:\/\/www.sportchaco.com.ar\/index.php?rest_route=\/wp\/v2\/posts\/25105","targetHints":{"allow":["GET"]}}],"collection":[{"href":"https:\/\/www.sportchaco.com.ar\/index.php?rest_route=\/wp\/v2\/posts"}],"about":[{"href":"https:\/\/www.sportchaco.com.ar\/index.php?rest_route=\/wp\/v2\/types\/post"}],"author":[{"embeddable":true,"href":"https:\/\/www.sportchaco.com.ar\/index.php?rest_route=\/wp\/v2\/users\/2"}],"replies":[{"embeddable":true,"href":"https:\/\/www.sportchaco.com.ar\/index.php?rest_route=%2Fwp%2Fv2%2Fcomments&post=25105"}],"version-history":[{"count":3,"href":"https:\/\/www.sportchaco.com.ar\/index.php?rest_route=\/wp\/v2\/posts\/25105\/revisions"}],"predecessor-version":[{"id":25128,"href":"https:\/\/www.sportchaco.com.ar\/index.php?rest_route=\/wp\/v2\/posts\/25105\/revisions\/25128"}],"wp:featuredmedia":[{"embeddable":true,"href":"https:\/\/www.sportchaco.com.ar\/index.php?rest_route=\/wp\/v2\/media\/25106"}],"wp:attachment":[{"href":"https:\/\/www.sportchaco.com.ar\/index.php?rest_route=%2Fwp%2Fv2%2Fmedia&parent=25105"}],"wp:term":[{"taxonomy":"category","embeddable":true,"href":"https:\/\/www.sportchaco.com.ar\/index.php?rest_route=%2Fwp%2Fv2%2Fcategories&post=25105"},{"taxonomy":"post_tag","embeddable":true,"href":"https:\/\/www.sportchaco.com.ar\/index.php?rest_route=%2Fwp%2Fv2%2Ftags&post=25105"}],"curies":[{"name":"wp","href":"https:\/\/api.w.org\/{rel}","templated":true}]}}