{"id":25110,"date":"2025-09-08T19:54:13","date_gmt":"2025-09-08T22:54:13","guid":{"rendered":"https:\/\/www.sportchaco.com.ar\/?p=25110"},"modified":"2025-09-08T19:54:13","modified_gmt":"2025-09-08T22:54:13","slug":"daniela-gimenez-haciendo-lo-que-le-gusta-en-alemania","status":"publish","type":"post","link":"https:\/\/www.sportchaco.com.ar\/?p=25110","title":{"rendered":"Daniela Gimenez haciendo lo que le gusta en Alemania"},"content":{"rendered":"<hr data-start=\"86\" data-end=\"89\" \/>\n<div class=\"ng-tns-c37251539-24\">\n<section id=\"processing-state-0\" class=\"processing-state_container ng-tns-c37251539-24 is-gpi-avatar ng-trigger ng-trigger-processingStateShowHide ng-star-inserted is-done-processing\">\n<div id=\"processing-state-0-summary\" class=\"processing-state_details ng-trigger ng-trigger-menuExpansion ng-tns-c37251539-24 is-gpi-avatar ng-star-inserted\" aria-hidden=\"true\">\n<ul class=\"ng-tns-c37251539-24 is-gpi-avatar ng-star-inserted\">\n<li class=\"ng-tns-c37251539-24 ng-star-inserted\">\n<div class=\"tool-summary ng-tns-c37251539-24\">\n<div class=\"tool-summary-message ng-tns-c37251539-24 gds-body-l ng-star-inserted\"><\/div>\n<\/div>\n<\/li>\n<\/ul>\n<\/div>\n<\/section>\n<\/div>\n<div class=\"response-content ng-tns-c732415350-23\">\n<div id=\"model-response-message-contentr_162ed211ebb03fea\" class=\"markdown markdown-main-panel enable-updated-hr-color\" dir=\"ltr\">\n<p>la atleta paral\u00edmpica chaque\u00f1a Daniela Gim\u00e9nez, lleva un a\u00f1o en la Federaci\u00f3n Intyernacional de Nataci\u00f3n, como coordinadora de eventos de una entidad que funciona bajo la direcci\u00f3n del Comit\u00e9 Internacional Paraol\u00edmpico con sede en Bonn. \u201cEs lo que siempre quise\u201d, dijo a NORTE.<\/p>\n<hr \/>\n<p><b>Por Walter Joaqu\u00edn Disanti<\/b><\/p>\n<p>La atleta paraol\u00edmpica chaque\u00f1a Daniela Gim\u00e9nez cumpli\u00f3, este mes de junio, un a\u00f1o trabajando en la Federaci\u00f3n Internacional de Para Nataci\u00f3n (World Para Swimming), que funciona bajo la direcci\u00f3n del Comi- t\u00e9 Internacional Paraol\u00edmpico con sede en Bonn, Alemania.<\/p>\n<p>Daniela, de 33 a\u00f1os (cumplea\u00f1os en agos- to), que cerr\u00f3 en agosto pasado su carrera como atleta compitiendo en los Juegos Pa- raol\u00edmpicos de Par\u00eds 2024, hace doce meses est\u00e1 a cargo de la coordinaci\u00f3n de eventos de la federaci\u00f3n.<\/p>\n<p>\u201cEstoy muy contenta porque sigo dentro del circuito, sigo viendo a los atletas, conti- n\u00f3 presente en el deporte claro que ya des- de otro lado, desde un lugar distinto\u201d, cont\u00f3 a Norte.<\/p>\n<p>La atleta coordina todos los eventos de pa- ranataci\u00f3n a nivel mundial. Hasta diciem- bre de 2024 Daniela residi\u00f3 en Montevideo, Uruguay, y desde principio de este a\u00f1o se instal\u00f3 en Alemania para dedicarse a pleno como coordinadora.<\/p>\n<hr \/>\n<p><b>CUMPLIENDO SUE\u00d1OS<\/b><\/p>\n<p>\u201cVi que se abri\u00f3 la posibilidad de este tra- bajo; qued\u00f3 vacante el lugar y envi\u00e9 mi CV (curr\u00edculum). Me convocaron a una entre- vista, esta instancia signific\u00f3 una nueva entrevista, para despu\u00e9s pasar a pruebas y pr\u00e1cticas del rol a cumplir y por surte termin\u00e9 quedando\u201d, expres\u00f3 con alegr\u00eda.<\/p>\n<p>\u201cSeguir vinculada al deporte, despu\u00e9s de ser atleta, es lo que siempre quise. Era mi sue\u00f1o\u201d, agreg\u00f3 Daniela.<\/p>\n<hr \/>\n<p><b>VISI\u00d3N GLOBAL, Y DIVERTIDA<\/b><\/p>\n<p>En su nuevo rol, con relaci\u00f3n a su con- dici\u00f3n de atleta, Daniel advirti\u00f3 que tiene una visi\u00f3n global del deporte. \u201cMe divierte mucho esta tarea; el equipo de trabajo es divino. Disfruto un mont\u00f3n. S\u00e9 que soy escu- chada por mi perspectiva como deportista\u201d, se\u00f1al\u00f3.<\/p>\n<hr \/>\n<p><b>NADA, DE NADA<\/b><\/p>\n<p>\u201cDesde Par\u00eds (Juegos Paraol\u00edmpicos 2024) no estoy nadando, nada de nada. A las piletas s\u00f3lo las veo cuando voy a trabajar. No es una actitud mala, no es nada malo, no tengo problemas, sino que simplemente termin\u00f3 una etapa y no estoy conectando con el agua desde un lugar de disfrute; durante mucho tiempo fue un lugar de trabajo\u201d, coment\u00f3 a NORTE.<\/p>\n<p>\u201cEstoy bien, no extra\u00f1o nadar y no estoy en ese momento de querer volver, no experimento este sentimiento. Todav\u00eda no siente necesidad, no me llama, pero esto no significa hartazgo, ni mucho menos. Estoy bien cumpliendo este nuevo trabajo\u201d, explic\u00f3.<\/p>\n<hr \/>\n<p><b>PRIMER NIVEL<\/b><\/p>\n<p>Algunas de las categor\u00edas en las que com- piti\u00f3 Daniela fueron 50 m estilo libre; 100 m estilo mariposa; 100 m estilo pecho.<\/p>\n<p>Compiti\u00f3 por \u00faltima vez en los Juegos Pa- raol\u00edmpicos de Par\u00eds 2024. Fue su quinta participaci\u00f3n en estas convocatorias, des- pu\u00e9s de Pek\u00edn 2008, Londres 2014, R\u00edo 2016, y Tokio 2020.<\/p>\n<p>Compiti\u00f3 adem\u00e1s en los Parapanamerica- nos de Santiago 2023, Parapanamericanos de 2011 en Guadalajara, y Parapanamerica- nos de 2007 en R\u00edo de Janeiro.<\/p>\n<p>Particip\u00f3 con la selecci\u00f3n argentina en el mundial de M\u00e9xico en 2017, entre otras importantes pruebas.<\/p>\n<p>Publicado en Diario Norte<\/p>\n<\/div>\n<\/div>\n","protected":false},"excerpt":{"rendered":"<p>la atleta paral\u00edmpica chaque\u00f1a Daniela Gim\u00e9nez, lleva un a\u00f1o en la Federaci\u00f3n Intyernacional de Nataci\u00f3n, como coordinadora de eventos de una entidad que funciona bajo la direcci\u00f3n del Comit\u00e9 Internacional Paraol\u00edmpico con sede en Bonn. \u201cEs lo que siempre quise\u201d, dijo a NORTE. Por Walter Joaqu\u00edn Disanti La atleta paraol\u00edmpica chaque\u00f1a Daniela Gim\u00e9nez cumpli\u00f3, este &hellip;<\/p>\n","protected":false},"author":2,"featured_media":25111,"comment_status":"open","ping_status":"open","sticky":false,"template":"","format":"standard","meta":{"footnotes":""},"categories":[65],"tags":[],"class_list":["post-25110","post","type-post","status-publish","format-standard","has-post-thumbnail","hentry","category-natacion"],"_links":{"self":[{"href":"https:\/\/www.sportchaco.com.ar\/index.php?rest_route=\/wp\/v2\/posts\/25110","targetHints":{"allow":["GET"]}}],"collection":[{"href":"https:\/\/www.sportchaco.com.ar\/index.php?rest_route=\/wp\/v2\/posts"}],"about":[{"href":"https:\/\/www.sportchaco.com.ar\/index.php?rest_route=\/wp\/v2\/types\/post"}],"author":[{"embeddable":true,"href":"https:\/\/www.sportchaco.com.ar\/index.php?rest_route=\/wp\/v2\/users\/2"}],"replies":[{"embeddable":true,"href":"https:\/\/www.sportchaco.com.ar\/index.php?rest_route=%2Fwp%2Fv2%2Fcomments&post=25110"}],"version-history":[{"count":1,"href":"https:\/\/www.sportchaco.com.ar\/index.php?rest_route=\/wp\/v2\/posts\/25110\/revisions"}],"predecessor-version":[{"id":25112,"href":"https:\/\/www.sportchaco.com.ar\/index.php?rest_route=\/wp\/v2\/posts\/25110\/revisions\/25112"}],"wp:featuredmedia":[{"embeddable":true,"href":"https:\/\/www.sportchaco.com.ar\/index.php?rest_route=\/wp\/v2\/media\/25111"}],"wp:attachment":[{"href":"https:\/\/www.sportchaco.com.ar\/index.php?rest_route=%2Fwp%2Fv2%2Fmedia&parent=25110"}],"wp:term":[{"taxonomy":"category","embeddable":true,"href":"https:\/\/www.sportchaco.com.ar\/index.php?rest_route=%2Fwp%2Fv2%2Fcategories&post=25110"},{"taxonomy":"post_tag","embeddable":true,"href":"https:\/\/www.sportchaco.com.ar\/index.php?rest_route=%2Fwp%2Fv2%2Ftags&post=25110"}],"curies":[{"name":"wp","href":"https:\/\/api.w.org\/{rel}","templated":true}]}}