{"id":25134,"date":"2025-09-09T19:01:27","date_gmt":"2025-09-09T22:01:27","guid":{"rendered":"https:\/\/www.sportchaco.com.ar\/?p=25134"},"modified":"2025-09-09T19:43:26","modified_gmt":"2025-09-09T22:43:26","slug":"25134","status":"publish","type":"post","link":"https:\/\/www.sportchaco.com.ar\/?p=25134","title":{"rendered":"Racing de Chaco Mart\u00ednez finalsita en el Mundial Sub 18"},"content":{"rendered":"<header class=\"article-header-wrapper\">\n<div class=\"article-header\">\n<h1 id=\"racing-elimino-al-real-madrid-y-se-clasifico-a-la-final-del-mundial-de-clubes-juvenil-sub-18\" class=\"display-block article-headline text_align_left\">Racing elimin\u00f3 al Real Madrid y se clasific\u00f3 a la final del Mundial de Clubes juvenil Sub 18. La Academia se impuso por 2 a 1 ante el Merengue y buscar\u00e1 el t\u00edtulo internacional ante el Barcelona o Palmeiras<\/h1>\n<\/div>\n<\/header>\n<article class=\"article\">\n<div class=\"body-article \">\n<div class=\"jwplayer-ctn\"><\/div>\n<p class=\"paragraph\">\u201c<b>Vamos a competir para ganar, siempre con nuestras armas<\/b>\u201d&#8230; Aquel mensaje que hab\u00eda deslizado\u00a0<b>Miguel Gomis<\/b>, antes de emprender el viaje con la delegaci\u00f3n juvenil de\u00a0<b>Racing\u00a0<\/b>hacia\u00a0<b>Espa\u00f1a\u00a0<\/b>se amparaba en el talento de los j\u00f3venes acad\u00e9micos que accedieron a la final del\u00a0<b>Mundial de Clubes Juvenil Sub 18<\/b>\u00a0que se desarrolla en Andaluc\u00eda.<\/p>\n<p class=\"paragraph\">El conjunto liderado por el\u00a0<i><b>Chaco\u00a0<\/b><\/i><b>Mart\u00ednez<\/b>\u00a0se impuso por\u00a0<b>2 a 1\u00a0<\/b>frente a uno de los candidatos m\u00e1s poderosos del\u00a0<i>Viejo Continente<\/i>: el\u00a0<b>Real Madrid<\/b>.<\/p>\n<p class=\"paragraph\">Con goles de<b>\u00a0Bautista P\u00e9rez<\/b>\u00a0y<b>\u00a0Aquiles Mansilla,\u00a0<\/b>los\u00a0<i>pibes del Tita\u00a0<\/i>capitalizaron los errores defensivos del\u00a0<i>Merengue\u00a0<\/i>y lograron un triunfo hist\u00f3rico para acceder al duelo decisivo, donde el pr\u00f3ximo mi\u00e9rcoles buscar\u00e1n la gloria frente al ganador de la serie que animar\u00e1n el\u00a0<b>Barcelona\u00a0<\/b>y el\u00a0<b>Palmeiras<\/b>.<\/p>\n<p><img decoding=\"async\" src=\"https:\/\/www.clarin.com\/img\/2025\/09\/08\/AletltgWI_360x240__1.jpg\" alt=\"Los pibes del Tita hacen historia: Racing le gan\u00f3 al Real Madrid y se clasific\u00f3 a la final del Mundial de Clubes Sub 18\" \/><\/p>\n<p class=\"paragraph\">\u201c<b>Con garra, con humildad y respeto<\/b>\u201d, celebr\u00f3 el presidente de la instituci\u00f3n de Avellaneda,\u00a0<b>Diego Milito<\/b>, luego de que se gestara la haza\u00f1a en el sur del territorio ib\u00e9rico.<\/p>\n<p class=\"paragraph\">Como es habitual, los corazones albicelestes debieron sufrir m\u00e1s de lo imaginado. Es que el descuento de\u00a0<b>Alejandro Mora<\/b>\u00a0amenaz\u00f3 con un posible empate ag\u00f3nico. Adem\u00e1s, el \u00e1rbitro adicion\u00f3\u00a0<b>9 minutos<\/b>\u00a0luego de la conquista de la\u00a0<i>Casa Blanca<\/i>, pero la notable producci\u00f3n del arquero Nicol\u00e1s Monges fue determinante para que Racing mantuviera la ventaja.<\/p>\n<p class=\"paragraph\">Salvo en los primeros movimientos del partido que se disput\u00f3 en el\u00a0<i>Estadio Nuevo Arc\u00e1ngel<\/i>, del club\u00a0<b>C\u00f3rdoba<\/b>, durante los cuales el\u00a0<b>Real Madrid<\/b>\u00a0presionaba alto y se aproximaba al arco ajeno, el dominio acad\u00e9mico fue pr\u00e1cticamente absoluto.<\/p>\n<p class=\"paragraph\">Con un gran funcionamiento colectivo, los bonaerenses impusieron condiciones mediante la visi\u00f3n de\u00a0<b>Bautista P\u00e9rez<\/b>, la destreza de su tocayo\u00a0<b>Ezequiel<\/b>\u00a0y la velocidad de\u00a0<b>Benjam\u00edn Fischer<\/b>. La floja respuesta de\u00a0<b>Ponce<\/b>, en un remate de media distancia del volante acad\u00e9mico, fue otra de las razones para que se abriera el marcador.<\/p>\n<p class=\"paragraph\">Con la m\u00ednima diferencia adquirida, el\u00a0<i>Merengue\u00a0<\/i>se fue derritiendo, sin poder penetrar a la s\u00f3lida defensa argentina. Adem\u00e1s, Racing apostaba por los peligrosos contragolpes con un juego directo y efectivo.<\/p>\n<p class=\"paragraph\">As\u00ed, el segundo naci\u00f3 a partir de una recuperaci\u00f3n en territorio ajeno, que\u00a0<b>Aquiles Mansilla<\/b>\u00a0aprovech\u00f3 para definir, cara a cara, ante la dubitativa salida de\u00a0<b>Ponce.<\/b><\/p>\n<p class=\"paragraph\">Los pibes llevan el legado que afirma\u00a0<i>Del Tita al Mundo.<\/i>\u00a0Y el pr\u00f3ximo mi\u00e9rcoles buscar\u00e1n la consagraci\u00f3n frente al ganador de la serie que animar\u00e1n el\u00a0<b>Barcelona\u00a0<\/b>y el\u00a0<b>Palmeiras<\/b>.<\/p>\n<p class=\"paragraph\">El\u00a0<b>Mundial de Clubes Juvenil\u00a0<\/b>ha recorrido distintas regiones de\u00a0<b>Espa\u00f1a\u00a0<\/b>desde su fundaci\u00f3n. Las primeras ediciones se celebraron en\u00a0<b>Castilla-La Mancha,\u00a0<\/b>donde el torneo empez\u00f3 a consolidarse. Con los a\u00f1os, se traslad\u00f3 a la\u00a0<b>Comunidad de Madrid,<\/b>\u00a0ampliando su alcance y nivel competitivo gracias a la participaci\u00f3n de clubes internacionales.<\/p>\n<p class=\"paragraph\">En\u00a0<b>2025<\/b>, el torneo celebra su\u00a0<b>16.\u00aa edici\u00f3n en C\u00f3rdoba<\/b>, una ciudad con fuerte identidad cultural y excelente infraestructura deportiva. Esta nueva sede marca el regreso del torneo tras cinco a\u00f1os de pausa, reafirmando su compromiso con el desarrollo del f\u00fatbol juvenil y la proyecci\u00f3n global del talento emergente.<\/p>\n<p class=\"paragraph\"><b>El camino de Racing a la final del Mundial de Clubes Juvenil Sub 18<\/b><\/p>\n<p class=\"paragraph\"><b>Sevilla\u00a0<\/b>(2-1) Penales: 2-2 (Fase de Grupos)<\/p>\n<p class=\"paragraph\"><b>Corinthians\u00a0<\/b>(1-0) Penales: 3-2 (Fase de Grupos)<\/p>\n<p class=\"paragraph\"><b>Academia Pogba<\/b>\u00a0(4-1) Penales: 2-2 (Fase de Grupos)<\/p>\n<p class=\"paragraph\"><b>Real Betis\u00a0<\/b>(4-3) (Cuartos de Final)<\/p>\n<p class=\"paragraph\"><b>Real Madrid\u00a0<\/b>(2-1) (Semifinal)<\/p>\n<p class=\"paragraph\">*<i>Todos los partidos de la Fase de Grupos tuvo una breve definici\u00f3n por penales<\/i><\/p>\n<p class=\"paragraph\"><b>TODOS LOS CAMPEONES DE LA HISTORIA<\/b><\/p>\n<p class=\"paragraph\"><b>Real Madrid (2009, 2014, 2016 y 2017)<\/b><\/p>\n<p class=\"paragraph\"><b>Corinthians (2010, 2011 y 2015)<\/b><\/p>\n<p class=\"paragraph\"><b>Palmeiras (2018 y 2019)<\/b><\/p>\n<p class=\"paragraph\"><b>San Pablo (2007 y 2008)<\/b><\/p>\n<p class=\"paragraph\"><b>Boca Juniors (2005 y 2006)<\/b><\/p>\n<p class=\"paragraph\"><b>River Plate (2013)<\/b><\/p>\n<p class=\"paragraph\"><b>Atl\u00e9tico de Madrid (2012)<\/b><\/p>\n<\/div>\n<\/article>\n<p><strong>MATIAS MARTINEZ &#8211; CHACO &#8211; foto portada<\/strong><\/p>\n<div class=\"WaaZC\">\n<div class=\"RJPOee EIJn2\">\n<div class=\"rPeykc uP58nb MNX06c\" data-hveid=\"CAYQAQ\" data-ved=\"2ahUKEwiR2oLW1syPAxVkqpUCHaffKN0Qo_EKegQIBhAB\">\n<p><span data-huuid=\"10946137320068541944\"><span role=\"heading\" aria-level=\"2\"><mark class=\"QVRyCf\">Mat\u00edas \u00abChaco\u00bb Mart\u00ednez es el actual director t\u00e9cnico de la S\u00e9ptima Divisi\u00f3n de Racing Club de Avellaneda, habiendo comenzado su labor en 2024<\/mark>. Es oriundo de Resistencia, Chaco, y despu\u00e9s de su carrera como jugador se dedic\u00f3 a la formaci\u00f3n de j\u00f3venes futbolistas en el club.<\/span><span class=\"pjBG2e\" data-cid=\"aa8994d2-199d-4ddf-8436-81145cb2b682\"><span class=\"UV3uM\">\u00a0<\/span><\/span><\/span><\/p>\n<div class=\"NPrrbc\" data-cid=\"aa8994d2-199d-4ddf-8436-81145cb2b682\" data-uuids=\"10946137320068541944\">\n<div class=\"BMebGe btku5b fCrZyc LwdV0e FR7ZSc qVhvac OJeuxf\" tabindex=\"0\" role=\"button\" aria-label=\"Ver v\u00ednculos relacionados\" data-hveid=\"CAUQAg\" data-ved=\"2ahUKEwiR2oLW1syPAxVkqpUCHaffKN0Q3fYKegQIBRAC\">\n<div class=\"niO4u\">\n<div class=\"kHtcsd\"><\/div>\n<\/div>\n<\/div>\n<\/div>\n<\/div>\n<\/div>\n<\/div>\n<div class=\"WaaZC\">\n<div class=\"RJPOee EIJn2\">\n<ul data-hveid=\"CB0QAQ\" data-ved=\"2ahUKEwiR2oLW1syPAxVkqpUCHaffKN0Qm_YKegQIHRAB\">\n<li><span data-huuid=\"10946137320068541927\"><strong>Puesto Actual:<\/strong>\u00a0<\/span><span data-huuid=\"10946137320068540556\">Director T\u00e9cnico de la S\u00e9ptima Divisi\u00f3n de Racing Club.<span class=\"pjBG2e\" data-cid=\"c46ceecf-04e4-4996-ba86-ac36dd08cbd9\"><span class=\"UV3uM\">\u00a0<\/span><\/span><\/span>\n<div class=\"NPrrbc\" data-cid=\"c46ceecf-04e4-4996-ba86-ac36dd08cbd9\" data-uuids=\"10946137320068541927,10946137320068540556\">\n<div class=\"BMebGe btku5b fCrZyc LwdV0e FR7ZSc qVhvac OJeuxf\" tabindex=\"0\" role=\"button\" aria-label=\"Ver v\u00ednculos relacionados\" data-hveid=\"CBIQAQ\" data-ved=\"2ahUKEwiR2oLW1syPAxVkqpUCHaffKN0Q3fYKegQIEhAB\">\n<div class=\"niO4u\">\n<div class=\"kHtcsd\"><\/div>\n<\/div>\n<\/div>\n<\/div>\n<\/li>\n<li><span data-huuid=\"10946137320068541910\"><strong>Origen:<\/strong>\u00a0<\/span><span data-huuid=\"10946137320068540539\">Naci\u00f3 en Resistencia, Chaco, Argentina.<span class=\"pjBG2e\" data-cid=\"ad0e540a-8a91-480d-9d88-50fac46487db\"><span class=\"UV3uM\">\u00a0<\/span><\/span><\/span>\n<div class=\"NPrrbc\" data-cid=\"ad0e540a-8a91-480d-9d88-50fac46487db\" data-uuids=\"10946137320068541910,10946137320068540539\">\n<div class=\"BMebGe btku5b fCrZyc LwdV0e FR7ZSc qVhvac OJeuxf\" tabindex=\"0\" role=\"button\" aria-label=\"Ver v\u00ednculos relacionados\" data-hveid=\"CBYQAQ\" data-ved=\"2ahUKEwiR2oLW1syPAxVkqpUCHaffKN0Q3fYKegQIFhAB\">\n<div class=\"niO4u\">\n<div class=\"kHtcsd\"><\/div>\n<\/div>\n<\/div>\n<\/div>\n<\/li>\n<li><span data-huuid=\"10946137320068541893\"><strong>Regreso a Racing:<\/strong>\u00a0<\/span><span data-huuid=\"10946137320068540522\">Volvi\u00f3 a Racing en 2024 para trabajar en las divisiones inferiores, habiendo sido formado en el club como jugador.<span class=\"pjBG2e\" data-cid=\"2b926d31-cd32-4c0a-bdf1-191326e40017\"><span class=\"UV3uM\">\u00a0<\/span><\/span><\/span>\n<div class=\"NPrrbc\" data-cid=\"2b926d31-cd32-4c0a-bdf1-191326e40017\" data-uuids=\"10946137320068541893,10946137320068540522\">\n<div class=\"BMebGe btku5b fCrZyc LwdV0e FR7ZSc qVhvac OJeuxf\" tabindex=\"0\" role=\"button\" aria-label=\"Ver v\u00ednculos relacionados\" data-hveid=\"CBkQAQ\" data-ved=\"2ahUKEwiR2oLW1syPAxVkqpUCHaffKN0Q3fYKegQIGRAB\">\n<div class=\"niO4u\">\n<div class=\"kHtcsd\"><\/div>\n<\/div>\n<\/div>\n<\/div>\n<\/li>\n<li><span data-huuid=\"10946137320068541876\"><strong>Carrera de Jugador:<\/strong>\u00a0<\/span><span data-huuid=\"10946137320068540505\">Antes de ser entrenador, fue jugador de Racing, destac\u00e1ndose como defensor central.\u00a0<\/span><span data-huuid=\"10946137320068539134\">Se retir\u00f3 joven debido a una lesi\u00f3n de rodilla y luego se dedic\u00f3 a trabajar en el sector av\u00edcola antes de regresar al f\u00fatbol como DT.<span class=\"pjBG2e\" data-cid=\"1a134efc-3fbe-4b5c-861c-2dc8b3826287\"><span class=\"UV3uM\">\u00a0<\/span><\/span><\/span><\/li>\n<\/ul>\n<\/div>\n<\/div>\n","protected":false},"excerpt":{"rendered":"<p>Racing elimin\u00f3 al Real Madrid y se clasific\u00f3 a la final del Mundial de Clubes juvenil Sub 18. La Academia se impuso por 2 a 1 ante el Merengue y buscar\u00e1 el t\u00edtulo internacional ante el Barcelona o Palmeiras \u201cVamos a competir para ganar, siempre con nuestras armas\u201d&#8230; Aquel mensaje que hab\u00eda deslizado\u00a0Miguel Gomis, antes &hellip;<\/p>\n","protected":false},"author":2,"featured_media":25136,"comment_status":"open","ping_status":"open","sticky":false,"template":"","format":"standard","meta":{"footnotes":""},"categories":[6],"tags":[],"class_list":["post-25134","post","type-post","status-publish","format-standard","has-post-thumbnail","hentry","category-internacionales"],"_links":{"self":[{"href":"https:\/\/www.sportchaco.com.ar\/index.php?rest_route=\/wp\/v2\/posts\/25134","targetHints":{"allow":["GET"]}}],"collection":[{"href":"https:\/\/www.sportchaco.com.ar\/index.php?rest_route=\/wp\/v2\/posts"}],"about":[{"href":"https:\/\/www.sportchaco.com.ar\/index.php?rest_route=\/wp\/v2\/types\/post"}],"author":[{"embeddable":true,"href":"https:\/\/www.sportchaco.com.ar\/index.php?rest_route=\/wp\/v2\/users\/2"}],"replies":[{"embeddable":true,"href":"https:\/\/www.sportchaco.com.ar\/index.php?rest_route=%2Fwp%2Fv2%2Fcomments&post=25134"}],"version-history":[{"count":2,"href":"https:\/\/www.sportchaco.com.ar\/index.php?rest_route=\/wp\/v2\/posts\/25134\/revisions"}],"predecessor-version":[{"id":25138,"href":"https:\/\/www.sportchaco.com.ar\/index.php?rest_route=\/wp\/v2\/posts\/25134\/revisions\/25138"}],"wp:featuredmedia":[{"embeddable":true,"href":"https:\/\/www.sportchaco.com.ar\/index.php?rest_route=\/wp\/v2\/media\/25136"}],"wp:attachment":[{"href":"https:\/\/www.sportchaco.com.ar\/index.php?rest_route=%2Fwp%2Fv2%2Fmedia&parent=25134"}],"wp:term":[{"taxonomy":"category","embeddable":true,"href":"https:\/\/www.sportchaco.com.ar\/index.php?rest_route=%2Fwp%2Fv2%2Fcategories&post=25134"},{"taxonomy":"post_tag","embeddable":true,"href":"https:\/\/www.sportchaco.com.ar\/index.php?rest_route=%2Fwp%2Fv2%2Ftags&post=25134"}],"curies":[{"name":"wp","href":"https:\/\/api.w.org\/{rel}","templated":true}]}}