{"id":25151,"date":"2025-09-09T22:42:34","date_gmt":"2025-09-10T01:42:34","guid":{"rendered":"https:\/\/www.sportchaco.com.ar\/?p=25151"},"modified":"2025-09-10T00:30:27","modified_gmt":"2025-09-10T03:30:27","slug":"25151","status":"publish","type":"post","link":"https:\/\/www.sportchaco.com.ar\/?p=25151","title":{"rendered":"Ecuador le gan\u00f3 a la Argentina y termin\u00f3 escolta en las Eliminatorias"},"content":{"rendered":"<div class=\"flex flex-col w-full\">\n<div class=\"p-2.5 md:p-0\">\n<h5 data-testid=\"article_title_h1\"><time datetime=\"2025-09-09T22:07:11-03:00\">09\/09\/2025<\/time><\/h5>\n<h5 class=\"mb-[14px] text-articleTitleMobile md:text-articleTitle font-articleTitle tracking-normal\" data-testid=\"article_title_h1\">Argentina perdi\u00f3 ante Ecuador en el cierre de las Eliminatorias. Por el gol de Enner Valencia, la Tri se impuso ante la Albiceleste en la \u00faltima jornada de las Eliminatorias Sudamericanas. Hubo dos expulsados.<\/h5>\n<div class=\"flex justify-between md:mb-[20px]\">\n<div class=\"flex items-center \">\n<div class=\" text-mediumGray text-articleDateAuthor font-articleDateAuthor tracking-normal\">\n<h5 class=\"m-0\"><\/h5>\n<h5><\/h5>\n<\/div>\n<\/div>\n<\/div>\n<\/div>\n<figure class=\"border-solid border-b border-lightGray relative \"><img sizes=\"50vw\" srcset=\"https:\/\/ds-images.bolavip.com\/news\/image?src=https%3A%2F%2Fimages.bolavip.com%2Fwebp%2Far%2Ffull%2FBAR_20250909_BAR_530857_BV-2025-17.webp&amp;width=490&amp;height=275 490w, https:\/\/ds-images.bolavip.com\/news\/image?src=https%3A%2F%2Fimages.bolavip.com%2Fwebp%2Far%2Ffull%2FBAR_20250909_BAR_530857_BV-2025-17.webp&amp;width=740&amp;height=416 740w\" alt=\"Enner Valencia celebra su gol ante Argentina. \" width=\"740\" height=\"416\" \/><figcaption class=\"mx-[10px] md:mx-0 mt-2.5 text-[14px] tracking-normal font-articleFigCaption text-articleFigCaption\">Enner Valencia celebra su gol ante Argentina.<\/figcaption><\/figure>\n<\/div>\n<div id=\"article-body-530857\" class=\"block w-full my-[30px] px-[10px] md:px-0 overflow-hidden font-three text-articleBody md:text-articleBodyDesktop \" data-testid=\"article_body\">\n<p class=\"mb-[20px] md:mb-[30px] break-word\" data-testid=\"paragraph\"><span style=\"color: #000000;\">Bajo el marco de la fecha 18 de las\u00a0<a class=\"break-word font-articleLinkText text-articleLinkText hover:text-articleLinkTextHover hover:bg-articleLinkTextHoverBg cursor-pointer border-solid border-b-articleLinkTextHover\" style=\"color: #000000;\" href=\"https:\/\/bolavip.com\/ar\/eliminatorias-conmebol\" target=\"_blank\" rel=\"noreferrer noopener\">Eliminatorias Sudamericanas<\/a>, en el Estadio Monumental Banco Pichincha de la ciudad de Guayaquil, la\u00a0<a class=\"break-word font-articleLinkText text-articleLinkText hover:text-articleLinkTextHover hover:bg-articleLinkTextHoverBg cursor-pointer border-solid border-b-articleLinkTextHover\" style=\"color: #000000;\" href=\"https:\/\/bolavip.com\/ar\/tema\/seleccion-ecuador\" target=\"_blank\" rel=\"noreferrer noopener\">Selecci\u00f3n de Ecuador<\/a>\u00a0le gan\u00f3 1-0 a la\u00a0<a class=\"break-word font-articleLinkText text-articleLinkText hover:text-articleLinkTextHover hover:bg-articleLinkTextHoverBg cursor-pointer border-solid border-b-articleLinkTextHover\" style=\"color: #000000;\" href=\"https:\/\/bolavip.com\/ar\/seleccion\" target=\"_blank\" rel=\"noreferrer noopener\">Selecci\u00f3n Argentina<\/a>\u00a0por el gol de penal que\u00a0Enner Valencia\u00a0anot\u00f3 en el primer tiempo. El \u00e1rbitro\u00a0Wilmar Rold\u00e1n\u00a0expuls\u00f3 a\u00a0Nicol\u00e1s Otamendi\u00a0y tambi\u00e9n a\u00a0Mois\u00e9s Caicedo.<\/span><\/p>\n<p class=\"mb-[20px] md:mb-[30px] break-word\" data-testid=\"paragraph\"><span style=\"color: #000000;\">Se terminaron las Eliminatorias para ambos seleccionados, que ya estaban clasificados al\u00a0<a class=\"break-word font-articleLinkText text-articleLinkText hover:text-articleLinkTextHover hover:bg-articleLinkTextHoverBg cursor-pointer border-solid border-b-articleLinkTextHover\" style=\"color: #000000;\" href=\"https:\/\/bolavip.com\/ar\/mundial\" target=\"_blank\" rel=\"noreferrer noopener\">Mundial 2026<\/a>. En un flojo encuentro de los argentinos, que fueron superados f\u00edsicamente por el elenco local comandado por\u00a0Sebasti\u00e1n Beccacece, y a pesar de las variantes que realiz\u00f3\u00a0Lionel Scaloni\u00a0no pudieron revertir el resultado ni el desarrollo del juego.<\/span><\/p>\n<p class=\"mb-[20px] md:mb-[30px] break-word\" data-testid=\"paragraph\"><span style=\"color: #000000;\">Luego de que\u00a0Rold\u00e1n\u00a0revisara en el VAR una infracci\u00f3n de\u00a0Nicol\u00e1s Tagliafico\u00a0sobre\u00a0\u00c1ngelo Preciado, dictamin\u00f3 la pena m\u00e1xima en favor de los ecuatorianos y fue el m\u00e1ximo goleador de la historia de la Tri,\u00a0Valencia, quien cambi\u00f3 la sanci\u00f3n por gol.<\/span><\/p>\n<p class=\"break-word\" data-testid=\"paragraph\"><span style=\"color: #000000;\">Ahora, ambos seleccionados afrontar\u00e1n la fecha FIFA que se desarrollar\u00e1 en octubre y noviembre de este a\u00f1o, que ser\u00e1n las \u00faltimas presentaciones, con encuentros amistosos preparativos para el Mundial 2026. Luego, esperar\u00e1n por el sorteo de la fase de grupos de la cita mundialista que se desarrollar\u00e1 a mediados del pr\u00f3ximo a\u00f1o en Estados Unidos, M\u00e9xico y Canad\u00e1.<\/span><\/p>\n<\/div>\n<p>&nbsp;<\/p>\n<p><img decoding=\"async\" src=\"https:\/\/www.infobae.com\/resizer\/v2\/PYKVS4P2EZGZLESOWHEXXCGHN4.JPG?auth=a759484e0f89e42fe5c2ed2c0c0629db2de2f34b3630d1d75edc322657f06f1b&amp;smart=true&amp;width=350&amp;height=248&amp;quality=85\" alt=\"El festejo de Enner Valencia\" \/><\/p>\n<p>&nbsp;<\/p>\n<p><iframe loading=\"lazy\" title=\"Ecuador 1 - 0 Argentina | Eliminatorias Sudamericanas Mundial 2026 | Fecha 18\" width=\"500\" height=\"281\" src=\"https:\/\/www.youtube.com\/embed\/1UN54kith7k?feature=oembed\" frameborder=\"0\" allow=\"accelerometer; autoplay; clipboard-write; encrypted-media; gyroscope; picture-in-picture; web-share\" referrerpolicy=\"strict-origin-when-cross-origin\" allowfullscreen><\/iframe><\/p>\n<h3>Formaciones<\/h3>\n<p>&nbsp;<\/p>\n<p><b>Ecuador:<\/b><\/p>\n<ul>\n<li><b>Arquero:<\/b> Hern\u00e1n Gal\u00edndez<\/li>\n<li><b>Defensores:<\/b> \u00c1ngelo Preciado, Joel Ord\u00f3\u00f1ez, Willian Pacho, Piero Hincapi\u00e9<\/li>\n<li><b>Mediocampistas:<\/b> Alan Franco, Mois\u00e9s Caicedo, Pedro Vite, Gonzalo Plata, Nilson Angulo<\/li>\n<li><b>Delantero:<\/b> Enner Valencia<\/li>\n<li><b>DT:<\/b> Sebasti\u00e1n Beccacece<\/li>\n<\/ul>\n<p><b>Argentina:<\/b><\/p>\n<ul>\n<li><b>Arquero:<\/b> Emiliano Mart\u00ednez<\/li>\n<li><b>Defensores:<\/b> Gonzalo Montiel, Leonardo Balerdi, Nicol\u00e1s Otamendi, Nicol\u00e1s Tagliafico<\/li>\n<li><b>Mediocampistas:<\/b> Rodrigo De Paul, Leandro Paredes, Alexis Mac Allister, Giuliano Simeone<\/li>\n<li><b>Delanteros:<\/b> Lautaro Mart\u00ednez, Nicol\u00e1s Gonz\u00e1lez<\/li>\n<li><b>DT:<\/b> Lionel Scaloni<\/li>\n<\/ul>\n<p>&nbsp;<\/p>\n<h3>Gol<\/h3>\n<p>&nbsp;<\/p>\n<ul>\n<li><b>Ecuador:<\/b> Enner Valencia, de penal, a los 58 minutos del partido.<\/li>\n<\/ul>\n<p>&nbsp;<\/p>\n<h3>Cambios<\/h3>\n<p>&nbsp;<\/p>\n<p><b>Ecuador:<\/b><\/p>\n<ul>\n<li><b>Jordy Alc\u00edvar<\/b> y <b>Kendry P\u00e1ez<\/b> ingresaron por Enner Valencia y Nilson Angulo (minuto 58).<\/li>\n<li><b>Kevin Rodr\u00edguez<\/b> ingres\u00f3 por Gonzalo Plata (minuto 66).<\/li>\n<li><b>John Yeboah<\/b> ingres\u00f3 por \u00c1ngelo Preciado (minuto 46).<\/li>\n<li><b>Alan Minda<\/b> ingres\u00f3 por John Yeboah (minuto 90+3).<\/li>\n<\/ul>\n<p><b>Argentina:<\/b><\/p>\n<ul>\n<li><b>Franco Mastantuono<\/b> y <b>Juli\u00e1n \u00c1lvarez<\/b> ingresaron por Leandro Paredes y Lautaro Mart\u00ednez (minuto 63).<\/li>\n<li><b>Nahuel Molina<\/b> y <b>Giovani Lo Celso<\/b> ingresaron por Gonzalo Montiel y Rodrigo De Paul (minuto 66).<\/li>\n<li><b>Juan Foyth<\/b> reemplaz\u00f3 a Giuliano Simeone tras la expulsi\u00f3n de Otamendi (minuto 37).<\/li>\n<li><img decoding=\"async\" src=\"https:\/\/images.pagina12.com.ar\/styles\/focal_3_2_470x313\/public\/2025-09\/970524-sin-20t-c3-adtulo-1-4.jpg?h=74328444&amp;itok=YeByjfIj\" alt=\"Argentina pierde 1-0 con Ecuador hoy por Eliminatorias: el partido, minuto a minuto | Sin Messi, en el Estadio Monumental de Guayaquil | P\u00e1gina|12\" \/><\/li>\n<\/ul>\n","protected":false},"excerpt":{"rendered":"<p>09\/09\/2025 Argentina perdi\u00f3 ante Ecuador en el cierre de las Eliminatorias. Por el gol de Enner Valencia, la Tri se impuso ante la Albiceleste en la \u00faltima jornada de las Eliminatorias Sudamericanas. Hubo dos expulsados. Enner Valencia celebra su gol ante Argentina. Bajo el marco de la fecha 18 de las\u00a0Eliminatorias Sudamericanas, en el Estadio &hellip;<\/p>\n","protected":false},"author":2,"featured_media":25152,"comment_status":"open","ping_status":"open","sticky":false,"template":"","format":"standard","meta":{"footnotes":""},"categories":[6],"tags":[],"class_list":["post-25151","post","type-post","status-publish","format-standard","has-post-thumbnail","hentry","category-internacionales"],"_links":{"self":[{"href":"https:\/\/www.sportchaco.com.ar\/index.php?rest_route=\/wp\/v2\/posts\/25151","targetHints":{"allow":["GET"]}}],"collection":[{"href":"https:\/\/www.sportchaco.com.ar\/index.php?rest_route=\/wp\/v2\/posts"}],"about":[{"href":"https:\/\/www.sportchaco.com.ar\/index.php?rest_route=\/wp\/v2\/types\/post"}],"author":[{"embeddable":true,"href":"https:\/\/www.sportchaco.com.ar\/index.php?rest_route=\/wp\/v2\/users\/2"}],"replies":[{"embeddable":true,"href":"https:\/\/www.sportchaco.com.ar\/index.php?rest_route=%2Fwp%2Fv2%2Fcomments&post=25151"}],"version-history":[{"count":3,"href":"https:\/\/www.sportchaco.com.ar\/index.php?rest_route=\/wp\/v2\/posts\/25151\/revisions"}],"predecessor-version":[{"id":25155,"href":"https:\/\/www.sportchaco.com.ar\/index.php?rest_route=\/wp\/v2\/posts\/25151\/revisions\/25155"}],"wp:featuredmedia":[{"embeddable":true,"href":"https:\/\/www.sportchaco.com.ar\/index.php?rest_route=\/wp\/v2\/media\/25152"}],"wp:attachment":[{"href":"https:\/\/www.sportchaco.com.ar\/index.php?rest_route=%2Fwp%2Fv2%2Fmedia&parent=25151"}],"wp:term":[{"taxonomy":"category","embeddable":true,"href":"https:\/\/www.sportchaco.com.ar\/index.php?rest_route=%2Fwp%2Fv2%2Fcategories&post=25151"},{"taxonomy":"post_tag","embeddable":true,"href":"https:\/\/www.sportchaco.com.ar\/index.php?rest_route=%2Fwp%2Fv2%2Ftags&post=25151"}],"curies":[{"name":"wp","href":"https:\/\/api.w.org\/{rel}","templated":true}]}}