{"id":25163,"date":"2025-09-09T23:07:21","date_gmt":"2025-09-10T02:07:21","guid":{"rendered":"https:\/\/www.sportchaco.com.ar\/?p=25163"},"modified":"2025-09-09T23:08:28","modified_gmt":"2025-09-10T02:08:28","slug":"efemerides-del-10-de-septiembre-2","status":"publish","type":"post","link":"https:\/\/www.sportchaco.com.ar\/?p=25163","title":{"rendered":"Efem\u00e9rides del 10 de septiembre"},"content":{"rendered":"<div class=\"container fullwidth-entry-title-wrapper\">\n<div class=\"container-wrapper fullwidth-entry-title\">\n<header class=\"entry-header-outer\">\n<div class=\"entry-header\">\n<h1 class=\"post-title entry-title\">Efem\u00e9rides del 10 de septiembre<\/h1>\n<div class=\"single-post-meta post-meta clearfix\"><\/div>\n<\/div>\n<\/header>\n<\/div>\n<\/div>\n<div id=\"content\" class=\"site-content container\">\n<div id=\"main-content-row\" class=\"tie-row main-content-row\">\n<div class=\"main-content tie-col-md-8 tie-col-xs-12\" role=\"main\">\n<article id=\"the-post\" class=\"container-wrapper post-content tie-standard\">\n<div class=\"featured-area\">\n<div class=\"featured-area-inner\"><\/div>\n<\/div>\n<div class=\"entry-content entry clearfix\">\n<p><strong>Esta es la Efem\u00e9rides del Deporte en el Chaco de un 10 de septiembre del periodista Luis Dar\u00edo Molodezky.<\/strong><\/p>\n<p style=\"text-align: center;\"><img loading=\"lazy\" decoding=\"async\" class=\"alignnone size-medium wp-image-24494\" src=\"https:\/\/www.sportchaco.com.ar\/wp-content\/uploads\/2025\/08\/Luis-Dario-11-08-2025-3-1-226x300.jpeg\" alt=\"\" width=\"226\" height=\"300\" srcset=\"https:\/\/www.sportchaco.com.ar\/wp-content\/uploads\/2025\/08\/Luis-Dario-11-08-2025-3-1-226x300.jpeg 226w, https:\/\/www.sportchaco.com.ar\/wp-content\/uploads\/2025\/08\/Luis-Dario-11-08-2025-3-1-771x1024.jpeg 771w, https:\/\/www.sportchaco.com.ar\/wp-content\/uploads\/2025\/08\/Luis-Dario-11-08-2025-3-1-768x1021.jpeg 768w, https:\/\/www.sportchaco.com.ar\/wp-content\/uploads\/2025\/08\/Luis-Dario-11-08-2025-3-1-1156x1536.jpeg 1156w, https:\/\/www.sportchaco.com.ar\/wp-content\/uploads\/2025\/08\/Luis-Dario-11-08-2025-3-1.jpeg 1204w\" sizes=\"auto, (max-width: 226px) 100vw, 226px\" \/><\/p>\n<p><strong>1936\u00a0<\/strong>\/ Primera renovaci\u00f3n de CD de Villa San Mart\u00edn. En la escuela N\u00ba 169 se realiz\u00f3 la asamblea que consagr\u00f3 presidente a Vicente Garc\u00eda, secretario Remigio Borque, tesorero Jos\u00e9 Brov\u00eda, vocales Mart\u00edn Lestani, Ismael Etelechea y Florencio Lestani. Suplentes Ricardo Colombo y Exequiel G\u00f3mez.<\/p>\n<p><strong>1967\u00a0<\/strong>\/ Luego de ganar el Torneo del Interior, Chaco For Ever debuta en el f\u00fatbol grande en la Bombonera, en el primer Nacional. Luego de un viaje de 20 horas en colectivo, enfrent\u00f3 a Boca, perdiendo 3 a 1. M\u00e1s de 5 mil chaque\u00f1os llenaron las tribunas alta y media de Boca. El equipo form\u00f3 con Villanueva; Cassiet, Silgueiro, Miranda y Pizcizeck; Rotger y Non\u00edn L\u00f3pez; Cubilla, Villagra, Santiago Fern\u00e1ndez y Porfirio C\u00e1ceres. AS: Ferrari. DT: H\u00e9ctor Gamarra. Adem\u00e1s de Chaco clasificaron para el primer Nacional, San Mart\u00edn Mendoza, Central C\u00f3rdoba, Santiago del Estero y San Mart\u00edn Tucum\u00e1n.<\/p>\n<p><img loading=\"lazy\" decoding=\"async\" class=\"alignnone size-medium wp-image-25167 aligncenter\" src=\"https:\/\/www.sportchaco.com.ar\/wp-content\/uploads\/2025\/09\/For-Ever-1967-Boca-300x212.jpg\" alt=\"\" width=\"300\" height=\"212\" srcset=\"https:\/\/www.sportchaco.com.ar\/wp-content\/uploads\/2025\/09\/For-Ever-1967-Boca-300x212.jpg 300w, https:\/\/www.sportchaco.com.ar\/wp-content\/uploads\/2025\/09\/For-Ever-1967-Boca-768x542.jpg 768w, https:\/\/www.sportchaco.com.ar\/wp-content\/uploads\/2025\/09\/For-Ever-1967-Boca.jpg 980w\" sizes=\"auto, (max-width: 300px) 100vw, 300px\" \/><strong>Formaci\u00f3n de Chaco For Ever en La Bombonera en el debut 1967 1-3<\/strong><\/p>\n<p><strong>1978\u00a0<\/strong>\/ Javier Dacak consigue por segunda vez el t\u00edtulo de campe\u00f3n mundial en rotura de potencia, durante el mundial desarrollado en Oklahoma, Estados Unidos, llevando la bandera del Chaco.<\/p>\n<p style=\"text-align: left;\"><strong>2018 \/<\/strong>\u00a0Fallece en Resistencia a los 75 a\u00f1os el periodista Pedro\u00a0Capkauskas, corresponsal de diario NORTE por 40 a\u00f1os. Hab\u00eda nacido el 9 de diciembre de1942 en San Mart\u00edn, Buenos Aires. Se radic\u00f3 de joven en Villa \u00c1ngela y fue corresponsal del diario Crisol. Desde el 15 de junio de 1978 se incorpor\u00f3 a diario Norte hasta su fallecimiento. Conform\u00f3 la delegaci\u00f3n Sur del Sindicato de Prensa, integrante y directivo del C\u00edrculo de Periodistas Deportivos. Trabaj\u00f3 tambi\u00e9n en radio y televisi\u00f3n con numerosos programas y mont\u00f3 su propia emisora en Frecuencia Modulada.<\/p>\n<p><img loading=\"lazy\" decoding=\"async\" class=\"size-medium wp-image-25165 alignleft\" src=\"https:\/\/www.sportchaco.com.ar\/wp-content\/uploads\/2025\/09\/pedro-caupkauskas-va-300x223.jpg\" alt=\"\" width=\"300\" height=\"223\" \/><\/p>\n<\/div>\n<\/article>\n<\/div>\n<p>&nbsp;<\/p>\n<p>&nbsp;<\/p>\n<p><strong>Pedro Caupkaskas<\/strong><\/p>\n<p>&nbsp;<\/p>\n<p>&nbsp;<\/p>\n<p><strong>Foto portada de la tapa de El Gr\u00e1fico 1967 con el debut de For Ever en La Bombonera. Ratt\u00edn y Nin\u00edn L\u00f3pez.<\/strong><\/p>\n<\/div>\n<\/div>\n","protected":false},"excerpt":{"rendered":"<p>Efem\u00e9rides del 10 de septiembre Esta es la Efem\u00e9rides del Deporte en el Chaco de un 10 de septiembre del periodista Luis Dar\u00edo Molodezky. 1936\u00a0\/ Primera renovaci\u00f3n de CD de Villa San Mart\u00edn. En la escuela N\u00ba 169 se realiz\u00f3 la asamblea que consagr\u00f3 presidente a Vicente Garc\u00eda, secretario Remigio Borque, tesorero Jos\u00e9 Brov\u00eda, vocales &hellip;<\/p>\n","protected":false},"author":2,"featured_media":25169,"comment_status":"open","ping_status":"open","sticky":false,"template":"","format":"standard","meta":{"footnotes":""},"categories":[45,39],"tags":[],"class_list":["post-25163","post","type-post","status-publish","format-standard","has-post-thumbnail","hentry","category-efemerides-dia-por-dia","category-septiembre"],"_links":{"self":[{"href":"https:\/\/www.sportchaco.com.ar\/index.php?rest_route=\/wp\/v2\/posts\/25163","targetHints":{"allow":["GET"]}}],"collection":[{"href":"https:\/\/www.sportchaco.com.ar\/index.php?rest_route=\/wp\/v2\/posts"}],"about":[{"href":"https:\/\/www.sportchaco.com.ar\/index.php?rest_route=\/wp\/v2\/types\/post"}],"author":[{"embeddable":true,"href":"https:\/\/www.sportchaco.com.ar\/index.php?rest_route=\/wp\/v2\/users\/2"}],"replies":[{"embeddable":true,"href":"https:\/\/www.sportchaco.com.ar\/index.php?rest_route=%2Fwp%2Fv2%2Fcomments&post=25163"}],"version-history":[{"count":2,"href":"https:\/\/www.sportchaco.com.ar\/index.php?rest_route=\/wp\/v2\/posts\/25163\/revisions"}],"predecessor-version":[{"id":25170,"href":"https:\/\/www.sportchaco.com.ar\/index.php?rest_route=\/wp\/v2\/posts\/25163\/revisions\/25170"}],"wp:featuredmedia":[{"embeddable":true,"href":"https:\/\/www.sportchaco.com.ar\/index.php?rest_route=\/wp\/v2\/media\/25169"}],"wp:attachment":[{"href":"https:\/\/www.sportchaco.com.ar\/index.php?rest_route=%2Fwp%2Fv2%2Fmedia&parent=25163"}],"wp:term":[{"taxonomy":"category","embeddable":true,"href":"https:\/\/www.sportchaco.com.ar\/index.php?rest_route=%2Fwp%2Fv2%2Fcategories&post=25163"},{"taxonomy":"post_tag","embeddable":true,"href":"https:\/\/www.sportchaco.com.ar\/index.php?rest_route=%2Fwp%2Fv2%2Ftags&post=25163"}],"curies":[{"name":"wp","href":"https:\/\/api.w.org\/{rel}","templated":true}]}}