{"id":25203,"date":"2025-09-10T19:35:26","date_gmt":"2025-09-10T22:35:26","guid":{"rendered":"https:\/\/www.sportchaco.com.ar\/?p=25203"},"modified":"2025-09-12T12:42:48","modified_gmt":"2025-09-12T15:42:48","slug":"sarmiento-recibe-el-domingo-a-mitre-2","status":"publish","type":"post","link":"https:\/\/www.sportchaco.com.ar\/?p=25203","title":{"rendered":"Sarmiento recibe el domingo a Mitre"},"content":{"rendered":"<p><strong>10-09-2025<\/strong><\/p>\n<p><img loading=\"lazy\" decoding=\"async\" class=\"aligncenter size-large wp-image-20099\" src=\"https:\/\/www.sportchaco.com.ar\/wp-content\/uploads\/2025\/06\/728x90-1024x127.gif\" alt=\"\" width=\"1024\" height=\"127\" srcset=\"https:\/\/www.sportchaco.com.ar\/wp-content\/uploads\/2025\/06\/728x90-1024x127.gif 1024w, https:\/\/www.sportchaco.com.ar\/wp-content\/uploads\/2025\/06\/728x90-300x37.gif 300w, https:\/\/www.sportchaco.com.ar\/wp-content\/uploads\/2025\/06\/728x90-768x95.gif 768w, https:\/\/www.sportchaco.com.ar\/wp-content\/uploads\/2025\/06\/728x90-1536x190.gif 1536w, https:\/\/www.sportchaco.com.ar\/wp-content\/uploads\/2025\/06\/728x90-2048x254.gif 2048w\" sizes=\"auto, (max-width: 1024px) 100vw, 1024px\" \/><\/p>\n<p>El Consejo Federal de AFA estableci\u00f3 los d\u00edas y horarios para el desarrollo de la 9\u00aa y \u00faltima fecha de la fase Rev\u00e1lida del Federal \u00abA\u00bb de F\u00fatbol.<\/p>\n<p>Sarmiento ya evit\u00f3 el descenso y, adem\u00e1s, se asegur\u00f3 la clasificaci\u00f3n a la los playoffs de la siguiente etapa. El \u00abdecano\u00bb jugar\u00e1 este domingo desde las 15 horas en el Centenario ante Mitre de Posadas.<\/p>\n<p>El juez designado para el duelo entre chaque\u00f1os y misioneros ser\u00e1 el cordob\u00e9s Fernando Rekers, quien estar\u00e1 acompa\u00f1ado por Sergio P\u00e9rez y Pablo Ram\u00edrez; de cuarto \u00e1rbitro estar\u00e1 Jonat\u00e1n Mapelli.<\/p>\n<p>El equipo de Roberto Marioni viene de ganar en Garup\u00e1, Misiones ante Crucero del Norte, equipo ya descendido y por dicha raz\u00f3n el DT rot\u00f3 mucho el equipo y es muy probable que vuelva a hacerlo este fin de semana.<\/p>\n<p>El probable 11 ser\u00eda: Germ\u00e1n Yacaruso; Franco Dom\u00ednguez, Rodrigo L\u00f3pez Alba y Santiago Piccioni; Leonel Niz, Cristian Almir\u00f3n, Tom\u00e1s Bacas y Max Pared; Carlos Arriola, Hern\u00e1n Gonz\u00e1lez y Gonzalo Gonz\u00e1lez.<\/p>\n<p>Por su parte, Mitre gan\u00f3 en su \u00faltima presentaci\u00f3n de local ante El Linque\u00f1o y necesita de un triunfo para asegurarse la clasificaci\u00f3n a la etapa siguiente.<\/p>\n<p><strong>REV\u00c1LIDA B \u2013 9\u00aa FECHA<\/strong><br \/>\n<strong>S\u00e1bado 13-09<\/strong><br \/>\nA las 16, Defensores de Belgrano (VR) &#8211; Crucero del Norte. <strong>\u00c1rbitro:<\/strong> Antonella Paj\u00f3n<\/p>\n<p><strong>Domingo 14-09<\/strong><br \/>\nA las 15, El Linque\u00f1o &#8211; Sol de Am\u00e9rica. <strong>\u00c1rbitro: <\/strong>Fernando Marcos<br \/>\nA las 15, Ben Hur &#8211; Gimnasia y Esgrima (CdU). <strong>\u00c1rbitro:<\/strong> Leonardo Billanueva<br \/>\nA las 15, Boca Unidos &#8211; Sportivo Las Parejas. <strong>\u00c1rbitro:\u00a0<\/strong>Guillermo Gonz\u00e1lez<br \/>\nA las 15, Sarmiento &#8211; Mitre. <strong>\u00c1rbitro:<\/strong> Fernando Rekers<\/p>\n<p><img loading=\"lazy\" decoding=\"async\" class=\"aligncenter size-large wp-image-20149\" src=\"https:\/\/www.sportchaco.com.ar\/wp-content\/uploads\/2025\/06\/Chaco-sin-fuego-1080x1350-3-819x1024.gif\" alt=\"\" width=\"819\" height=\"1024\" srcset=\"https:\/\/www.sportchaco.com.ar\/wp-content\/uploads\/2025\/06\/Chaco-sin-fuego-1080x1350-3-819x1024.gif 819w, https:\/\/www.sportchaco.com.ar\/wp-content\/uploads\/2025\/06\/Chaco-sin-fuego-1080x1350-3-240x300.gif 240w, https:\/\/www.sportchaco.com.ar\/wp-content\/uploads\/2025\/06\/Chaco-sin-fuego-1080x1350-3-768x960.gif 768w, https:\/\/www.sportchaco.com.ar\/wp-content\/uploads\/2025\/06\/Chaco-sin-fuego-1080x1350-3-1229x1536.gif 1229w, https:\/\/www.sportchaco.com.ar\/wp-content\/uploads\/2025\/06\/Chaco-sin-fuego-1080x1350-3-1638x2048.gif 1638w\" sizes=\"auto, (max-width: 819px) 100vw, 819px\" \/><\/p>\n","protected":false},"excerpt":{"rendered":"<p>10-09-2025 El Consejo Federal de AFA estableci\u00f3 los d\u00edas y horarios para el desarrollo de la 9\u00aa y \u00faltima fecha de la fase Rev\u00e1lida del Federal \u00abA\u00bb de F\u00fatbol. Sarmiento ya evit\u00f3 el descenso y, adem\u00e1s, se asegur\u00f3 la clasificaci\u00f3n a la los playoffs de la siguiente etapa. El \u00abdecano\u00bb jugar\u00e1 este domingo desde las &hellip;<\/p>\n","protected":false},"author":3,"featured_media":25204,"comment_status":"open","ping_status":"open","sticky":false,"template":"","format":"standard","meta":{"footnotes":""},"categories":[5],"tags":[],"class_list":["post-25203","post","type-post","status-publish","format-standard","has-post-thumbnail","hentry","category-futbol"],"_links":{"self":[{"href":"https:\/\/www.sportchaco.com.ar\/index.php?rest_route=\/wp\/v2\/posts\/25203","targetHints":{"allow":["GET"]}}],"collection":[{"href":"https:\/\/www.sportchaco.com.ar\/index.php?rest_route=\/wp\/v2\/posts"}],"about":[{"href":"https:\/\/www.sportchaco.com.ar\/index.php?rest_route=\/wp\/v2\/types\/post"}],"author":[{"embeddable":true,"href":"https:\/\/www.sportchaco.com.ar\/index.php?rest_route=\/wp\/v2\/users\/3"}],"replies":[{"embeddable":true,"href":"https:\/\/www.sportchaco.com.ar\/index.php?rest_route=%2Fwp%2Fv2%2Fcomments&post=25203"}],"version-history":[{"count":2,"href":"https:\/\/www.sportchaco.com.ar\/index.php?rest_route=\/wp\/v2\/posts\/25203\/revisions"}],"predecessor-version":[{"id":25306,"href":"https:\/\/www.sportchaco.com.ar\/index.php?rest_route=\/wp\/v2\/posts\/25203\/revisions\/25306"}],"wp:featuredmedia":[{"embeddable":true,"href":"https:\/\/www.sportchaco.com.ar\/index.php?rest_route=\/wp\/v2\/media\/25204"}],"wp:attachment":[{"href":"https:\/\/www.sportchaco.com.ar\/index.php?rest_route=%2Fwp%2Fv2%2Fmedia&parent=25203"}],"wp:term":[{"taxonomy":"category","embeddable":true,"href":"https:\/\/www.sportchaco.com.ar\/index.php?rest_route=%2Fwp%2Fv2%2Fcategories&post=25203"},{"taxonomy":"post_tag","embeddable":true,"href":"https:\/\/www.sportchaco.com.ar\/index.php?rest_route=%2Fwp%2Fv2%2Ftags&post=25203"}],"curies":[{"name":"wp","href":"https:\/\/api.w.org\/{rel}","templated":true}]}}