{"id":25207,"date":"2025-09-10T23:24:50","date_gmt":"2025-09-11T02:24:50","guid":{"rendered":"https:\/\/www.sportchaco.com.ar\/?p=25207"},"modified":"2025-09-10T23:31:03","modified_gmt":"2025-09-11T02:31:03","slug":"efemerides-del-11-de-septiembre-2","status":"publish","type":"post","link":"https:\/\/www.sportchaco.com.ar\/?p=25207","title":{"rendered":"Efem\u00e9rides del 11 de septiembre"},"content":{"rendered":"<div class=\"container fullwidth-entry-title-wrapper\">\n<div class=\"container-wrapper fullwidth-entry-title\">\n<header class=\"entry-header-outer\">\n<div class=\"entry-header\">\n<h5 class=\"single-post-meta post-meta clearfix\"><\/h5>\n<\/div>\n<\/header>\n<\/div>\n<\/div>\n<div id=\"content\" class=\"site-content container\">\n<div id=\"main-content-row\" class=\"tie-row main-content-row\">\n<div class=\"main-content tie-col-md-8 tie-col-xs-12\" role=\"main\">\n<article id=\"the-post\" class=\"container-wrapper post-content tie-standard\">\n<div class=\"featured-area-inner\"><\/div>\n<div class=\"entry-content entry clearfix\">\n<h5><strong>Esta es la Efem\u00e9rides del Deporte en el Chaco de un 11 de septiembre del periodista Luis Dar\u00edo Molodezky.<\/strong><\/h5>\n<p><strong>\u00a0<\/strong><\/p>\n<p><img loading=\"lazy\" decoding=\"async\" class=\"alignnone size-medium wp-image-25208 aligncenter\" src=\"https:\/\/www.sportchaco.com.ar\/wp-content\/uploads\/2025\/09\/Luis-Dario-11-08-2025-10-226x300.jpeg\" alt=\"\" width=\"226\" height=\"300\" srcset=\"https:\/\/www.sportchaco.com.ar\/wp-content\/uploads\/2025\/09\/Luis-Dario-11-08-2025-10-226x300.jpeg 226w, https:\/\/www.sportchaco.com.ar\/wp-content\/uploads\/2025\/09\/Luis-Dario-11-08-2025-10-771x1024.jpeg 771w, https:\/\/www.sportchaco.com.ar\/wp-content\/uploads\/2025\/09\/Luis-Dario-11-08-2025-10-768x1021.jpeg 768w, https:\/\/www.sportchaco.com.ar\/wp-content\/uploads\/2025\/09\/Luis-Dario-11-08-2025-10-1156x1536.jpeg 1156w, https:\/\/www.sportchaco.com.ar\/wp-content\/uploads\/2025\/09\/Luis-Dario-11-08-2025-10.jpeg 1204w\" sizes=\"auto, (max-width: 226px) 100vw, 226px\" \/><\/p>\n<p><strong>\u00a0<\/strong><\/p>\n<p><strong>1984\u00a0<\/strong>\/ Mauricio Dor\u00edn, integrando el equipo de la Federaci\u00f3n Chaque\u00f1a, se convierte en el mejor tablero argentino, durante el torneo nacional por equipos disputado en Embalse R\u00edo Tercero, C\u00f3rdoba. Dor\u00edn gan\u00f3 siete encuentros y empat\u00f3 dos.<\/p>\n<p><strong>2010 \/<\/strong>\u00a0El rugby de Regatas Resistencia obtiene el torneo Regional, venciendo en el cotejo final a Curne por 11 a 9. En semi los canarios derrotaron a City 33 a 14 y el remero a Aranduroga 30 a 18. El ganador marc\u00f3 por intermedio de try de Manuel Moreno y dos penales de Javier P\u00e9rtile. El local un drop y dos penales de Juan Salgado. El campe\u00f3n estuvo integrado por Regatas Resistencia: Germ\u00e1n Vera (11\u2019ST Juan Peralta), Pablo Vianello y Franco Vianello; Fernando L\u00f3pez y Fabi\u00e1n Tofanelli; Juan M. Colombo (Cristian Canteros), Sergio Sandoval (Julio Sosa) y Mat\u00edas Costa; Facundo Allevi y Javier P\u00e9rtile ( Juan Ortega); Juan M. Moreno, Arturo Ojeda, Federico Ojeda y Gast\u00f3n Vidondo; y Pablo Fogliatti. DT: Yunes y Alvarez.<\/p>\n<p><strong>2010 \/<\/strong>\u00a0Fallece el poeta y dibujante Jorge Nicanor Pascual (foto), quien era adem\u00e1s trabajador del Archivo Hist\u00f3rico. Durante a\u00f1os realiz\u00f3 reportajes, notas diversas y dibujos en diario Norte. Caracteriz\u00f3 a destacados deportistas chaque\u00f1os en su trazo de pluma gruesa y cosech\u00f3 numerosas distinciones en cuento y poes\u00eda, a niveles provincial, regional, nacional e internacional. Hab\u00eda nacido en el 2 de abril de 1949 en Monte Quemado (Santiago del Estero) y se radic\u00f3 con su familia en Resistencia (Chaco) a principios de 1958, cuando ten\u00eda 8 a\u00f1os de edad. Su poema \u201cAnda el negro Pav\u00f3n, todav\u00eda anda\u201d dedicado a un sobrino muerto en la guerra de Malvinas y que alcanz\u00f3 repercusi\u00f3n con la m\u00fasica y la voz de Zitto Segovia. Del tema se lleg\u00f3 a decir \u201ces el himno virtual de los ex combatientes chaque\u00f1os de Malvinas\u201d.<\/p>\n<h3>Argentina<\/h3>\n<p>&nbsp;<\/p>\n<ul>\n<li><b>2001:<\/b> En la goleada 6-2 de River Plate sobre Estudiantes de La Plata, debut\u00f3 el delantero <b>Fernando \u00abEl Torito\u00bb Cavenaghi<\/b>, quien se convertir\u00eda en un \u00eddolo del club a lo largo de sus tres etapas.<\/li>\n<li><b>2004:<\/b> Falleci\u00f3 el delantero colombiano <b>Albeiro \u00abEl Palomo\u00bb Usuriaga<\/b>, recordado por su figura en Independiente, equipo con el que gan\u00f3 cuatro t\u00edtulos en la d\u00e9cada de 1990.<\/li>\n<li><b>2005:<\/b> <b>Diego \u00abCholo\u00bb Simeone<\/b> debut\u00f3 como jugador en Racing Club, el equipo del cual siempre se reconoci\u00f3 como un ferviente hincha.<\/li>\n<li><b>2015:<\/b> River Plate gan\u00f3 su primera <b>Recopa Sudamericana<\/b> al vencer a San Lorenzo por 1-0 en el Estadio Nuevo Gas\u00f3metro, con un gol del uruguayo Carlos S\u00e1nchez.<\/li>\n<li><b>1939:<\/b> El delantero paraguayo <b>Delf\u00edn Ben\u00edtez C\u00e1ceres<\/b> jug\u00f3 su \u00faltimo partido en Boca Juniors en la derrota ante River por 5-3.<\/li>\n<\/ul>\n<p>&nbsp;<\/p>\n<h3>Mundo<\/h3>\n<p>&nbsp;<\/p>\n<ul>\n<li><b>1968:<\/b> Se inaugur\u00f3 el <b>Madison Square Garden<\/b> en la ciudad de Nueva York, uno de los estadios m\u00e1s emblem\u00e1ticos del mundo, escenario de combates de boxeo, partidos de baloncesto y conciertos de los artistas m\u00e1s importantes.<\/li>\n<li><b>1990:<\/b> En una de las mayores sorpresas en la historia del boxeo, <b>James \u00abBuster\u00bb Douglas<\/b> derrot\u00f3 a <b>Mike Tyson<\/b> por nocaut para arrebatarle el t\u00edtulo mundial de los pesos pesados en Tokio, Jap\u00f3n.<\/li>\n<li>&nbsp;<\/li>\n<\/ul>\n<\/div>\n<\/article>\n<\/div>\n<\/div>\n<\/div>\n","protected":false},"excerpt":{"rendered":"<p>Esta es la Efem\u00e9rides del Deporte en el Chaco de un 11 de septiembre del periodista Luis Dar\u00edo Molodezky. \u00a0 \u00a0 1984\u00a0\/ Mauricio Dor\u00edn, integrando el equipo de la Federaci\u00f3n Chaque\u00f1a, se convierte en el mejor tablero argentino, durante el torneo nacional por equipos disputado en Embalse R\u00edo Tercero, C\u00f3rdoba. Dor\u00edn gan\u00f3 siete encuentros y &hellip;<\/p>\n","protected":false},"author":2,"featured_media":25210,"comment_status":"open","ping_status":"open","sticky":false,"template":"","format":"standard","meta":{"footnotes":""},"categories":[45,39],"tags":[],"class_list":["post-25207","post","type-post","status-publish","format-standard","has-post-thumbnail","hentry","category-efemerides-dia-por-dia","category-septiembre"],"_links":{"self":[{"href":"https:\/\/www.sportchaco.com.ar\/index.php?rest_route=\/wp\/v2\/posts\/25207","targetHints":{"allow":["GET"]}}],"collection":[{"href":"https:\/\/www.sportchaco.com.ar\/index.php?rest_route=\/wp\/v2\/posts"}],"about":[{"href":"https:\/\/www.sportchaco.com.ar\/index.php?rest_route=\/wp\/v2\/types\/post"}],"author":[{"embeddable":true,"href":"https:\/\/www.sportchaco.com.ar\/index.php?rest_route=\/wp\/v2\/users\/2"}],"replies":[{"embeddable":true,"href":"https:\/\/www.sportchaco.com.ar\/index.php?rest_route=%2Fwp%2Fv2%2Fcomments&post=25207"}],"version-history":[{"count":3,"href":"https:\/\/www.sportchaco.com.ar\/index.php?rest_route=\/wp\/v2\/posts\/25207\/revisions"}],"predecessor-version":[{"id":25220,"href":"https:\/\/www.sportchaco.com.ar\/index.php?rest_route=\/wp\/v2\/posts\/25207\/revisions\/25220"}],"wp:featuredmedia":[{"embeddable":true,"href":"https:\/\/www.sportchaco.com.ar\/index.php?rest_route=\/wp\/v2\/media\/25210"}],"wp:attachment":[{"href":"https:\/\/www.sportchaco.com.ar\/index.php?rest_route=%2Fwp%2Fv2%2Fmedia&parent=25207"}],"wp:term":[{"taxonomy":"category","embeddable":true,"href":"https:\/\/www.sportchaco.com.ar\/index.php?rest_route=%2Fwp%2Fv2%2Fcategories&post=25207"},{"taxonomy":"post_tag","embeddable":true,"href":"https:\/\/www.sportchaco.com.ar\/index.php?rest_route=%2Fwp%2Fv2%2Ftags&post=25207"}],"curies":[{"name":"wp","href":"https:\/\/api.w.org\/{rel}","templated":true}]}}