{"id":25216,"date":"2025-09-11T00:44:14","date_gmt":"2025-09-11T03:44:14","guid":{"rendered":"https:\/\/www.sportchaco.com.ar\/?p=25216"},"modified":"2025-09-11T00:44:55","modified_gmt":"2025-09-11T03:44:55","slug":"la-liga-chaquena-distinguio-a-arbitros-y-exarbitros","status":"publish","type":"post","link":"https:\/\/www.sportchaco.com.ar\/?p=25216","title":{"rendered":"La Liga Chaque\u00f1a distingui\u00f3 a \u00e1rbitros y ex\u00e1rbitros"},"content":{"rendered":"<p><strong>11-09-2025<\/strong><\/p>\n<p><img loading=\"lazy\" decoding=\"async\" class=\"aligncenter size-large wp-image-19472\" src=\"https:\/\/www.sportchaco.com.ar\/wp-content\/uploads\/2025\/05\/Red-de-empeleos-1200x200-1-1024x171.gif\" alt=\"\" width=\"1024\" height=\"171\" srcset=\"https:\/\/www.sportchaco.com.ar\/wp-content\/uploads\/2025\/05\/Red-de-empeleos-1200x200-1-1024x171.gif 1024w, https:\/\/www.sportchaco.com.ar\/wp-content\/uploads\/2025\/05\/Red-de-empeleos-1200x200-1-300x50.gif 300w, https:\/\/www.sportchaco.com.ar\/wp-content\/uploads\/2025\/05\/Red-de-empeleos-1200x200-1-768x128.gif 768w, https:\/\/www.sportchaco.com.ar\/wp-content\/uploads\/2025\/05\/Red-de-empeleos-1200x200-1-1536x256.gif 1536w, https:\/\/www.sportchaco.com.ar\/wp-content\/uploads\/2025\/05\/Red-de-empeleos-1200x200-1-2048x341.gif 2048w\" sizes=\"auto, (max-width: 1024px) 100vw, 1024px\" \/><\/p>\n<p>Este mi\u00e9rcoles, en el marco de los 100 a\u00f1os de la Liga Chaque\u00f1a de F\u00fatbol, se realiz\u00f3 en la sede de la calle Brown un emotivo homenaje a ex\u00e1rbitros y \u00e1rbitros de la entidad.<\/p>\n<p>La misma estuvo encabezada por el presidente Ra\u00fal \u00abpuchi\u00bb Mosqueda y la comisi\u00f3n directiva liguista. La noche estuvo marcada por la emoci\u00f3n y los recuerdos por parte de los homenajeados y familiares que recibieron la distinci\u00f3n.<\/p>\n<p>Los jueces distinguidos fueron Los distinguidos Carlos Zalazar, Ram\u00f3n \u00abTati\u00bb Vel\u00e1zquez, Jos\u00e9 Mar\u00eda Meza, Juan Carlos Fern\u00e1ndez, Od\u00f3n P\u00e9rez, Julia Fortini, Mariana Dur\u00e9, Mar\u00eda Soledad R\u00edos, Fernando \u00abTiti\u00bb Brillada y Facundo Rodr\u00edguez.<\/p>\n<p>La Liga Chaque\u00f1a tiene armada una agenda de eventos de esta \u00edndole previos al 5 de diciembre, d\u00eda de su aniversario 100, en la cual ya ha distinguido a los presidentes de la instituci\u00f3n y pr\u00f3ximamente lo har\u00e1 con jugadores, entrenadores y medios de comunicaci\u00f3n que cubren las actividades de la misma.<\/p>\n<p><em><strong>Foto: Gentileza Marcelo Gauna<\/strong><\/em><\/p>\n<p><img loading=\"lazy\" decoding=\"async\" class=\"aligncenter size-full wp-image-25209\" src=\"https:\/\/www.sportchaco.com.ar\/wp-content\/uploads\/2025\/09\/250x250-2.gif\" alt=\"\" width=\"522\" height=\"521\" \/><\/p>\n","protected":false},"excerpt":{"rendered":"<p>11-09-2025 Este mi\u00e9rcoles, en el marco de los 100 a\u00f1os de la Liga Chaque\u00f1a de F\u00fatbol, se realiz\u00f3 en la sede de la calle Brown un emotivo homenaje a ex\u00e1rbitros y \u00e1rbitros de la entidad. La misma estuvo encabezada por el presidente Ra\u00fal \u00abpuchi\u00bb Mosqueda y la comisi\u00f3n directiva liguista. La noche estuvo marcada por &hellip;<\/p>\n","protected":false},"author":3,"featured_media":25217,"comment_status":"open","ping_status":"open","sticky":false,"template":"","format":"standard","meta":{"footnotes":""},"categories":[5],"tags":[],"class_list":["post-25216","post","type-post","status-publish","format-standard","has-post-thumbnail","hentry","category-futbol"],"_links":{"self":[{"href":"https:\/\/www.sportchaco.com.ar\/index.php?rest_route=\/wp\/v2\/posts\/25216","targetHints":{"allow":["GET"]}}],"collection":[{"href":"https:\/\/www.sportchaco.com.ar\/index.php?rest_route=\/wp\/v2\/posts"}],"about":[{"href":"https:\/\/www.sportchaco.com.ar\/index.php?rest_route=\/wp\/v2\/types\/post"}],"author":[{"embeddable":true,"href":"https:\/\/www.sportchaco.com.ar\/index.php?rest_route=\/wp\/v2\/users\/3"}],"replies":[{"embeddable":true,"href":"https:\/\/www.sportchaco.com.ar\/index.php?rest_route=%2Fwp%2Fv2%2Fcomments&post=25216"}],"version-history":[{"count":4,"href":"https:\/\/www.sportchaco.com.ar\/index.php?rest_route=\/wp\/v2\/posts\/25216\/revisions"}],"predecessor-version":[{"id":25223,"href":"https:\/\/www.sportchaco.com.ar\/index.php?rest_route=\/wp\/v2\/posts\/25216\/revisions\/25223"}],"wp:featuredmedia":[{"embeddable":true,"href":"https:\/\/www.sportchaco.com.ar\/index.php?rest_route=\/wp\/v2\/media\/25217"}],"wp:attachment":[{"href":"https:\/\/www.sportchaco.com.ar\/index.php?rest_route=%2Fwp%2Fv2%2Fmedia&parent=25216"}],"wp:term":[{"taxonomy":"category","embeddable":true,"href":"https:\/\/www.sportchaco.com.ar\/index.php?rest_route=%2Fwp%2Fv2%2Fcategories&post=25216"},{"taxonomy":"post_tag","embeddable":true,"href":"https:\/\/www.sportchaco.com.ar\/index.php?rest_route=%2Fwp%2Fv2%2Ftags&post=25216"}],"curies":[{"name":"wp","href":"https:\/\/api.w.org\/{rel}","templated":true}]}}