{"id":25224,"date":"2025-09-11T23:15:23","date_gmt":"2025-09-12T02:15:23","guid":{"rendered":"https:\/\/www.sportchaco.com.ar\/?p=25224"},"modified":"2025-09-11T23:15:33","modified_gmt":"2025-09-12T02:15:33","slug":"efemerides-del-12-de-septiembre-2","status":"publish","type":"post","link":"https:\/\/www.sportchaco.com.ar\/?p=25224","title":{"rendered":"Efem\u00e9rides del 12 de septiembre"},"content":{"rendered":"<div class=\"container fullwidth-entry-title-wrapper\">\n<div class=\"container-wrapper fullwidth-entry-title\">\n<header class=\"entry-header-outer\">\n<div class=\"entry-header\">\n<h1 class=\"post-title entry-title\"><\/h1>\n<div class=\"single-post-meta post-meta clearfix\"><\/div>\n<\/div>\n<\/header>\n<\/div>\n<\/div>\n<div id=\"content\" class=\"site-content container\">\n<div id=\"main-content-row\" class=\"tie-row main-content-row\">\n<div class=\"main-content tie-col-md-8 tie-col-xs-12\" role=\"main\">\n<article id=\"the-post\" class=\"container-wrapper post-content tie-standard\">\n<div class=\"featured-area\">\n<div class=\"featured-area-inner\"><\/div>\n<\/div>\n<div class=\"entry-content entry clearfix\">\n<p><strong>Esta es la Efem\u00e9rides del Deporte en el Chaco de un 10 de septiembre del periodista Luis Dar\u00edo Molodezky.<\/strong><\/p>\n<p><strong>\u00a0<\/strong><\/p>\n<p><img loading=\"lazy\" decoding=\"async\" class=\"size-medium wp-image-24798 aligncenter\" src=\"https:\/\/www.sportchaco.com.ar\/wp-content\/uploads\/2025\/09\/Luis-carita-287x300.jpg\" alt=\"\" width=\"287\" height=\"300\" srcset=\"https:\/\/www.sportchaco.com.ar\/wp-content\/uploads\/2025\/09\/Luis-carita-287x300.jpg 287w, https:\/\/www.sportchaco.com.ar\/wp-content\/uploads\/2025\/09\/Luis-carita.jpg 430w\" sizes=\"auto, (max-width: 287px) 100vw, 287px\" \/><\/p>\n<p><strong>\u00a0<\/strong><\/p>\n<p><strong>1959\u00a0<\/strong>\/ Concluye en Santiago del Estero el Campeonato Nacional de Campeones de B\u00e1squetbol. Villa San Mart\u00edn se clasifica segundo al vencer a Hurac\u00e1n de Tucum\u00e1n por 65 a 60.<\/p>\n<p><strong>1969\u00a0<\/strong>\/ Nace la atleta Carolina Alejandra Guti\u00e9rrez. En el a\u00f1o 1987 fue consagrada como Deportista del A\u00f1o por el C\u00edrculo de Periodistas Deportivos del Chaco, cuando entreg\u00f3 por primera vez ese galard\u00f3n. Obtuvo t\u00edtulos nacionales y sudamericanos en juveniles y mayores, participando en el Heptatlon, aunque su especialidad fue los 100 metros con vallas.<\/p>\n<p>&nbsp;<\/p>\n<p><strong>2010 \/<\/strong> Convierte su primer gol con la camiseta de Boca Juan Manuel Insaurralde, quien hab\u00eda llegado meses antes desde \u00d1ewell&#8217;s Old Boys de Rosario. Fue en la victoria sobre Godoy Cruz de visitante 3-1. En el Chaco jug\u00f3 de ni\u00f1o en Municipales , hizo las inferiores y debut\u00f3 a Chacarita. Luego fue transferido a Spartak de Rusia, Paox de Grecia, Jaguares de Chiapas en M\u00e9xico, Independiente, Colo Colo y Sarmiento de Jun\u00edn. Tuvo una convocatoria a la Selecci\u00f3n de Maradona. Naci\u00f3 el 3 de octubre de 1984 y es padre de dos hijos.<\/p>\n<p>&nbsp;<\/p>\n<p>&nbsp;<\/p>\n<p><img decoding=\"async\" src=\"https:\/\/www.elgrafico.com.ar\/media\/cache\/pub_news_details_large\/media\/i\/57\/07\/5707a6216715d.jpg\" alt=\"Imagen \" \/><\/p>\n<p>A continuaci\u00f3n, un repaso por las efem\u00e9rides deportivas m\u00e1s destacadas del 12 de septiembre, tanto en Argentina como a nivel mundial:<\/p>\n<p>&nbsp;<\/p>\n<h3>Argentina<\/h3>\n<p>&nbsp;<\/p>\n<ul>\n<li><b>2007:<\/b> El legendario tenista argentino <b>Guillermo Vilas<\/b> fue incorporado al Sal\u00f3n de la Fama del Deporte Internacional Jud\u00edo, en Israel. Vilas fue reconocido por ser una de las figuras m\u00e1s importantes de la historia del tenis a nivel mundial.<\/li>\n<li><b>1993:<\/b> El piloto <b>Juan Mar\u00eda Traverso<\/b>, a bordo de su Renault Fuego, gan\u00f3 en el Aut\u00f3dromo de Buenos Aires la carrera de Turismo Carretera. Este fue uno de sus triunfos m\u00e1s recordados, ya que su auto termin\u00f3 con fuego en la parte trasera.<\/li>\n<\/ul>\n<p>&nbsp;<\/p>\n<h3>Mundo<\/h3>\n<p>&nbsp;<\/p>\n<ul>\n<li><b>2011:<\/b> El ciclista brit\u00e1nico <b>Mark Cavendish<\/b> se consagr\u00f3 campe\u00f3n del mundo de ciclismo en ruta al ganar el sprint final del Mundial de Copenhague.<\/li>\n<li><b>2008:<\/b> El velocista jamaiquino <b>Usain Bolt<\/b> se convirti\u00f3 en la persona m\u00e1s r\u00e1pida del mundo al batir su propio r\u00e9cord y establecer una nueva marca en los 100 metros llanos, con 9,69 segundos, durante los Juegos Ol\u00edmpicos de Pek\u00edn.<\/li>\n<li><b>1962:<\/b> El piloto brit\u00e1nico <b>Jim Clark<\/b> gan\u00f3 su primera carrera de F\u00f3rmula 1 en el Gran Premio de B\u00e9lgica.<\/li>\n<li><b>1953:<\/b> El equipo de b\u00e9isbol <b>Boston Red Sox<\/b> fue el primero en la historia de las Grandes Ligas en contratar un jugador afroamericano, el jardinero Pumpsie Green.<\/li>\n<\/ul>\n<\/div>\n<\/article>\n<\/div>\n<\/div>\n<\/div>\n","protected":false},"excerpt":{"rendered":"<p>Esta es la Efem\u00e9rides del Deporte en el Chaco de un 10 de septiembre del periodista Luis Dar\u00edo Molodezky. \u00a0 \u00a0 1959\u00a0\/ Concluye en Santiago del Estero el Campeonato Nacional de Campeones de B\u00e1squetbol. Villa San Mart\u00edn se clasifica segundo al vencer a Hurac\u00e1n de Tucum\u00e1n por 65 a 60. 1969\u00a0\/ Nace la atleta Carolina &hellip;<\/p>\n","protected":false},"author":2,"featured_media":25227,"comment_status":"open","ping_status":"open","sticky":false,"template":"","format":"standard","meta":{"footnotes":""},"categories":[45,39],"tags":[],"class_list":["post-25224","post","type-post","status-publish","format-standard","has-post-thumbnail","hentry","category-efemerides-dia-por-dia","category-septiembre"],"_links":{"self":[{"href":"https:\/\/www.sportchaco.com.ar\/index.php?rest_route=\/wp\/v2\/posts\/25224","targetHints":{"allow":["GET"]}}],"collection":[{"href":"https:\/\/www.sportchaco.com.ar\/index.php?rest_route=\/wp\/v2\/posts"}],"about":[{"href":"https:\/\/www.sportchaco.com.ar\/index.php?rest_route=\/wp\/v2\/types\/post"}],"author":[{"embeddable":true,"href":"https:\/\/www.sportchaco.com.ar\/index.php?rest_route=\/wp\/v2\/users\/2"}],"replies":[{"embeddable":true,"href":"https:\/\/www.sportchaco.com.ar\/index.php?rest_route=%2Fwp%2Fv2%2Fcomments&post=25224"}],"version-history":[{"count":3,"href":"https:\/\/www.sportchaco.com.ar\/index.php?rest_route=\/wp\/v2\/posts\/25224\/revisions"}],"predecessor-version":[{"id":25228,"href":"https:\/\/www.sportchaco.com.ar\/index.php?rest_route=\/wp\/v2\/posts\/25224\/revisions\/25228"}],"wp:featuredmedia":[{"embeddable":true,"href":"https:\/\/www.sportchaco.com.ar\/index.php?rest_route=\/wp\/v2\/media\/25227"}],"wp:attachment":[{"href":"https:\/\/www.sportchaco.com.ar\/index.php?rest_route=%2Fwp%2Fv2%2Fmedia&parent=25224"}],"wp:term":[{"taxonomy":"category","embeddable":true,"href":"https:\/\/www.sportchaco.com.ar\/index.php?rest_route=%2Fwp%2Fv2%2Fcategories&post=25224"},{"taxonomy":"post_tag","embeddable":true,"href":"https:\/\/www.sportchaco.com.ar\/index.php?rest_route=%2Fwp%2Fv2%2Ftags&post=25224"}],"curies":[{"name":"wp","href":"https:\/\/api.w.org\/{rel}","templated":true}]}}