{"id":25229,"date":"2025-09-11T10:24:10","date_gmt":"2025-09-11T13:24:10","guid":{"rendered":"https:\/\/www.sportchaco.com.ar\/?p=25229"},"modified":"2025-09-11T10:35:31","modified_gmt":"2025-09-11T13:35:31","slug":"carlos-oddi-la-fortaleza-mental-es-la-que-marca-la-diferencia-en-el-deporte","status":"publish","type":"post","link":"https:\/\/www.sportchaco.com.ar\/?p=25229","title":{"rendered":"Carlos Oddi: \u201cLa fortaleza mental es la que marca la diferencia en el deporte\u201d"},"content":{"rendered":"<p>&nbsp;<\/p>\n<p>&nbsp;<\/p>\n<p>Por LUIS DARIO MOLODEZKY <img loading=\"lazy\" decoding=\"async\" class=\"alignnone wp-image-25237\" src=\"https:\/\/www.sportchaco.com.ar\/wp-content\/uploads\/2025\/09\/Luis-carita-1-287x300.jpg\" alt=\"\" width=\"58\" height=\"61\" srcset=\"https:\/\/www.sportchaco.com.ar\/wp-content\/uploads\/2025\/09\/Luis-carita-1-287x300.jpg 287w, https:\/\/www.sportchaco.com.ar\/wp-content\/uploads\/2025\/09\/Luis-carita-1.jpg 430w\" sizes=\"auto, (max-width: 58px) 100vw, 58px\" \/><\/p>\n<p><strong>El preparador f\u00edsico chaque\u00f1o Carlos Oddi, nacido en Resistencia en 1964, repasa sus recuerdos de infancia en el barrio de la Plaza Espa\u00f1a, su v\u00ednculo con el f\u00fatbol, su experiencia en el rugby y el hockey, y reflexiona sobre la Selecci\u00f3n Argentina, Messi y la evoluci\u00f3n de la preparaci\u00f3n deportiva. En su nombre el homenaje a todos los maestros.<\/strong><\/p>\n<p><strong>Infancia y primeras canchas<\/strong><\/p>\n<p>Carlos Alejandro Oddi naci\u00f3 en Resistencia el 14 de abril de 1964. Sus primeros recuerdos deportivos lo llevan a la vieja Plaza Espa\u00f1a y a las canchas de chapa que se levantaban en la zona. \u201cYo viv\u00eda hasta los nueve a\u00f1os entre Cervantes y Castelli. A dos cuadras ten\u00edamos la cancha de Centro Norte, donde me crie\u201d, recuerda.<\/p>\n<p>La pasi\u00f3n por el deporte lo marc\u00f3 desde peque\u00f1o. \u201cMe acuerdo de recitales de Cafrune en el 72. Era todo un mundo alrededor de la plaza: el club, la m\u00fasica, el folklore\u201d, rememora con una sonrisa.<\/p>\n<p><strong>Los jugadores chaque\u00f1os que llegaron<\/strong><\/p>\n<p>Oddi repasa la historia de varios futbolistas de la regi\u00f3n que se probaron en el profesionalismo. \u201cEl caso de Richi Soto, que debut\u00f3 en Racing en una huelga de Primera Divisi\u00f3n, pero se volvi\u00f3 porque extra\u00f1aba al Chaco. Ten\u00eda una categor\u00eda tremenda\u201d, se\u00f1ala.<\/p>\n<p>Para el preparador f\u00edsico, no siempre el talento es suficiente: \u201cMuchos jugadores se fueron a equipos profesionales y no tuvieron la fortaleza para soportar estar solos, lejos de la familia. La diferencia la hace la cabeza. Palavecino, por ejemplo, sab\u00eda que extra\u00f1aba, pero ten\u00eda claro que quer\u00eda llegar y lo logr\u00f3\u201d.<\/p>\n<p><img loading=\"lazy\" decoding=\"async\" class=\"alignnone size-medium wp-image-25233\" src=\"https:\/\/www.sportchaco.com.ar\/wp-content\/uploads\/2025\/09\/Carlos-Oddi-11-169x300.jpg\" alt=\"\" width=\"169\" height=\"300\" srcset=\"https:\/\/www.sportchaco.com.ar\/wp-content\/uploads\/2025\/09\/Carlos-Oddi-11-169x300.jpg 169w, https:\/\/www.sportchaco.com.ar\/wp-content\/uploads\/2025\/09\/Carlos-Oddi-11-576x1024.jpg 576w, https:\/\/www.sportchaco.com.ar\/wp-content\/uploads\/2025\/09\/Carlos-Oddi-11.jpg 720w\" sizes=\"auto, (max-width: 169px) 100vw, 169px\" \/>}<\/p>\n<p><img loading=\"lazy\" decoding=\"async\" class=\"alignnone wp-image-25231\" src=\"https:\/\/www.sportchaco.com.ar\/wp-content\/uploads\/2025\/09\/Carlos-Oddi-estudios-utn-15-12-22-300x175.jpeg\" alt=\"\" width=\"406\" height=\"237\" \/><\/p>\n<p><strong>Rugby, hockey y nuevas experiencias<\/strong><\/p>\n<p>Adem\u00e1s del f\u00fatbol, Oddi se vincul\u00f3 con otras disciplinas. \u201cTrabaj\u00e9 en CUNE en los a\u00f1os 2000 y 2002, en una etapa de transici\u00f3n del club. Aprend\u00ed mucho del rugby, un deporte muy especial, donde se avanza pasando para atr\u00e1s. Si no entend\u00e9s el juego, no lo disfrut\u00e1s\u201d, relata.<\/p>\n<p>Tambi\u00e9n tuvo un paso por el hockey, acompa\u00f1ando al equipo de Regatas en un torneo nacional en Tucum\u00e1n. \u201cNunca imagin\u00e9 la explosi\u00f3n que iba a tener el hockey femenino en el pa\u00eds. Luciana Aymar fue lo que Guillermo Vilas fue para el tenis: la bandera de un deporte\u201d.<\/p>\n<p><img decoding=\"async\" src=\"https:\/\/www.sportchaco.com.ar\/wp-content\/uploads\/2025\/09\/Carlos-Oddi-91-uno-15-12-22-300x202.jpeg\" \/><\/p>\n<p><strong>Preparaci\u00f3n f\u00edsica: una profesi\u00f3n en constante evoluci\u00f3n<\/strong><\/p>\n<p>Oddi se form\u00f3 con referentes de gran trayectoria. \u201cTuve como profesor a Jes\u00fas L\u00f3pez Gordaz, que me inculc\u00f3 la pasi\u00f3n por la preparaci\u00f3n f\u00edsica, y la influencia de Carlos M\u00e1rcico, que me dec\u00eda: <em>no te quedes con esto, siempre hay algo m\u00e1s para aprender<\/em>\u201d, cuenta.<\/p>\n<p>Particip\u00f3 de los recordados simposios organizados por Juan Carlos Mazza en los a\u00f1os 90, donde se encontraban figuras internacionales. \u201cAh\u00ed aprendimos de entrenadores de Rusia, de Estados Unidos, de Cuba. Fue una etapa maravillosa para el desarrollo del deporte en Argentina\u201d, recuerda.<\/p>\n<p><strong>La Selecci\u00f3n y el orgullo argentino<\/strong><\/p>\n<p>Al hablar de la actualidad, Oddi no oculta su entusiasmo por la Scaloneta. \u201cEstoy ilusionado. Veo un grupo s\u00f3lido, un equipo fuerte, con un arquero que no ten\u00edamos en nuestro registro y jugadores que se potenciaron en la Selecci\u00f3n, como Mac Allister o Enzo Fern\u00e1ndez\u201d, sostiene.<\/p>\n<p>En cuanto a Messi, no duda: \u201cNos toca disfrutar a un fen\u00f3meno. Guardiola dec\u00eda que escanea la cancha cuando no tiene la pelota, y es cierto. Messi es \u00fanico\u201d.<\/p>\n<p>Sobre las comparaciones con Diego Maradona, es tajante: \u201cNo hay que compararlos. Son \u00e9pocas distintas, contextos distintos. Tuvimos la suerte de disfrutar a los dos, y eso es un privilegio\u201d.<\/p>\n<p><strong>Una vida dedicada al deporte<\/strong><\/p>\n<p>Con m\u00e1s de tres d\u00e9cadas en la preparaci\u00f3n f\u00edsica, Carlos Oddi mantiene la misma pasi\u00f3n de siempre. \u201cEl entrenamiento es din\u00e1mico, como la medicina deportiva. Todo el tiempo hay que actualizarse. Lo importante es que el deportista rinda y disfrute de su actividad\u201d, resume.<\/p>\n<p>Y antes de despedirse, deja un recuerdo especial: \u201cQuiero nombrar a Miguel Fern\u00e1ndez, nuestro amigo, que siempre est\u00e1 en el coraz\u00f3n\u201d.<\/p>\n<p>&nbsp;<\/p>\n<p>&nbsp;<\/p>\n<p><strong><img loading=\"lazy\" decoding=\"async\" class=\"alignnone wp-image-25237\" src=\"https:\/\/www.sportchaco.com.ar\/wp-content\/uploads\/2025\/09\/Luis-carita-1-287x300.jpg\" alt=\"\" width=\"49\" height=\"52\" srcset=\"https:\/\/www.sportchaco.com.ar\/wp-content\/uploads\/2025\/09\/Luis-carita-1-287x300.jpg 287w, https:\/\/www.sportchaco.com.ar\/wp-content\/uploads\/2025\/09\/Luis-carita-1.jpg 430w\" sizes=\"auto, (max-width: 49px) 100vw, 49px\" \/>LUIS DARIO MOLODEZKY<\/strong><\/p>\n","protected":false},"excerpt":{"rendered":"<p>&nbsp; &nbsp; Por LUIS DARIO MOLODEZKY El preparador f\u00edsico chaque\u00f1o Carlos Oddi, nacido en Resistencia en 1964, repasa sus recuerdos de infancia en el barrio de la Plaza Espa\u00f1a, su v\u00ednculo con el f\u00fatbol, su experiencia en el rugby y el hockey, y reflexiona sobre la Selecci\u00f3n Argentina, Messi y la evoluci\u00f3n de la preparaci\u00f3n &hellip;<\/p>\n","protected":false},"author":2,"featured_media":25231,"comment_status":"open","ping_status":"open","sticky":false,"template":"","format":"standard","meta":{"footnotes":""},"categories":[44],"tags":[],"class_list":["post-25229","post","type-post","status-publish","format-standard","has-post-thumbnail","hentry","category-varios"],"_links":{"self":[{"href":"https:\/\/www.sportchaco.com.ar\/index.php?rest_route=\/wp\/v2\/posts\/25229","targetHints":{"allow":["GET"]}}],"collection":[{"href":"https:\/\/www.sportchaco.com.ar\/index.php?rest_route=\/wp\/v2\/posts"}],"about":[{"href":"https:\/\/www.sportchaco.com.ar\/index.php?rest_route=\/wp\/v2\/types\/post"}],"author":[{"embeddable":true,"href":"https:\/\/www.sportchaco.com.ar\/index.php?rest_route=\/wp\/v2\/users\/2"}],"replies":[{"embeddable":true,"href":"https:\/\/www.sportchaco.com.ar\/index.php?rest_route=%2Fwp%2Fv2%2Fcomments&post=25229"}],"version-history":[{"count":6,"href":"https:\/\/www.sportchaco.com.ar\/index.php?rest_route=\/wp\/v2\/posts\/25229\/revisions"}],"predecessor-version":[{"id":25240,"href":"https:\/\/www.sportchaco.com.ar\/index.php?rest_route=\/wp\/v2\/posts\/25229\/revisions\/25240"}],"wp:featuredmedia":[{"embeddable":true,"href":"https:\/\/www.sportchaco.com.ar\/index.php?rest_route=\/wp\/v2\/media\/25231"}],"wp:attachment":[{"href":"https:\/\/www.sportchaco.com.ar\/index.php?rest_route=%2Fwp%2Fv2%2Fmedia&parent=25229"}],"wp:term":[{"taxonomy":"category","embeddable":true,"href":"https:\/\/www.sportchaco.com.ar\/index.php?rest_route=%2Fwp%2Fv2%2Fcategories&post=25229"},{"taxonomy":"post_tag","embeddable":true,"href":"https:\/\/www.sportchaco.com.ar\/index.php?rest_route=%2Fwp%2Fv2%2Ftags&post=25229"}],"curies":[{"name":"wp","href":"https:\/\/api.w.org\/{rel}","templated":true}]}}